{"id":94003,"date":"2025-09-22T09:45:16","date_gmt":"2025-09-22T14:45:16","guid":{"rendered":"https:\/\/www.evafm.net\/sitio\/?p=94003"},"modified":"2025-09-22T09:45:16","modified_gmt":"2025-09-22T14:45:16","slug":"rescalvo-tras-la-victoria-de-bsc-en-cuenca","status":"publish","type":"post","link":"https:\/\/www.evafm.net\/sitio\/rescalvo-tras-la-victoria-de-bsc-en-cuenca\/","title":{"rendered":"Rescalvo tras la victoria de BSC en Cuenca"},"content":{"rendered":"<p>Tras la trabajada victoria de <strong>Barcelona SC<\/strong> en su visita a <strong>Deportivo Cuenca,<\/strong> el entrenador amarillo,<strong> Ismael Rescalvo,<\/strong> destac\u00f3 la importancia de sumar tres puntos en un partido exigente.<\/p>\n<p>\u201cFue un partido abierto, entendimos la dificultad que presentaba el rival. Lo importante fue conseguir el triunfo, que fue lo que vinimos a buscar\u201d, expres\u00f3 el estratega.<\/p>\n<p>Rescalvo tambi\u00e9n resalt\u00f3 la solidez defensiva del equipo, que complet\u00f3 dos encuentros consecutivos como visitante sin recibir goles.<\/p>\n<p>\u201cEl equipo tuvo contundencia defensiva, jugamos 2 partidos fuera de casa y mantenemos el arco en 0\u201d, se\u00f1al\u00f3, valorando el orden t\u00e1ctico y la concentraci\u00f3n de sus dirigidos.<\/p>\n<p>Pensando en la pr\u00f3xima jornada de la LigaPro Ecuabet, el DT puso la mira en el duelo frente a Aucas en el estadio Monumental.<\/p>\n<p>\u201cAhora tenemos que ganar en casa, contra un rival complicado como Aucas.<\/p>\n<p>Tenemos la obligaci\u00f3n de seguir mejorando como equipo\u201d, concluy\u00f3 Rescalvo, convencido de que el \u201c\u00cddolo\u201d debe sostener su buen momento ante su afici\u00f3n.<strong>(D)<\/strong><\/p>\n<p>&nbsp;<\/p>\n<p><strong>Fuente<\/strong>: evafm.net &#8211; studiofutbol.com.ec<\/p>\n<div class=\"gsp_post_data\" \r\n\t            data-post_type=\"post\" \r\n\t            data-cat=\"deportes-ecuador\" \r\n\t            data-modified=\"120\"\r\n\t            data-created=\"1758534316\"\r\n\t            data-title=\"Rescalvo tras la victoria de BSC en Cuenca\" \r\n\t            data-home=\"https:\/\/www.evafm.net\/sitio\"><\/div>","protected":false},"excerpt":{"rendered":"<p>Tras la trabajada victoria de Barcelona SC en su visita a Deportivo Cuenca, el entrenador amarillo, Ismael Rescalvo, destac\u00f3 la importancia de sumar tres puntos en un partido exigente. \u201cFue un partido abierto, entendimos la dificultad que presentaba el rival. Lo importante fue conseguir el triunfo, que fue lo que vinimos a buscar\u201d, expres\u00f3 el&#8230;<\/p>\n","protected":false},"author":5,"featured_media":94004,"comment_status":"closed","ping_status":"open","sticky":false,"template":"","format":"standard","meta":{"_joinchat":[],"footnotes":""},"categories":[1557],"tags":[],"class_list":["post-94003","post","type-post","status-publish","format-standard","has-post-thumbnail","hentry","category-deportes-ecuador","have-post-thumb"],"_links":{"self":[{"href":"https:\/\/www.evafm.net\/sitio\/wp-json\/wp\/v2\/posts\/94003","targetHints":{"allow":["GET"]}}],"collection":[{"href":"https:\/\/www.evafm.net\/sitio\/wp-json\/wp\/v2\/posts"}],"about":[{"href":"https:\/\/www.evafm.net\/sitio\/wp-json\/wp\/v2\/types\/post"}],"author":[{"embeddable":true,"href":"https:\/\/www.evafm.net\/sitio\/wp-json\/wp\/v2\/users\/5"}],"replies":[{"embeddable":true,"href":"https:\/\/www.evafm.net\/sitio\/wp-json\/wp\/v2\/comments?post=94003"}],"version-history":[{"count":1,"href":"https:\/\/www.evafm.net\/sitio\/wp-json\/wp\/v2\/posts\/94003\/revisions"}],"predecessor-version":[{"id":94005,"href":"https:\/\/www.evafm.net\/sitio\/wp-json\/wp\/v2\/posts\/94003\/revisions\/94005"}],"wp:featuredmedia":[{"embeddable":true,"href":"https:\/\/www.evafm.net\/sitio\/wp-json\/wp\/v2\/media\/94004"}],"wp:attachment":[{"href":"https:\/\/www.evafm.net\/sitio\/wp-json\/wp\/v2\/media?parent=94003"}],"wp:term":[{"taxonomy":"category","embeddable":true,"href":"https:\/\/www.evafm.net\/sitio\/wp-json\/wp\/v2\/categories?post=94003"},{"taxonomy":"post_tag","embeddable":true,"href":"https:\/\/www.evafm.net\/sitio\/wp-json\/wp\/v2\/tags?post=94003"}],"curies":[{"name":"wp","href":"https:\/\/api.w.org\/{rel}","templated":true}]}}