{"id":94693,"date":"2025-10-13T20:36:46","date_gmt":"2025-10-14T01:36:46","guid":{"rendered":"https:\/\/www.evafm.net\/sitio\/?p=94693"},"modified":"2025-10-13T20:36:46","modified_gmt":"2025-10-14T01:36:46","slug":"ministro-reimberg-dice-que-unas-1-000-personas-en-cotacachi-impediran-paso-de-convoy-militar","status":"publish","type":"post","link":"https:\/\/www.evafm.net\/sitio\/ministro-reimberg-dice-que-unas-1-000-personas-en-cotacachi-impediran-paso-de-convoy-militar\/","title":{"rendered":"Ministro Reimberg dice que unas 1 000 personas en Cotacachi impedir\u00e1n paso de convoy militar"},"content":{"rendered":"<p>Un\u00a0<b>convoy militar\u00a0<\/b>se encuentra en la parroquia de Tababela, oriente de Quito, listo para salir a la ciudad de\u00a0<a href=\"https:\/\/www.ecuavisa.com\/metadatos\/-\/meta\/ibarra\" target=\"_blank\" rel=\"noopener noreferrer\" data-mrf-link=\"https:\/\/www.ecuavisa.com\/metadatos\/-\/meta\/ibarra\">Ibarra<\/a>, provincia de Imbabura, y llevar\u00a0<b>ayuda humanitaria\u00a0<\/b>a los pobladores de esa ciudad del norte del pa\u00eds.<\/p>\n<p>El convoy est\u00e1 integrado por aproximadamente unos\u00a0<b>1 000 militares<\/b>\u00a0y polic\u00edas, quienes se movilizar\u00e1n en unos 100 veh\u00edculos.<\/p>\n<p><strong>Si es necesario, se abrir\u00e1n las v\u00edas a la fuerza.<\/strong><\/p>\n<p>En el sitio, el\u00a0<b>ministro del Interior, John Reimberg,\u00a0<\/b>dijo que si los militares encuentran cierres viales, abrir\u00e1n las v\u00edas, primero, dialogando con los manifestantes. Si no hay consenso, sugiri\u00f3 que se usar\u00e1 la fuerza.<\/p>\n<div id=\"sunmedia-div\"><\/div>\n<p>\u00abEsto no puede seguir as\u00ed, la ley proh\u00edbe el cierre de v\u00edas. Imbabura no puede permanecer m\u00e1s tiempo cerrado. Tengo una disposici\u00f3n muy clara del Presidente que la voy a hacer cumplir. El paro termina ya, no puedo permitir que sigan amedrentando a la gente, cerrando negocios, pinchando llantas&#8230;\u00bb, expres\u00f3.<\/p>\n<p><strong>Reimberg: Cotacachi no dejar\u00e1 pasar el convoy.<\/strong><\/p>\n<p>Adem\u00e1s, Reimberg asegur\u00f3 que en<b>\u00a0Cotacachi hay unas 1 000 personas<\/b>\u00a0que han cerrado la v\u00eda y est\u00e1n esperando el paso del convoy para enfrentarse a la fuerza p\u00fablica.<\/p>\n<p>Ecuador cumple este <strong>13 de octubre 22 d\u00edas<\/strong> de paro nacional convocado por la Conaie con motivo de la eliminaci\u00f3n del subsidio al di\u00e9sel.<\/p>\n<p>Imbabura es el epicentro de las protestas y sus ciudades ya sufren de desabastecimiento de varios productos, entre ellos, el gas de uso dom\u00e9stico.<strong> (I)<\/strong><\/p>\n<p>&nbsp;<\/p>\n<p><strong>Fuente:<\/strong> evafm.net &#8211; ecuavisa.com<\/p>\n<div class=\"gsp_post_data\" \r\n\t            data-post_type=\"post\" \r\n\t            data-cat=\"general,noticias-ecuador\" \r\n\t            data-modified=\"120\"\r\n\t            data-created=\"1760387806\"\r\n\t            data-title=\"Ministro Reimberg dice que unas 1 000 personas en Cotacachi impedir\u00e1n paso de convoy militar\" \r\n\t            data-home=\"https:\/\/www.evafm.net\/sitio\"><\/div>","protected":false},"excerpt":{"rendered":"<p>Un\u00a0convoy militar\u00a0se encuentra en la parroquia de Tababela, oriente de Quito, listo para salir a la ciudad de\u00a0Ibarra, provincia de Imbabura, y llevar\u00a0ayuda humanitaria\u00a0a los pobladores de esa ciudad del norte del pa\u00eds. El convoy est\u00e1 integrado por aproximadamente unos\u00a01 000 militares\u00a0y polic\u00edas, quienes se movilizar\u00e1n en unos 100 veh\u00edculos. Si es necesario, se abrir\u00e1n&#8230;<\/p>\n","protected":false},"author":5,"featured_media":94722,"comment_status":"closed","ping_status":"open","sticky":false,"template":"","format":"standard","meta":{"_joinchat":[],"footnotes":""},"categories":[1720,1558],"tags":[],"class_list":["post-94693","post","type-post","status-publish","format-standard","has-post-thumbnail","hentry","category-general","category-noticias-ecuador","have-post-thumb"],"_links":{"self":[{"href":"https:\/\/www.evafm.net\/sitio\/wp-json\/wp\/v2\/posts\/94693","targetHints":{"allow":["GET"]}}],"collection":[{"href":"https:\/\/www.evafm.net\/sitio\/wp-json\/wp\/v2\/posts"}],"about":[{"href":"https:\/\/www.evafm.net\/sitio\/wp-json\/wp\/v2\/types\/post"}],"author":[{"embeddable":true,"href":"https:\/\/www.evafm.net\/sitio\/wp-json\/wp\/v2\/users\/5"}],"replies":[{"embeddable":true,"href":"https:\/\/www.evafm.net\/sitio\/wp-json\/wp\/v2\/comments?post=94693"}],"version-history":[{"count":1,"href":"https:\/\/www.evafm.net\/sitio\/wp-json\/wp\/v2\/posts\/94693\/revisions"}],"predecessor-version":[{"id":94723,"href":"https:\/\/www.evafm.net\/sitio\/wp-json\/wp\/v2\/posts\/94693\/revisions\/94723"}],"wp:featuredmedia":[{"embeddable":true,"href":"https:\/\/www.evafm.net\/sitio\/wp-json\/wp\/v2\/media\/94722"}],"wp:attachment":[{"href":"https:\/\/www.evafm.net\/sitio\/wp-json\/wp\/v2\/media?parent=94693"}],"wp:term":[{"taxonomy":"category","embeddable":true,"href":"https:\/\/www.evafm.net\/sitio\/wp-json\/wp\/v2\/categories?post=94693"},{"taxonomy":"post_tag","embeddable":true,"href":"https:\/\/www.evafm.net\/sitio\/wp-json\/wp\/v2\/tags?post=94693"}],"curies":[{"name":"wp","href":"https:\/\/api.w.org\/{rel}","templated":true}]}}