{"id":94699,"date":"2025-10-13T20:39:52","date_gmt":"2025-10-14T01:39:52","guid":{"rendered":"https:\/\/www.evafm.net\/sitio\/?p=94699"},"modified":"2025-10-13T20:39:52","modified_gmt":"2025-10-14T01:39:52","slug":"donald-trump-hablo-ante-el-parlamento-de-israel-en-un-dia-historico","status":"publish","type":"post","link":"https:\/\/www.evafm.net\/sitio\/donald-trump-hablo-ante-el-parlamento-de-israel-en-un-dia-historico\/","title":{"rendered":"Donald Trump habl\u00f3 ante el Parlamento de Israel en un d\u00eda hist\u00f3rico:"},"content":{"rendered":"<p><i>Desde Israel.-\u00a0<\/i><b>Donald Trump\u00a0<\/b>ingres\u00f3 al pleno de la Knesset cinco minutos antes de las 13, hora local, y tras una ovaci\u00f3n de m\u00e1s de tres minutos, pronunci\u00f3 su discurso en un clima de emoci\u00f3n, dentro y fuera del Parlamento. Hoy,\u00a0<b>despu\u00e9s de\u00a0<\/b><a title=\"https:\/\/www.infobae.com\/america\/mundo\/2025\/10\/13\/el-grupo-terrorista-hamas-libera-a-los-rehenes-israelies-tras-mas-de-dos-anos-secuestrados-en-gaza\/\" href=\"https:\/\/www.infobae.com\/america\/mundo\/2025\/10\/13\/el-grupo-terrorista-hamas-libera-a-los-rehenes-israelies-tras-mas-de-dos-anos-secuestrados-en-gaza\/\" target=\"_blank\" rel=\"noopener noreferrer\" data-mrf-link=\"https:\/\/www.infobae.com\/america\/mundo\/2025\/10\/13\/el-grupo-terrorista-hamas-libera-a-los-rehenes-israelies-tras-mas-de-dos-anos-secuestrados-en-gaza\/\"><b>738 d\u00edas<\/b><\/a><b>\u00a0ya no hay m\u00e1s secuestrados con vida en poder del grupo terrorista Hamas. Termin\u00f3 la guerra en Gaza.<\/b><\/p>\n<p class=\"paragraph\" data-mrf-recirculation=\"Links inline\">\u201cHoy los cielos est\u00e1n en calma, las armas callan, las sirenas se han apagado y el sol sale sobre una tierra santa que por fin est\u00e1 en paz\u201d, afirm\u00f3 el norteamericano. Y agreg\u00f3: \u201cEsta tierra y esta regi\u00f3n, si Dios quiere, vivir\u00e1 en paz por toda la eternidad.<\/p>\n<div class=\"inline ad-wrapper\">\n<div class=\"dfpAd ad-inline\"><\/div>\n<\/div>\n<p class=\"paragraph\" data-mrf-recirculation=\"Links inline\">El norteamericano record\u00f3 que nadie pensaba que iba a lograrlo. Que siempre lo atacaban marcando su estilo confrontativo. Sin embargo, afirm\u00f3, se consigui\u00f3 el acuerdo.\u00a0<b>\u201c\u00a1Qu\u00e9 bien se siente decirlo, los 20 rehenes est\u00e1n de regreso!\u201d.<\/b><\/p>\n<p data-mrf-recirculation=\"Links inline\">El mandatario norteamericano remarc\u00f3 que no solo buscaba el regreso de los rehenes, sino buscar\u00e1 mantener el acuerdo y hacerlo duradero. \u201c<b>Esto no es solo el final de una guerra, es el final de una era de terror y el comienzo de una era de fe y esperanza<\/b>, y de Dios. Es el comienzo de una gran concordia y una armon\u00eda duradera para todas las naciones de lo que pronto ser\u00e1 una regi\u00f3n verdaderamente magn\u00edfica. Lo creo firmemente.\u00a0<b>Este es el amanecer hist\u00f3rico de un nuevo Medio Oriente\u00bb<\/b>.<\/p>\n<p data-mrf-recirculation=\"Links inline\">Para Trump, \u201ca medida que el polvo se asienta, el humo se disipa, los escombros se retiran y las cenizas se limpian del aire, amanece en una regi\u00f3n transformada y un futuro hermoso y mucho m\u00e1s brillante aparece de repente al alcance.\u00a0<b>Este es un momento muy emocionante para Israel y para todo Oriente Medio, porque en toda la regi\u00f3n, las fuerzas del caos, el terror y la ruina que la han asolado durante d\u00e9cadas se encuentran ahora debilitadas, aisladas y totalmente derrotadas\u00bb<\/b>.<\/p>\n<p class=\"paragraph\" data-mrf-recirculation=\"Links inline\">Y casi con tono de promesa dijo: \u201cEst\u00e1 surgiendo una nueva coalici\u00f3n de naciones orgullosas y responsables. Y gracias a nosotros,\u00a0<b>los enemigos de toda civilizaci\u00f3n est\u00e1n en retirada\u201d.<\/b><\/p>\n<p class=\"paragraph\" data-mrf-recirculation=\"Links inline\">\u201cDesde el 7 de octubre hasta esta semana, Israel ha sido una naci\u00f3n en guerra, soportando cargas que solo un pueblo orgulloso y fiel podr\u00eda soportar. Fue un per\u00edodo muy dif\u00edcil. Para tantas familias de todo el pa\u00eds, han pasado a\u00f1os desde que conocieron un solo d\u00eda de verdadera paz.\u00a0<b>Pero ahora, por fin, no solo para los israel\u00edes, sino tambi\u00e9n para los palestinos y para muchos otros, la larga y dolorosa pesadilla ha terminado por fin\u00bb<\/b>.<\/p>\n<p class=\"paragraph\" data-mrf-recirculation=\"Links inline\">El norteamericano adelant\u00f3, tambi\u00e9n, que en la cumbre de Egipto con los pa\u00edses \u00e1rabes buscar\u00e1 mayor cooperaci\u00f3n con israel, como sucede con las cuatro naciones que firmaron los Acuerdos de Abraham durante su primera presidencia. \u201cAhora, cuando los vea, les voy a decir que nos encantar\u00eda que todos se unan\u201d.<\/p>\n<p class=\"paragraph\" data-mrf-recirculation=\"Links inline\">Durante su discurso, incluso se permiti\u00f3 insistir en una unidad pol\u00edtica en Israel. \u201cYa no est\u00e1s en guerra, pod\u00e9s ser m\u00e1s amable, Bibi\u201d, le dijo a Netanyahu mientras se\u00f1alaba a Yair Lapid, el l\u00edder de la oposici\u00f3n en busca de un acercamiento. As\u00ed como lo presion\u00f3, tambi\u00e9n busc\u00f3 mostrar su respaldo y en un comentario inesperado, se dirigi\u00f3 al presidente israel\u00ed, Isaac Herzog. \u201cOiga, tengo una idea. \u00bfpor qu\u00e9 no le concede el indulto?\u201c, dijo Trump buscando ayudar a su aliado en algunas de los m\u00faltiples procesos judiciales en los que est\u00e1 acusado de corrupci\u00f3n. Y agreg\u00f3 con mirada c\u00f3mplice: \u201dEsto no estaba en el discurso, como probablemente sabr\u00e1n. Pero resulta que me cae bien este caballero que est\u00e1 aqu\u00ed (por Netanyahu), y me parece que tiene mucho sentido\u00bb.<\/p>\n<p class=\"paragraph\" data-mrf-recirculation=\"Links inline\"><strong>Un mensaje a los palestinos.<\/strong><\/p>\n<p data-mrf-recirculation=\"Links inline\">El norteamericano aprovecho los micr\u00f3fonos para hablarle al pueblo palestino, los inst\u00f3 a desmarcarse del extremismo despu\u00e9s del alto el fuego. \u201cLa elecci\u00f3n para los palestinos no puede ser m\u00e1s clara. Es su oportunidad de alejarse para siempre de la v\u00eda del terrorismo y la violencia\u201d, afirm\u00f3.<\/p>\n<p data-mrf-recirculation=\"Links inline\"><strong>Menos de 24 hs en Medio Oriente en busca de la paz.<\/strong><\/p>\n<p class=\"paragraph\" data-mrf-recirculation=\"Links inline\">El mandatario estadounidense lleg\u00f3 a\u00a0<b>Israel<\/b>\u00a0esta ma\u00f1ana a las 9:30, fue recibido en el aeropuerto\u00a0<b>Ben-Guri\u00f3n<\/b>\u00a0por el presidente\u00a0<b>Isaac Herzog<\/b>\u00a0y el primer ministro\u00a0<b>Benjamin Netanyahu<\/b>. La agenda oficial incluy\u00f3 reuniones privadas con Netanyahu y su hist\u00f3rio discurso en la\u00a0<b>Knesset.<\/b><\/p>\n<p class=\"paragraph\" data-mrf-recirculation=\"Links inline\">El acuerdo alcanzado, resultado de intensas negociaciones en las que Trump desempe\u00f1\u00f3 un papel central, empez\u00f3 a cumplirse esta ma\u00f1ana cuando comenzaron las liberaciones de los secuestrados con vida que permanec\u00edan cautivos del grupoterrorista Hamas en Gaza desde hace m\u00e1s de dos a\u00f1os.<\/p>\n<p class=\"paragraph\" data-mrf-recirculation=\"Links inline\">La visi\u00f3n del norteamericano se centr\u00f3 en lograr resultados concretos a corto plazo, sin abordar de inmediato los temas m\u00e1s complejos. \u201cSi se hubi\u00e9ra intentado una negociaci\u00f3n de paquete completo, no habr\u00edamos alcanzado estos resultados\u201d, deslizaron d\u00edas atr\u00e1s&#8230;\u00a0<b>Ahora comienza la segunda fase<\/b>, tan compleja &#8211;<i>a priori-\u00a0<\/i>como lograr las liberaciones. Es que aunque el pacto representa un gran avance, sus l\u00edmites son evidentes: no implica el desarme inmediato de Hamas ni una retirada total de las fuerzas israel\u00edes.<\/p>\n<p class=\"paragraph\" data-mrf-recirculation=\"Links inline\">Tas su paso rel\u00e1mpago por Israel, el norteamericano volar\u00e1 a la ciudad egipcia de\u00a0<b>Sharm el Sheij<\/b>, donde m\u00e1s de 20 l\u00edderes mundiales, entre ellos los mandatarios de\u00a0<b>Reino Unido<\/b>,\u00a0<b>Italia<\/b>,\u00a0<b>Espa\u00f1a<\/b>\u00a0y\u00a0<b>Francia<\/b>, confirmaron su asistencia a la cumbre copresidida con el jefe de Estado egipcio\u00a0<b>Abdelfat\u00e1 al Sisi<\/b>. El objetivo central del encuentro es firmar el acuerdo que ponga fin a la guerra en Gaza y siente las bases para una nueva etapa de estabilidad en Oriente Medio.<\/p>\n<p class=\"paragraph\" data-mrf-recirculation=\"Links inline\">El primer ministro de\u00a0<b>Qatar<\/b>,\u00a0<b>Sheikh Mohammed bin Abdulrahman Al Thani<\/b>, afirm\u00f3 que \u201cHamas est\u00e1 dispuesto a discutir c\u00f3mo no representar\u00e1 una amenaza para Israel\u201d, aunque ning\u00fan dirigente del grupo terrorista confirm\u00f3 p\u00fablicamente esa disposici\u00f3n ni acept\u00f3 el desarme total. La comunidad internacional, por su parte, insiste en la necesidad de avanzar hacia la reconstrucci\u00f3n de Gaza y la creaci\u00f3n de un Estado palestino, aunque persisten las dudas sobre el liderazgo y la viabilidad de ese proyecto.<\/p>\n<p class=\"paragraph\" data-mrf-recirculation=\"Links inline\">El impacto pol\u00edtico de este episodio es profundo. Para Israel, la liberaci\u00f3n de los rehenes y la retirada parcial de tropas ofrecen un respiro tras meses de aislamiento y cr\u00edticas internacionales, pero tambi\u00e9n exponen la fragilidad de su posici\u00f3n y los desaf\u00edos que enfrenta el gobierno de Netanyahu. Para Trump, el acuerdo representa una gran victoria y la oportunidad para demostrar su capacidad de negociaci\u00f3n y obtener reconocimiento internacional.<\/p>\n<div class=\"undefined ad-wrapper\">\n<div class=\"dfpAd \">\n<div id=\"america\/mundo\/nota\/undefined\" class=\"america\/mundo\/nota\/undefined arcad\"><\/div>\n<\/div>\n<\/div>\n<p class=\"paragraph\" data-mrf-recirculation=\"Links inline\">La implementaci\u00f3n del pacto depender\u00e1 de factores a\u00fan inciertos, como la disposici\u00f3n real de Hamas a renunciar a las armas y la capacidad de la comunidad internacional para garantizar la estabilidad en Gaza.<\/p>\n<p class=\"paragraph\" data-mrf-recirculation=\"Links inline\">En este contexto, la cumbre de\u00a0<b>Sharm el Sheij<\/b>\u00a0ser\u00e1 clave y su exito se medir\u00e1 en logros. El listado de tareas es tan amplio como complicado: buscan formalizar un plan de paz que incluya el desarme de Hamas, la creaci\u00f3n de una fuerza internacional de seguridad y la instauraci\u00f3n de un nuevo gobierno en Gaza. El proceso tambi\u00e9n contempla la reconstrucci\u00f3n del enclave y la coordinaci\u00f3n internacional para asegurar una estabilidad duradera.<\/p>\n<p class=\"paragraph\" data-mrf-recirculation=\"Links inline\">Hoy Trump obtuvo su primer gran triunfo geopol\u00edtico. Vol\u00f3 hasta Medio Oriente, disfrut\u00f3 del reconocimiento y ahora toca demostrar que lo que parece una oportunidad se puede transformar en historia. <strong>(I)<\/strong><\/p>\n<p data-mrf-recirculation=\"Links inline\"><img fetchpriority=\"high\" decoding=\"async\" class=\"global-image\" src=\"https:\/\/www.infobae.com\/resizer\/v2\/KSX7J7DA5FESZNRKKEGBI7SVXM.JPG?auth=61802ce0b2cafda8a28a705f508e79a27d1d9a8fe30895c6fd3ce9ce6f6eb5fe&amp;smart=true&amp;width=350&amp;height=233&amp;quality=85\" alt=\"Trump fue ovacionado en el\" width=\"818\" height=\"545\" \/><\/p>\n<p data-mrf-recirculation=\"Links inline\">Trump fue ovacionado en el Parlamento de Israel, luego de reunirse con faliliares de los secuetsrados}<\/p>\n<p data-mrf-recirculation=\"Links inline\">y asesinados por Hamas <strong>(Reuters)<\/strong><\/p>\n<p data-mrf-recirculation=\"Links inline\"><img decoding=\"async\" class=\"global-image\" src=\"https:\/\/www.infobae.com\/resizer\/v2\/OIPHFX2C2JCTTDXVROPTR252TU.jpeg?auth=b9aaae90d4cf23efac61ad1c79d75a41c652aaece2a4278388bec9101bd63e88&amp;smart=true&amp;width=350&amp;height=188&amp;quality=85\" alt=\"Trump firm\u00f3 el libro de\" width=\"829\" height=\"445\" \/><\/p>\n<p data-mrf-recirculation=\"Links inline\">Trump firm\u00f3 el libro de ingreso de la Knesset, el Parlamento de Israel<\/p>\n<p data-mrf-recirculation=\"Links inline\"><strong>Fuente:<\/strong> evafm.net &#8211; infobae.com<\/p>\n<div class=\"gsp_post_data\" \r\n\t            data-post_type=\"post\" \r\n\t            data-cat=\"general,noticias-internacionales\" \r\n\t            data-modified=\"120\"\r\n\t            data-created=\"1760387992\"\r\n\t            data-title=\"Donald Trump habl\u00f3 ante el Parlamento de Israel en un d\u00eda hist\u00f3rico:\" \r\n\t            data-home=\"https:\/\/www.evafm.net\/sitio\"><\/div>","protected":false},"excerpt":{"rendered":"<p>Desde Israel.-\u00a0Donald Trump\u00a0ingres\u00f3 al pleno de la Knesset cinco minutos antes de las 13, hora local, y tras una ovaci\u00f3n de m\u00e1s de tres minutos, pronunci\u00f3 su discurso en un clima de emoci\u00f3n, dentro y fuera del Parlamento. Hoy,\u00a0despu\u00e9s de\u00a0738 d\u00edas\u00a0ya no hay m\u00e1s secuestrados con vida en poder del grupo terrorista Hamas. Termin\u00f3 la&#8230;<\/p>\n","protected":false},"author":5,"featured_media":94724,"comment_status":"closed","ping_status":"open","sticky":false,"template":"","format":"standard","meta":{"_joinchat":[],"footnotes":""},"categories":[1720,1345],"tags":[],"class_list":["post-94699","post","type-post","status-publish","format-standard","has-post-thumbnail","hentry","category-general","category-noticias-internacionales","have-post-thumb"],"_links":{"self":[{"href":"https:\/\/www.evafm.net\/sitio\/wp-json\/wp\/v2\/posts\/94699","targetHints":{"allow":["GET"]}}],"collection":[{"href":"https:\/\/www.evafm.net\/sitio\/wp-json\/wp\/v2\/posts"}],"about":[{"href":"https:\/\/www.evafm.net\/sitio\/wp-json\/wp\/v2\/types\/post"}],"author":[{"embeddable":true,"href":"https:\/\/www.evafm.net\/sitio\/wp-json\/wp\/v2\/users\/5"}],"replies":[{"embeddable":true,"href":"https:\/\/www.evafm.net\/sitio\/wp-json\/wp\/v2\/comments?post=94699"}],"version-history":[{"count":1,"href":"https:\/\/www.evafm.net\/sitio\/wp-json\/wp\/v2\/posts\/94699\/revisions"}],"predecessor-version":[{"id":94725,"href":"https:\/\/www.evafm.net\/sitio\/wp-json\/wp\/v2\/posts\/94699\/revisions\/94725"}],"wp:featuredmedia":[{"embeddable":true,"href":"https:\/\/www.evafm.net\/sitio\/wp-json\/wp\/v2\/media\/94724"}],"wp:attachment":[{"href":"https:\/\/www.evafm.net\/sitio\/wp-json\/wp\/v2\/media?parent=94699"}],"wp:term":[{"taxonomy":"category","embeddable":true,"href":"https:\/\/www.evafm.net\/sitio\/wp-json\/wp\/v2\/categories?post=94699"},{"taxonomy":"post_tag","embeddable":true,"href":"https:\/\/www.evafm.net\/sitio\/wp-json\/wp\/v2\/tags?post=94699"}],"curies":[{"name":"wp","href":"https:\/\/api.w.org\/{rel}","templated":true}]}}