{"id":94700,"date":"2025-10-13T20:42:16","date_gmt":"2025-10-14T01:42:16","guid":{"rendered":"https:\/\/www.evafm.net\/sitio\/?p=94700"},"modified":"2025-10-13T20:42:16","modified_gmt":"2025-10-14T01:42:16","slug":"guayaquil-city-remonto-y-sello-su-ascenso-a-la-serie-a","status":"publish","type":"post","link":"https:\/\/www.evafm.net\/sitio\/guayaquil-city-remonto-y-sello-su-ascenso-a-la-serie-a\/","title":{"rendered":"\u00a1Guayaquil City remont\u00f3 y sell\u00f3 su ascenso a la Serie A!"},"content":{"rendered":"<p><b><a href=\"https:\/\/www.ecuavisa.com\/metadatos\/-\/meta\/serie-b\" data-mrf-link=\"https:\/\/www.ecuavisa.com\/metadatos\/-\/meta\/serie-b\">Guayaquil City FC<\/a>\u00a0<\/b>logr\u00f3 este domingo su esperado regreso a la\u00a0<b>LigaPro Serie A 2026<\/b>, luego de imponerse 3-1 a\u00a0<b>San Antonio\u00a0<\/b>en el estadio<b>\u00a0Ol\u00edmpico Atahualpa de Quito.\u00a0<\/b>Con este resultado, el cuadro \u201cCiudadano\u201d alcanz\u00f3 los 55 puntos y asegur\u00f3 matem\u00e1ticamente su ascenso, siendo inalcanzable para sus perseguidores en la tabla de la Serie B.<\/p>\n<p>El equipo dirigido por\u00a0<b>Pool Gavil\u00e1nez<\/b>\u00a0mostr\u00f3 car\u00e1cter y eficacia en un duelo clave, incluso sin su principal figura,\u00a0<b>Miler Bola\u00f1os<\/b>, ausente en esta jornada. A pesar de ello,\u00a0<b>Guayaquil City<\/b> impuso condiciones, control\u00f3 el partido y sell\u00f3 una victoria que corona una temporada s\u00f3lida y consistente.<\/p>\n<p>Con este ascenso, el club porte\u00f1o cierra un ciclo de reconstrucci\u00f3n institucional y deportiva que apost\u00f3 por la estabilidad, la formaci\u00f3n de un grupo competitivo y la recuperaci\u00f3n de protagonismo en el f\u00fatbol ecuatoriano.<\/p>\n<div id=\"sunmedia-div\"><\/div>\n<p>El retorno a la m\u00e1xima categor\u00eda marca un nuevo cap\u00edtulo para el equipo\u00a0<b>guayaquile\u00f1o<\/b>, que buscar\u00e1 afianzarse en la Serie A 2026 y dejar atr\u00e1s los altibajos del pasado reciente. La hinchada \u201cCiudadana\u201d celebra un ascenso merecido, respaldado por n\u00fameros y rendimiento<strong>.(D)<\/strong><\/p>\n<p><strong>Fuente:<\/strong> evafm.net &#8211; ecuavisa.com<\/p>\n<p>&nbsp;<\/p>\n<div class=\"gsp_post_data\" \r\n\t            data-post_type=\"post\" \r\n\t            data-cat=\"deportes-ecuador,general\" \r\n\t            data-modified=\"120\"\r\n\t            data-created=\"1760388136\"\r\n\t            data-title=\"\u00a1Guayaquil City remont\u00f3 y sell\u00f3 su ascenso a la Serie A!\" \r\n\t            data-home=\"https:\/\/www.evafm.net\/sitio\"><\/div>","protected":false},"excerpt":{"rendered":"<p>Guayaquil City FC\u00a0logr\u00f3 este domingo su esperado regreso a la\u00a0LigaPro Serie A 2026, luego de imponerse 3-1 a\u00a0San Antonio\u00a0en el estadio\u00a0Ol\u00edmpico Atahualpa de Quito.\u00a0Con este resultado, el cuadro \u201cCiudadano\u201d alcanz\u00f3 los 55 puntos y asegur\u00f3 matem\u00e1ticamente su ascenso, siendo inalcanzable para sus perseguidores en la tabla de la Serie B. El equipo dirigido por\u00a0Pool Gavil\u00e1nez\u00a0mostr\u00f3&#8230;<\/p>\n","protected":false},"author":5,"featured_media":94726,"comment_status":"closed","ping_status":"open","sticky":false,"template":"","format":"standard","meta":{"_joinchat":[],"footnotes":""},"categories":[1557,1720],"tags":[],"class_list":["post-94700","post","type-post","status-publish","format-standard","has-post-thumbnail","hentry","category-deportes-ecuador","category-general","have-post-thumb"],"_links":{"self":[{"href":"https:\/\/www.evafm.net\/sitio\/wp-json\/wp\/v2\/posts\/94700","targetHints":{"allow":["GET"]}}],"collection":[{"href":"https:\/\/www.evafm.net\/sitio\/wp-json\/wp\/v2\/posts"}],"about":[{"href":"https:\/\/www.evafm.net\/sitio\/wp-json\/wp\/v2\/types\/post"}],"author":[{"embeddable":true,"href":"https:\/\/www.evafm.net\/sitio\/wp-json\/wp\/v2\/users\/5"}],"replies":[{"embeddable":true,"href":"https:\/\/www.evafm.net\/sitio\/wp-json\/wp\/v2\/comments?post=94700"}],"version-history":[{"count":1,"href":"https:\/\/www.evafm.net\/sitio\/wp-json\/wp\/v2\/posts\/94700\/revisions"}],"predecessor-version":[{"id":94727,"href":"https:\/\/www.evafm.net\/sitio\/wp-json\/wp\/v2\/posts\/94700\/revisions\/94727"}],"wp:featuredmedia":[{"embeddable":true,"href":"https:\/\/www.evafm.net\/sitio\/wp-json\/wp\/v2\/media\/94726"}],"wp:attachment":[{"href":"https:\/\/www.evafm.net\/sitio\/wp-json\/wp\/v2\/media?parent=94700"}],"wp:term":[{"taxonomy":"category","embeddable":true,"href":"https:\/\/www.evafm.net\/sitio\/wp-json\/wp\/v2\/categories?post=94700"},{"taxonomy":"post_tag","embeddable":true,"href":"https:\/\/www.evafm.net\/sitio\/wp-json\/wp\/v2\/tags?post=94700"}],"curies":[{"name":"wp","href":"https:\/\/api.w.org\/{rel}","templated":true}]}}