{"id":94718,"date":"2025-10-13T13:57:21","date_gmt":"2025-10-13T18:57:21","guid":{"rendered":"https:\/\/www.evafm.net\/sitio\/?p=94718"},"modified":"2025-10-13T13:57:21","modified_gmt":"2025-10-13T18:57:21","slug":"juan-gabriel-debo-puedo-y-quiero-criticas-por-concierto-en-bellas-artes-revela-el-trailer","status":"publish","type":"post","link":"https:\/\/www.evafm.net\/sitio\/juan-gabriel-debo-puedo-y-quiero-criticas-por-concierto-en-bellas-artes-revela-el-trailer\/","title":{"rendered":"&#8216;Juan Gabriel: Debo, puedo y quiero&#8217;: cr\u00edticas por concierto en Bellas Artes revela el tr\u00e1iler"},"content":{"rendered":"<p><strong><a href=\"https:\/\/www.excelsior.com.mx\/funcion\/juan-gabriel-esta-vivo-y-vive-en-francia-su-ex-rompe-el-silencio-y-enciende-la-teoria\" target=\"_blank\" rel=\"noopener\">Juan Gabriel<\/a><\/strong>\u00a0dentro de poco tendr\u00e1 un documental que llevar\u00e1 por t\u00edtulo<strong>\u00a0\u201cJuan Gabriel: Debo, puedo y quiero\u201d, el cual se estrenar\u00e1 en Netflix<\/strong>\u00a0y el cual contar\u00e1 con material in\u00e9dito de \u2018El Divo de Ju\u00e1rez\u2019.<\/p>\n<p>Aunque ya se hab\u00edan revelado unos adelantos<strong>\u00a0sobre el documental del cantante, por fin Netflix ha revelado el tr\u00e1iler<\/strong>\u00a0en donde se revelan m\u00e1s detalles de lo que veremos en esta producci\u00f3n.<\/p>\n<p><strong>Las cr\u00edticas a Juan Gabriel por el concierto en Bellas Artes.<\/strong><\/p>\n<p>Sin duda un momento que marc\u00f3 la vida de\u00a0<strong>Juan Gabriel fue la primera vez que se present\u00f3 en Bellas Artes.<\/strong><\/p>\n<p>Este momento\u00a0<strong>es parte de la cultura popular mexicana y aunque hoy es muy aclamado,<\/strong>\u00a0en aquel momento cuando se anunci\u00f3 que Juan Gabriel realizar\u00eda un concierto en este recinto recibi\u00f3 muchas cr\u00edticas.<\/p>\n<div class=\"banner-content-ads\">\n<div id=\"bd16c46dd34b4ab483bc578a3cf558c1\">En el documental, se abordar\u00e1 cuando<strong>\u00a0Juan Gabriel siempre quiso presentarse en Bellas Artes y c\u00f3mo tras anunciar\u00a0<\/strong>que el cantante dar\u00eda un show, recibi\u00f3 duras cr\u00edticas.<\/div>\n<\/div>\n<div><\/div>\n<div><\/div>\n<div><strong>\u201cTen\u00eda claro a d\u00f3nde quer\u00eda llegar: Bellas Artes. Hubo muchas resistencias, unas cr\u00edticas y le sacaron mucho jugo a los medios amarillistas.<\/strong><\/div>\n<div><strong> No eran solamente las cr\u00edticas de afuera, dentro no se quer\u00eda, como si yo tuviera rabia.<\/strong><\/div>\n<div><strong>La cultura popular ten\u00eda su lugar y este era el lugar de la alta cultura\u201d, se escuha decir en el documental.\u00a0<\/strong><\/div>\n<div><\/div>\n<div><\/div>\n<div><\/div>\n<p>A pesar de esto, el concierto, que se realiz\u00f3 en 1990,\u00a0<strong>fue un completo \u00e9xito y tan solo hace unos meses fue proyectado en la Cineteca Nacional<\/strong>\u00a0y logr\u00f3 reunir a cientos de personas que abarrotaron al cineteca.<\/p>\n<p><strong>\u00bfCu\u00e1ndo se estrenar\u00e1 el documental de Juan Gabriel?<\/strong><\/p>\n<p>Netflix anunci\u00f3 que\u00a0<strong>el estreno del documental de\u00a0Juan Gabriel ser\u00e1 el 30 de octubre\u00a0y que constar\u00e1<\/strong>\u00a0de cuatro episodios que abordar\u00e1n su vida desde diferentes \u00e1ngulos.<\/p>\n<p>Los cuatro cap\u00edtulos\u00a0<strong>se estrenar\u00e1n por completo y al mismo tiempo el d\u00eda de su estreno. (E)<\/strong><\/p>\n<p>&nbsp;<\/p>\n<p><img fetchpriority=\"high\" decoding=\"async\" class=\"\" src=\"https:\/\/www.excelsior.com.mx\/660x371\/filters:format(webp):quality(75)\/\/media\/inside-the-note\/pictures\/2025\/10\/13\/juan_gabriel_1_.jpg\" alt=\"Imagen intermedia\" width=\"736\" height=\"414\" \/><\/p>\n<p>&nbsp;<\/p>\n<p><img decoding=\"async\" class=\"\" src=\"https:\/\/www.excelsior.com.mx\/371x660\/filters:format(webp):quality(75)\/\/media\/inside-the-note\/pictures\/2025\/10\/13\/juan_gabriel_documental_.jpg\" alt=\"Imagen intermedia\" width=\"549\" height=\"977\" \/><\/p>\n<p><iframe title=\"Juan Gabriel: Debo, puedo y quiero | Tr\u00e1iler oficial | Netflix\" width=\"1200\" height=\"675\" src=\"https:\/\/www.youtube.com\/embed\/Kf2YdQLLDfo?feature=oembed\" frameborder=\"0\" allow=\"accelerometer; autoplay; clipboard-write; encrypted-media; gyroscope; picture-in-picture; web-share\" referrerpolicy=\"strict-origin-when-cross-origin\" allowfullscreen><\/iframe><\/p>\n<p>&nbsp;<\/p>\n<p><strong>Fuente:<\/strong> evafm.net &#8211; excelsior.com.mx<\/p>\n<div data-type=\"_mgwidget\" data-widget-id=\"1802588\"><\/div>\n<div class=\"media media-element-container media-default\">\n<figure class=\"node-image\">\n<div id=\"standard_14\" class=\"st-placement standard_14 inImage\"><\/div>\n<\/figure>\n<\/div>\n<div class=\"media media-element-container media-default\">\n<figure class=\"node-image\">\n<div id=\"standard_13\" class=\"st-placement standard_13 inImage\"><\/div>\n<\/figure>\n<\/div>\n<div class=\"gsp_post_data\" \r\n\t            data-post_type=\"post\" \r\n\t            data-cat=\"espectaculos,general\" \r\n\t            data-modified=\"120\"\r\n\t            data-created=\"1760363841\"\r\n\t            data-title=\"&#8216;Juan Gabriel: Debo, puedo y quiero&#8217;: cr\u00edticas por concierto en Bellas Artes revela el tr\u00e1iler\" \r\n\t            data-home=\"https:\/\/www.evafm.net\/sitio\"><\/div>","protected":false},"excerpt":{"rendered":"<p>Juan Gabriel\u00a0dentro de poco tendr\u00e1 un documental que llevar\u00e1 por t\u00edtulo\u00a0\u201cJuan Gabriel: Debo, puedo y quiero\u201d, el cual se estrenar\u00e1 en Netflix\u00a0y el cual contar\u00e1 con material in\u00e9dito de \u2018El Divo de Ju\u00e1rez\u2019. Aunque ya se hab\u00edan revelado unos adelantos\u00a0sobre el documental del cantante, por fin Netflix ha revelado el tr\u00e1iler\u00a0en donde se revelan m\u00e1s&#8230;<\/p>\n","protected":false},"author":5,"featured_media":94719,"comment_status":"closed","ping_status":"open","sticky":false,"template":"","format":"standard","meta":{"_joinchat":[],"footnotes":""},"categories":[4,1720],"tags":[],"class_list":["post-94718","post","type-post","status-publish","format-standard","has-post-thumbnail","hentry","category-espectaculos","category-general","have-post-thumb"],"_links":{"self":[{"href":"https:\/\/www.evafm.net\/sitio\/wp-json\/wp\/v2\/posts\/94718","targetHints":{"allow":["GET"]}}],"collection":[{"href":"https:\/\/www.evafm.net\/sitio\/wp-json\/wp\/v2\/posts"}],"about":[{"href":"https:\/\/www.evafm.net\/sitio\/wp-json\/wp\/v2\/types\/post"}],"author":[{"embeddable":true,"href":"https:\/\/www.evafm.net\/sitio\/wp-json\/wp\/v2\/users\/5"}],"replies":[{"embeddable":true,"href":"https:\/\/www.evafm.net\/sitio\/wp-json\/wp\/v2\/comments?post=94718"}],"version-history":[{"count":1,"href":"https:\/\/www.evafm.net\/sitio\/wp-json\/wp\/v2\/posts\/94718\/revisions"}],"predecessor-version":[{"id":94720,"href":"https:\/\/www.evafm.net\/sitio\/wp-json\/wp\/v2\/posts\/94718\/revisions\/94720"}],"wp:featuredmedia":[{"embeddable":true,"href":"https:\/\/www.evafm.net\/sitio\/wp-json\/wp\/v2\/media\/94719"}],"wp:attachment":[{"href":"https:\/\/www.evafm.net\/sitio\/wp-json\/wp\/v2\/media?parent=94718"}],"wp:term":[{"taxonomy":"category","embeddable":true,"href":"https:\/\/www.evafm.net\/sitio\/wp-json\/wp\/v2\/categories?post=94718"},{"taxonomy":"post_tag","embeddable":true,"href":"https:\/\/www.evafm.net\/sitio\/wp-json\/wp\/v2\/tags?post=94718"}],"curies":[{"name":"wp","href":"https:\/\/api.w.org\/{rel}","templated":true}]}}