{"id":94733,"date":"2025-10-14T21:06:58","date_gmt":"2025-10-15T02:06:58","guid":{"rendered":"https:\/\/www.evafm.net\/sitio\/?p=94733"},"modified":"2025-10-14T21:06:58","modified_gmt":"2025-10-15T02:06:58","slug":"el-chelsea-no-esta-preocupado-por-el-cambio-de-representante-de-moises-caicedo","status":"publish","type":"post","link":"https:\/\/www.evafm.net\/sitio\/el-chelsea-no-esta-preocupado-por-el-cambio-de-representante-de-moises-caicedo\/","title":{"rendered":"El Chelsea no est\u00e1 preocupado por el cambio de representante de Mois\u00e9s Caicedo"},"content":{"rendered":"<p>El pasado lunes 13 de octubre,\u00a0<b><a href=\"https:\/\/www.ecuavisa.com\/metadatos\/-\/meta\/moises-caicedo\" target=\"_blank\" rel=\"noopener noreferrer\" data-mrf-link=\"https:\/\/www.ecuavisa.com\/metadatos\/-\/meta\/moises-caicedo\">Mois\u00e9s Caicedo<\/a>\u00a0dio la sorprendente noticia de que puso fin de su relaci\u00f3n profesional<\/b>\u00a0con su anterior agente, Manuel Sierra, de Football Division Worldwide, pero desde el\u00a0<a href=\"https:\/\/www.ecuavisa.com\/metadatos\/-\/meta\/chelsea\" target=\"_blank\" rel=\"noopener noreferrer\" data-mrf-link=\"https:\/\/www.ecuavisa.com\/metadatos\/-\/meta\/chelsea\">Chelsea<\/a>\u00a0no sienten preocupaci\u00f3n por la decisi\u00f3n.<\/p>\n<p>El<b>\u00a0Ni\u00f1o Moi cumple su tercera temporada con los blues<\/b>, despu\u00e9s de firmar como el fichaje m\u00e1s caro en la historia de la <strong>Premier League,<\/strong> y acord\u00f3 un largo contrato con los blues.<\/p>\n<p>Por esa misma raz\u00f3n, a pesar del anuncio de Caicedo de su representante, desde el Chelsea est\u00e1n tranquilos. Seg\u00fan el medio The Telegraph, la\u00a0<b>decisi\u00f3n de Mois\u00e9s no tendr\u00e1 efecto en su situaci\u00f3n con el club.<\/b><\/p>\n<p>El\u00a0<b>Ni\u00f1o Moi a\u00fan no inform\u00f3 el grupo que lo ayudar\u00e1 a tomar a sus decisiones<\/b>\u00a0para futuro, tras\u00a0<a href=\"https:\/\/www.ecuavisa.com\/deportes\/futbol-internacional\/moises-caicedo-anuncio-cambio-representante-no-relacion-agente-manuel-sierra-IE10270329\" target=\"_blank\" rel=\"noopener noreferrer\" data-mrf-link=\"https:\/\/www.ecuavisa.com\/deportes\/futbol-internacional\/moises-caicedo-anuncio-cambio-representante-no-relacion-agente-manuel-sierra-IE10270329\">romper su relaci\u00f3n con <strong>Manuel Sierra<\/strong><\/a>\u00a0y aclarar que no tiene relaci\u00f3n con <strong>Ali Barat.<\/strong><\/p>\n<p>&nbsp;<\/p>\n<p>Cabe recordar que los\u00a0<b>Blues firmaron un contrato con el ecuatoriano hasta el 2031<\/b>\u00a0con la opci\u00f3n de extenderlo un a\u00f1o m\u00e1s.<\/p>\n<p>Actualmente, Caicedo y el<b>\u00a0Chelsea est\u00e1n en\u00a0<a href=\"https:\/\/www.ecuavisa.com\/deportes\/futbol-internacional\/chelsea-extender-contrato-moises-caicedo-mejores-pagados-DB10116555\" target=\"_blank\" rel=\"noopener noreferrer\" data-mrf-link=\"https:\/\/www.ecuavisa.com\/deportes\/futbol-internacional\/chelsea-extender-contrato-moises-caicedo-mejores-pagados-DB10116555\">conversaciones para una renovaci\u00f3n del contrato<\/a>\u00a0<\/b>con una mejora salarial para Mois\u00e9s, pero ser\u00e1 trabajado con una persona de confianza del futbolista.<\/p>\n<p><b>Los blues buscan reestructurar la escala salarial del plantel<\/b> y recompensar a los futbolistas con sueldos que se reflejen con su juego<strong>.(D)<\/strong><\/p>\n<p>&nbsp;<\/p>\n<p><strong>Fuente:<\/strong> evafm.net &#8211; ecuavisa.com<\/p>\n<div class=\"gsp_post_data\" \r\n\t            data-post_type=\"post\" \r\n\t            data-cat=\"deportes-internacionales,general\" \r\n\t            data-modified=\"120\"\r\n\t            data-created=\"1760476018\"\r\n\t            data-title=\"El Chelsea no est\u00e1 preocupado por el cambio de representante de Mois\u00e9s Caicedo\" \r\n\t            data-home=\"https:\/\/www.evafm.net\/sitio\"><\/div>","protected":false},"excerpt":{"rendered":"<p>El pasado lunes 13 de octubre,\u00a0Mois\u00e9s Caicedo\u00a0dio la sorprendente noticia de que puso fin de su relaci\u00f3n profesional\u00a0con su anterior agente, Manuel Sierra, de Football Division Worldwide, pero desde el\u00a0Chelsea\u00a0no sienten preocupaci\u00f3n por la decisi\u00f3n. El\u00a0Ni\u00f1o Moi cumple su tercera temporada con los blues, despu\u00e9s de firmar como el fichaje m\u00e1s caro en la historia&#8230;<\/p>\n","protected":false},"author":5,"featured_media":94765,"comment_status":"closed","ping_status":"open","sticky":false,"template":"","format":"standard","meta":{"_joinchat":[],"footnotes":""},"categories":[1342,1720],"tags":[],"class_list":["post-94733","post","type-post","status-publish","format-standard","has-post-thumbnail","hentry","category-deportes-internacionales","category-general","have-post-thumb"],"_links":{"self":[{"href":"https:\/\/www.evafm.net\/sitio\/wp-json\/wp\/v2\/posts\/94733","targetHints":{"allow":["GET"]}}],"collection":[{"href":"https:\/\/www.evafm.net\/sitio\/wp-json\/wp\/v2\/posts"}],"about":[{"href":"https:\/\/www.evafm.net\/sitio\/wp-json\/wp\/v2\/types\/post"}],"author":[{"embeddable":true,"href":"https:\/\/www.evafm.net\/sitio\/wp-json\/wp\/v2\/users\/5"}],"replies":[{"embeddable":true,"href":"https:\/\/www.evafm.net\/sitio\/wp-json\/wp\/v2\/comments?post=94733"}],"version-history":[{"count":1,"href":"https:\/\/www.evafm.net\/sitio\/wp-json\/wp\/v2\/posts\/94733\/revisions"}],"predecessor-version":[{"id":94766,"href":"https:\/\/www.evafm.net\/sitio\/wp-json\/wp\/v2\/posts\/94733\/revisions\/94766"}],"wp:featuredmedia":[{"embeddable":true,"href":"https:\/\/www.evafm.net\/sitio\/wp-json\/wp\/v2\/media\/94765"}],"wp:attachment":[{"href":"https:\/\/www.evafm.net\/sitio\/wp-json\/wp\/v2\/media?parent=94733"}],"wp:term":[{"taxonomy":"category","embeddable":true,"href":"https:\/\/www.evafm.net\/sitio\/wp-json\/wp\/v2\/categories?post=94733"},{"taxonomy":"post_tag","embeddable":true,"href":"https:\/\/www.evafm.net\/sitio\/wp-json\/wp\/v2\/tags?post=94733"}],"curies":[{"name":"wp","href":"https:\/\/api.w.org\/{rel}","templated":true}]}}