{"id":94771,"date":"2025-10-15T13:13:50","date_gmt":"2025-10-15T18:13:50","guid":{"rendered":"https:\/\/www.evafm.net\/sitio\/?p=94771"},"modified":"2025-10-15T13:13:50","modified_gmt":"2025-10-15T18:13:50","slug":"trump-arremete-contra-bad-bunny-tras-su-nombramiento-para-el-super-bowl","status":"publish","type":"post","link":"https:\/\/www.evafm.net\/sitio\/trump-arremete-contra-bad-bunny-tras-su-nombramiento-para-el-super-bowl\/","title":{"rendered":"Trump arremete contra Bad Bunny tras su nombramiento para el Super Bowl"},"content":{"rendered":"<p>La reciente confirmaci\u00f3n de que Bad Bunny encabezar\u00e1 el espect\u00e1culo de medio tiempo del\u00a0<a href=\"https:\/\/www.excelsior.com.mx\/funcion\/bad-bunny-responde-con-fuerza-a-las-criticas-por-el-super-bowl-y-lo-hace-en-espanol\/1743859?amp\" target=\"_blank\" rel=\"noopener\"><strong>Super Bowl 2026\u00a0<\/strong><\/a>ha causado entusiasmo entre millones de fan\u00e1ticos alrededor del mundo&#8230;. pero no todos est\u00e1n contentos con la decisi\u00f3n.<\/p>\n<p>El expresidente Donald Trump no tard\u00f3 en manifestar su desacuerdo p\u00fablicamente, afirmando que no conoce al artista puertorrique\u00f1o y calificando su selecci\u00f3n como<strong> \u201ctotalmente rid\u00edcula\u201d<\/strong><\/p>\n<p>Durante una entrevista en vivo en Greg Kelly Reports del canal conservador NewsMax, el conductor hizo un comentario sarc\u00e1stico refiri\u00e9ndose a Bad Bunny como\u00a0<strong>\u201cel conejo Bad Bunny o como se llame\u201d<\/strong>, lo que dio pie a una dura cr\u00edtica por parte de Trump.<\/p>\n<p>&nbsp;<\/p>\n<p><strong>\u201cNunca he o\u00eddo hablar de \u00e9l, no tengo idea de qui\u00e9n es. No s\u00e9 por qu\u00e9 hacen esto. Es una locura\u201d, declar\u00f3 el exmandatario.<\/strong><\/p>\n<p>Trump tambi\u00e9n aprovech\u00f3 para se\u00f1alar a<strong>\u00a0Roc Nation la agencia dirigida por Jay-Z\u00a0<\/strong>que colabora con la NFL en la producci\u00f3n del espect\u00e1culo del medio tiempo\u00a0como responsable de lo que \u00e9l<\/p>\n<p><strong>considera una mala elecci\u00f3n.<\/strong><\/p>\n<p><strong>\u201cY despu\u00e9s culpan a alg\u00fan promotor que contrataron para encargarse del entretenimiento. Me parece absolutamente rid\u00edculo\u201d, agreg\u00f3.<\/strong><\/p>\n<p>&nbsp;<\/p>\n<p>Aunque\u00a0<strong>Trump\u00a0<\/strong>asegure no conocer al int\u00e9rprete de\u00a0<strong>\u201cTit\u00ed me pregunt\u00f3\u201d,\u00a0<\/strong>los n\u00fameros hablan por s\u00ed solos.<\/p>\n<p>Bad Bunny ha sido una de las figuras m\u00e1s influyentes de la m\u00fasica global en los \u00faltimos a\u00f1os, con m\u00e1s de 107 mil millones de reproducciones acumuladas en\u00a0<strong>Spotify\u00a0<\/strong>y cerca de 50 millones de seguidores en Instagram. Entre 2020 y 2022 fue el artista m\u00e1s escuchado en la plataforma de streaming a nivel mundial.<\/p>\n<p>Las cr\u00edticas del expresidente se suman a una conversaci\u00f3n m\u00e1s amplia sobre la diversidad y representaci\u00f3n en eventos de alto perfil como el Super Bowl.<\/p>\n<p>Mientras tanto, el anuncio de Bad Bunny como artista principal ya ha generado una avalancha de reacciones, tanto de apoyo como de controversia, incluso antes de que<strong> se suba al escenario.(E)<\/strong><\/p>\n<p>&nbsp;<\/p>\n<p><strong>Fuente:<\/strong> evafm.net &#8211; excelsior.com.mx<\/p>\n<div class=\"gsp_post_data\" \r\n\t            data-post_type=\"post\" \r\n\t            data-cat=\"farandula-internacional,general\" \r\n\t            data-modified=\"120\"\r\n\t            data-created=\"1760534030\"\r\n\t            data-title=\"Trump arremete contra Bad Bunny tras su nombramiento para el Super Bowl\" \r\n\t            data-home=\"https:\/\/www.evafm.net\/sitio\"><\/div>","protected":false},"excerpt":{"rendered":"<p>La reciente confirmaci\u00f3n de que Bad Bunny encabezar\u00e1 el espect\u00e1culo de medio tiempo del\u00a0Super Bowl 2026\u00a0ha causado entusiasmo entre millones de fan\u00e1ticos alrededor del mundo&#8230;. pero no todos est\u00e1n contentos con la decisi\u00f3n. El expresidente Donald Trump no tard\u00f3 en manifestar su desacuerdo p\u00fablicamente, afirmando que no conoce al artista puertorrique\u00f1o y calificando su selecci\u00f3n&#8230;<\/p>\n","protected":false},"author":5,"featured_media":94772,"comment_status":"closed","ping_status":"open","sticky":false,"template":"","format":"standard","meta":{"_joinchat":[],"footnotes":""},"categories":[1346,1720],"tags":[],"class_list":["post-94771","post","type-post","status-publish","format-standard","has-post-thumbnail","hentry","category-farandula-internacional","category-general","have-post-thumb"],"_links":{"self":[{"href":"https:\/\/www.evafm.net\/sitio\/wp-json\/wp\/v2\/posts\/94771","targetHints":{"allow":["GET"]}}],"collection":[{"href":"https:\/\/www.evafm.net\/sitio\/wp-json\/wp\/v2\/posts"}],"about":[{"href":"https:\/\/www.evafm.net\/sitio\/wp-json\/wp\/v2\/types\/post"}],"author":[{"embeddable":true,"href":"https:\/\/www.evafm.net\/sitio\/wp-json\/wp\/v2\/users\/5"}],"replies":[{"embeddable":true,"href":"https:\/\/www.evafm.net\/sitio\/wp-json\/wp\/v2\/comments?post=94771"}],"version-history":[{"count":1,"href":"https:\/\/www.evafm.net\/sitio\/wp-json\/wp\/v2\/posts\/94771\/revisions"}],"predecessor-version":[{"id":94773,"href":"https:\/\/www.evafm.net\/sitio\/wp-json\/wp\/v2\/posts\/94771\/revisions\/94773"}],"wp:featuredmedia":[{"embeddable":true,"href":"https:\/\/www.evafm.net\/sitio\/wp-json\/wp\/v2\/media\/94772"}],"wp:attachment":[{"href":"https:\/\/www.evafm.net\/sitio\/wp-json\/wp\/v2\/media?parent=94771"}],"wp:term":[{"taxonomy":"category","embeddable":true,"href":"https:\/\/www.evafm.net\/sitio\/wp-json\/wp\/v2\/categories?post=94771"},{"taxonomy":"post_tag","embeddable":true,"href":"https:\/\/www.evafm.net\/sitio\/wp-json\/wp\/v2\/tags?post=94771"}],"curies":[{"name":"wp","href":"https:\/\/api.w.org\/{rel}","templated":true}]}}