{"id":94774,"date":"2025-10-15T13:20:45","date_gmt":"2025-10-15T18:20:45","guid":{"rendered":"https:\/\/www.evafm.net\/sitio\/?p=94774"},"modified":"2025-10-15T13:20:45","modified_gmt":"2025-10-15T18:20:45","slug":"liga-de-quito-anuncio-la-salida-de-dario-aimar","status":"publish","type":"post","link":"https:\/\/www.evafm.net\/sitio\/liga-de-quito-anuncio-la-salida-de-dario-aimar\/","title":{"rendered":"Liga de Quito anunci\u00f3 la salida de Dar\u00edo Aimar"},"content":{"rendered":"<p><b><a href=\"https:\/\/www.ecuavisa.com\/deportes\/liga-de-quito\" data-mrf-link=\"https:\/\/www.ecuavisa.com\/deportes\/liga-de-quito\">Liga Deportiva Universitaria de Quito<\/a><\/b>\u00a0oficializ\u00f3 este martes 14 de octubre la\u00a0<b>salida del defensor ecuatoriano Dar\u00edo Aimar<\/b>, tras alcanzar un acuerdo mutuo para la finalizaci\u00f3n de su contrato.<\/p>\n<p>La decisi\u00f3n fue confirmada mediante un comunicado en las redes sociales del club.<\/p>\n<p>\u201c<b>Agradecemos su profesionalismo y compromiso durante el tiempo que form\u00f3 parte de nuestra instituci\u00f3n, y le deseamos \u00e9xito en los nuevos desaf\u00edos de su carrera deportiva<\/b>\u201d<\/p>\n<p>expres\u00f3 LDU, destacando la actitud del jugador durante su etapa en el equipo albo.<\/p>\n<p>&nbsp;<\/p>\n<p>Con esto, el zaguero central queda en libertad para definir su futuro profesional, mientras que Liga de Quito contin\u00faa con la\u00a0<b>reestructuraci\u00f3n de su plantilla<\/b> de cara a los desaf\u00edos finales del a\u00f1o<\/p>\n<p>tanto en la\u00a0<b>LigaPro<\/b>\u00a0como en la\u00a0<b>CONMEBOL Libertadores<\/b>.<\/p>\n<div id=\"sunmedia-div\"><\/div>\n<p><b>Aimar\u00a0<\/b>nunca se pudo imponer en el rol titular, pero adem\u00e1s, cuando tuvo minutos, mostr\u00f3 varios errores individuales con la camiseta de LDUQ.<\/p>\n<p>Tras su salida, Aimar acumula una larga trayectoria entre<strong> Liga de Loja, Barcelona SC, Aucas, Guayaquil City, The Strongest de Bolivia y LDUQ. (D)<\/strong><\/p>\n<p><strong>Fuente<\/strong>. evafm.net &#8211; ecuavisa.com<\/p>\n<div class=\"gsp_post_data\" \r\n\t            data-post_type=\"post\" \r\n\t            data-cat=\"deportes-ecuador\" \r\n\t            data-modified=\"120\"\r\n\t            data-created=\"1760534445\"\r\n\t            data-title=\"Liga de Quito anunci\u00f3 la salida de Dar\u00edo Aimar\" \r\n\t            data-home=\"https:\/\/www.evafm.net\/sitio\"><\/div>","protected":false},"excerpt":{"rendered":"<p>Liga Deportiva Universitaria de Quito\u00a0oficializ\u00f3 este martes 14 de octubre la\u00a0salida del defensor ecuatoriano Dar\u00edo Aimar, tras alcanzar un acuerdo mutuo para la finalizaci\u00f3n de su contrato. La decisi\u00f3n fue confirmada mediante un comunicado en las redes sociales del club. \u201cAgradecemos su profesionalismo y compromiso durante el tiempo que form\u00f3 parte de nuestra instituci\u00f3n, y&#8230;<\/p>\n","protected":false},"author":5,"featured_media":94775,"comment_status":"closed","ping_status":"open","sticky":false,"template":"","format":"standard","meta":{"_joinchat":[],"footnotes":""},"categories":[1557],"tags":[],"class_list":["post-94774","post","type-post","status-publish","format-standard","has-post-thumbnail","hentry","category-deportes-ecuador","have-post-thumb"],"_links":{"self":[{"href":"https:\/\/www.evafm.net\/sitio\/wp-json\/wp\/v2\/posts\/94774","targetHints":{"allow":["GET"]}}],"collection":[{"href":"https:\/\/www.evafm.net\/sitio\/wp-json\/wp\/v2\/posts"}],"about":[{"href":"https:\/\/www.evafm.net\/sitio\/wp-json\/wp\/v2\/types\/post"}],"author":[{"embeddable":true,"href":"https:\/\/www.evafm.net\/sitio\/wp-json\/wp\/v2\/users\/5"}],"replies":[{"embeddable":true,"href":"https:\/\/www.evafm.net\/sitio\/wp-json\/wp\/v2\/comments?post=94774"}],"version-history":[{"count":1,"href":"https:\/\/www.evafm.net\/sitio\/wp-json\/wp\/v2\/posts\/94774\/revisions"}],"predecessor-version":[{"id":94776,"href":"https:\/\/www.evafm.net\/sitio\/wp-json\/wp\/v2\/posts\/94774\/revisions\/94776"}],"wp:featuredmedia":[{"embeddable":true,"href":"https:\/\/www.evafm.net\/sitio\/wp-json\/wp\/v2\/media\/94775"}],"wp:attachment":[{"href":"https:\/\/www.evafm.net\/sitio\/wp-json\/wp\/v2\/media?parent=94774"}],"wp:term":[{"taxonomy":"category","embeddable":true,"href":"https:\/\/www.evafm.net\/sitio\/wp-json\/wp\/v2\/categories?post=94774"},{"taxonomy":"post_tag","embeddable":true,"href":"https:\/\/www.evafm.net\/sitio\/wp-json\/wp\/v2\/tags?post=94774"}],"curies":[{"name":"wp","href":"https:\/\/api.w.org\/{rel}","templated":true}]}}