{"id":94777,"date":"2025-10-15T13:25:09","date_gmt":"2025-10-15T18:25:09","guid":{"rendered":"https:\/\/www.evafm.net\/sitio\/?p=94777"},"modified":"2025-10-15T13:25:09","modified_gmt":"2025-10-15T18:25:09","slug":"un-juvenil-rescindio-su-contrato-con-emelec-y-firmo-con-el-sao-paulo-de-brasil","status":"publish","type":"post","link":"https:\/\/www.evafm.net\/sitio\/un-juvenil-rescindio-su-contrato-con-emelec-y-firmo-con-el-sao-paulo-de-brasil\/","title":{"rendered":"Un juvenil rescindi\u00f3 su contrato con Emelec y firm\u00f3 con el S\u00e3o Paulo de Brasil"},"content":{"rendered":"<p>\u00a1Malas noticias para el futuro de\u00a0<a href=\"https:\/\/www.ecuavisa.com\/metadatos\/-\/meta\/emelec\" target=\"_blank\" rel=\"noopener noreferrer\" data-mrf-link=\"https:\/\/www.ecuavisa.com\/metadatos\/-\/meta\/emelec\">Emelec<\/a>!\u00a0<b>El bombillo perdi\u00f3 a uno de los mejores jugadores de las categor\u00edas<\/b>\u00a0formativas y no dej\u00f3 un ingreso econ\u00f3mico al club, tras un acuerdo entre ambas partes.<\/p>\n<p>Emelec empez\u00f3 a utilizar a m\u00e1s juveniles durante este 2025; sin embargo,\u00a0<a href=\"https:\/\/www.ecuavisa.com\/deportes\/futbol-nacional\/jair-collahuazo-no-renovara-contrato-emelec-saldra-gratis-DH10242346\" target=\"_blank\" rel=\"noopener noreferrer\" data-mrf-link=\"https:\/\/www.ecuavisa.com\/deportes\/futbol-nacional\/jair-collahuazo-no-renovara-contrato-emelec-saldra-gratis-DH10242346\">algunos de ellos han estado inconformes con su trato<\/a>\u00a0y\u00a0<b>han llegado a un acuerdo para salir de la instituci\u00f3n.<\/b><\/p>\n<p>El jugador m\u00e1s reciente en abandonar al bombillo fue<b>\u00a0Didier Nazareno para firmar como agente libre con el S\u00e3o Paulo\u00a0<\/b>de Brasil, seg\u00fan inform\u00f3 el periodista <strong>Jos\u00e9 Carlos V\u00e1squez.<\/strong><\/p>\n<p>&nbsp;<\/p>\n<p>El reportero convers\u00f3 con el presidente de las formativas de Emelec, <strong>Emilio Pisco,<\/strong> y le inform\u00f3 que\u00a0<b>Didier firm\u00f3 el finiquito con el departamento legal\u00a0<\/b>de la instituci\u00f3n.<\/p>\n<p>Adem\u00e1s, Nazareno ya\u00a0<b>hab\u00eda solicitado ciertas condiciones para seguir en el bombillo<\/b>, pero su representante ya ten\u00eda acordad su llegada al S\u00e3o Paulo y Emelec cedi\u00f3 para la salida del futbolista sin costo.<\/p>\n<p>El\u00a0<b>juvenil fue llamado por Sebasti\u00e1n Beccacece para ser sparring<\/b>\u00a0de la selecci\u00f3n de Ecuador en convocatorias anteriores.<\/p>\n<p>Nazareno jugaba en la categor\u00eda sub 19 de Emelec, ahora ya<b>\u00a0particip\u00f3 en la Copa Atl\u00e2ntico sub 19 con el S\u00e3o Paulo<\/b>.<strong>(D)<\/strong><\/p>\n<p><strong>Fuente:<\/strong> evafm.net &#8211; ecuavisa.com<\/p>\n<p>&nbsp;<\/p>\n<p>&nbsp;<\/p>\n<div class=\"gsp_post_data\" \r\n\t            data-post_type=\"post\" \r\n\t            data-cat=\"deportes-ecuador\" \r\n\t            data-modified=\"120\"\r\n\t            data-created=\"1760534709\"\r\n\t            data-title=\"Un juvenil rescindi\u00f3 su contrato con Emelec y firm\u00f3 con el S\u00e3o Paulo de Brasil\" \r\n\t            data-home=\"https:\/\/www.evafm.net\/sitio\"><\/div>","protected":false},"excerpt":{"rendered":"<p>\u00a1Malas noticias para el futuro de\u00a0Emelec!\u00a0El bombillo perdi\u00f3 a uno de los mejores jugadores de las categor\u00edas\u00a0formativas y no dej\u00f3 un ingreso econ\u00f3mico al club, tras un acuerdo entre ambas partes. Emelec empez\u00f3 a utilizar a m\u00e1s juveniles durante este 2025; sin embargo,\u00a0algunos de ellos han estado inconformes con su trato\u00a0y\u00a0han llegado a un acuerdo&#8230;<\/p>\n","protected":false},"author":5,"featured_media":94778,"comment_status":"closed","ping_status":"open","sticky":false,"template":"","format":"standard","meta":{"_joinchat":[],"footnotes":""},"categories":[1557],"tags":[],"class_list":["post-94777","post","type-post","status-publish","format-standard","has-post-thumbnail","hentry","category-deportes-ecuador","have-post-thumb"],"_links":{"self":[{"href":"https:\/\/www.evafm.net\/sitio\/wp-json\/wp\/v2\/posts\/94777","targetHints":{"allow":["GET"]}}],"collection":[{"href":"https:\/\/www.evafm.net\/sitio\/wp-json\/wp\/v2\/posts"}],"about":[{"href":"https:\/\/www.evafm.net\/sitio\/wp-json\/wp\/v2\/types\/post"}],"author":[{"embeddable":true,"href":"https:\/\/www.evafm.net\/sitio\/wp-json\/wp\/v2\/users\/5"}],"replies":[{"embeddable":true,"href":"https:\/\/www.evafm.net\/sitio\/wp-json\/wp\/v2\/comments?post=94777"}],"version-history":[{"count":1,"href":"https:\/\/www.evafm.net\/sitio\/wp-json\/wp\/v2\/posts\/94777\/revisions"}],"predecessor-version":[{"id":94779,"href":"https:\/\/www.evafm.net\/sitio\/wp-json\/wp\/v2\/posts\/94777\/revisions\/94779"}],"wp:featuredmedia":[{"embeddable":true,"href":"https:\/\/www.evafm.net\/sitio\/wp-json\/wp\/v2\/media\/94778"}],"wp:attachment":[{"href":"https:\/\/www.evafm.net\/sitio\/wp-json\/wp\/v2\/media?parent=94777"}],"wp:term":[{"taxonomy":"category","embeddable":true,"href":"https:\/\/www.evafm.net\/sitio\/wp-json\/wp\/v2\/categories?post=94777"},{"taxonomy":"post_tag","embeddable":true,"href":"https:\/\/www.evafm.net\/sitio\/wp-json\/wp\/v2\/tags?post=94777"}],"curies":[{"name":"wp","href":"https:\/\/api.w.org\/{rel}","templated":true}]}}