{"id":94780,"date":"2025-10-15T14:40:25","date_gmt":"2025-10-15T19:40:25","guid":{"rendered":"https:\/\/www.evafm.net\/sitio\/?p=94780"},"modified":"2025-10-15T14:40:25","modified_gmt":"2025-10-15T19:40:25","slug":"miler-bolanos-negocia-su-renovacion-de-contrato-con-guayaquil-city","status":"publish","type":"post","link":"https:\/\/www.evafm.net\/sitio\/miler-bolanos-negocia-su-renovacion-de-contrato-con-guayaquil-city\/","title":{"rendered":"Miler Bola\u00f1os negocia su renovaci\u00f3n de contrato con Guayaquil City"},"content":{"rendered":"<p><a href=\"https:\/\/www.ecuavisa.com\/metadatos\/-\/meta\/guayaquil-city\" target=\"_blank\" rel=\"noopener noreferrer\" data-mrf-link=\"https:\/\/www.ecuavisa.com\/metadatos\/-\/meta\/guayaquil-city\">Guayaquil City<\/a>\u00a0consigui\u00f3 el ascenso a la Serie A con varias fechas de anticipaci\u00f3n, tras dos a\u00f1os en la Serie B, y el\u00a0<b>entrenador de los ciudadanos,\u00a0<a href=\"https:\/\/www.ecuavisa.com\/metadatos\/-\/meta\/pool-gavilanez\" target=\"_blank\" rel=\"noopener noreferrer\" data-mrf-link=\"https:\/\/www.ecuavisa.com\/metadatos\/-\/meta\/pool-gavilanez\">Pool Gavil\u00e1nez<\/a>, ya planea la pr\u00f3xima temporada.<\/b><\/p>\n<p>El director t\u00e9cnico ecuatoriano habl\u00f3 de la conformaci\u00f3n del plantel para el 2026 y esperan\u00a0<b>mantener a la mayor\u00eda de sus jugadores<\/b>, entre ellos a<strong> Miler Bola\u00f1os.<\/strong><\/p>\n<p>\u201cTodos los jugadores del City tienen contratos a largo plazo, hay unos cuantos por ah\u00ed que no.<\/p>\n<p><b>Ojal\u00e1 que Miler Bola\u00f1os, en estos d\u00edas, ya pueda firmar la renovaci\u00f3n\u00a0<\/b>porque es fundamental para nosotros\u201d, agreg\u00f3 Gavil\u00e1nez.<\/p>\n<p>&nbsp;<\/p>\n<p>A inicio de a\u00f1o, a pesar del inter\u00e9s de varios clubes, el<b>\u00a0Killer firm\u00f3 una extensi\u00f3n de contrato hasta finales de este 2025<\/b>, por lo que ya est\u00e1n en conversaciones para una nueva renovaci\u00f3n.<\/p>\n<p><a href=\"https:\/\/www.ecuavisa.com\/deportes\/futbol-nacional\/guayaquil-city-remonto-y-sello-su-ascenso-a-la-serie-a-FF10267002\" target=\"_blank\" rel=\"noopener noreferrer\" data-mrf-link=\"https:\/\/www.ecuavisa.com\/deportes\/futbol-nacional\/guayaquil-city-remonto-y-sello-su-ascenso-a-la-serie-a-FF10267002\">Despu\u00e9s del ascenso<\/a>, el Guayaquil City deber\u00e1 pensar en su encuentro ante Emelec por los cuartos de final de la Copa Ecuador.<\/p>\n<p><b>El partido se jugar\u00e1 el 22 de octubre, a las 18:00,<\/b>\u00a0en el estadio Christian Ben\u00edtez.<\/p>\n<p>&nbsp;<\/p>\n<div id=\"\" class=\"portlet-boundary portlet-static-end content-viewer-portlet c_002_001 u-ampliada-contenido last full-access norestricted\">\n<div class=\"DETAIL_TXT AMPLIADA_SECOND\">\n<div class=\"text \" data-mrf-recirculation=\"ArticuloLinkEC\">\n<div class=\"paragraph\">\n<p>Tambi\u00e9n, Pool agreg\u00f3 que\u00a0<b>\u201cel equipo que ascendi\u00f3 est\u00e1 m\u00e1s fuerte estructuralmente.\u00a0<\/b>As\u00ed que vamos a tratar de demostrarlo en el pr\u00f3ximo a\u00f1o\u201d, apunt\u00f3.<\/p>\n<p>Finalmente, Gavil\u00e1nez adelant\u00f3 que en las pr\u00f3ximas semanas el Guayaquil City<b> anunciar\u00e1 la construcci\u00f3n de su propio predio. (D)<\/b><\/p>\n<p><strong>Fuente:<\/strong> evafm.net &#8211; ecuavisa.com<\/p>\n<\/div>\n<\/div>\n<\/div>\n<\/div>\n<div id=\"\" class=\"portlet-boundary portlet-static-end htmlcontainer-portlet\">\n<div><\/div>\n<\/div>\n<div id=\"\" class=\"portlet-boundary portlet-static-end adcontainer-portlet text-center mb-4 fondo_publicidad pub-if-text\"><\/div>\n<p>&nbsp;<\/p>\n<div class=\"gsp_post_data\" \r\n\t            data-post_type=\"post\" \r\n\t            data-cat=\"deportes-ecuador\" \r\n\t            data-modified=\"120\"\r\n\t            data-created=\"1760539225\"\r\n\t            data-title=\"Miler Bola\u00f1os negocia su renovaci\u00f3n de contrato con Guayaquil City\" \r\n\t            data-home=\"https:\/\/www.evafm.net\/sitio\"><\/div>","protected":false},"excerpt":{"rendered":"<p>Guayaquil City\u00a0consigui\u00f3 el ascenso a la Serie A con varias fechas de anticipaci\u00f3n, tras dos a\u00f1os en la Serie B, y el\u00a0entrenador de los ciudadanos,\u00a0Pool Gavil\u00e1nez, ya planea la pr\u00f3xima temporada. El director t\u00e9cnico ecuatoriano habl\u00f3 de la conformaci\u00f3n del plantel para el 2026 y esperan\u00a0mantener a la mayor\u00eda de sus jugadores, entre ellos a&#8230;<\/p>\n","protected":false},"author":5,"featured_media":94781,"comment_status":"closed","ping_status":"open","sticky":false,"template":"","format":"standard","meta":{"_joinchat":[],"footnotes":""},"categories":[1557],"tags":[],"class_list":["post-94780","post","type-post","status-publish","format-standard","has-post-thumbnail","hentry","category-deportes-ecuador","have-post-thumb"],"_links":{"self":[{"href":"https:\/\/www.evafm.net\/sitio\/wp-json\/wp\/v2\/posts\/94780","targetHints":{"allow":["GET"]}}],"collection":[{"href":"https:\/\/www.evafm.net\/sitio\/wp-json\/wp\/v2\/posts"}],"about":[{"href":"https:\/\/www.evafm.net\/sitio\/wp-json\/wp\/v2\/types\/post"}],"author":[{"embeddable":true,"href":"https:\/\/www.evafm.net\/sitio\/wp-json\/wp\/v2\/users\/5"}],"replies":[{"embeddable":true,"href":"https:\/\/www.evafm.net\/sitio\/wp-json\/wp\/v2\/comments?post=94780"}],"version-history":[{"count":1,"href":"https:\/\/www.evafm.net\/sitio\/wp-json\/wp\/v2\/posts\/94780\/revisions"}],"predecessor-version":[{"id":94782,"href":"https:\/\/www.evafm.net\/sitio\/wp-json\/wp\/v2\/posts\/94780\/revisions\/94782"}],"wp:featuredmedia":[{"embeddable":true,"href":"https:\/\/www.evafm.net\/sitio\/wp-json\/wp\/v2\/media\/94781"}],"wp:attachment":[{"href":"https:\/\/www.evafm.net\/sitio\/wp-json\/wp\/v2\/media?parent=94780"}],"wp:term":[{"taxonomy":"category","embeddable":true,"href":"https:\/\/www.evafm.net\/sitio\/wp-json\/wp\/v2\/categories?post=94780"},{"taxonomy":"post_tag","embeddable":true,"href":"https:\/\/www.evafm.net\/sitio\/wp-json\/wp\/v2\/tags?post=94780"}],"curies":[{"name":"wp","href":"https:\/\/api.w.org\/{rel}","templated":true}]}}