{"id":95274,"date":"2025-10-28T23:08:59","date_gmt":"2025-10-29T04:08:59","guid":{"rendered":"https:\/\/www.evafm.net\/sitio\/?p=95274"},"modified":"2025-10-28T23:08:59","modified_gmt":"2025-10-29T04:08:59","slug":"emelec-desmiente-que-jorge-guzman-vaya-a-renunciar","status":"publish","type":"post","link":"https:\/\/www.evafm.net\/sitio\/emelec-desmiente-que-jorge-guzman-vaya-a-renunciar\/","title":{"rendered":"Emelec desmiente que Jorge Guzm\u00e1n vaya a renunciar"},"content":{"rendered":"<p>El\u00a0<a href=\"https:\/\/www.ecuavisa.com\/deportes\/emelec\" data-mrf-link=\"https:\/\/www.ecuavisa.com\/deportes\/emelec\"><b>Club Sport Emelec<\/b>\u00a0<\/a>emiti\u00f3 un comunicado oficial en el que aclar\u00f3 la situaci\u00f3n actual de su dirigencia y desminti\u00f3 los rumores sobre una supuesta renuncia de su presidente,\u00a0<b>Jorge Guzm\u00e1n Mancilla.<\/b><\/p>\n<p>La instituci\u00f3n el\u00e9ctrica se\u00f1al\u00f3 que el ingeniero\u00a0<b>Guzm\u00e1n\u00a0<\/b>no ha presentado ni presentar\u00e1 su renuncia, y rechaz\u00f3 \u00abde forma categ\u00f3rica los rumores y la desinformaci\u00f3n\u00bb que, seg\u00fan el comunicado, buscan generar inestabilidad y afectar la imagen del club.<\/p>\n<p>&nbsp;<\/p>\n<p>Emelec tambi\u00e9n se refiri\u00f3 a la decisi\u00f3n del plantel profesional de no presentarse a los entrenamientos, afirmando que mantendr\u00e1 una postura firme y que se apegar\u00e1 estrictamente a los contratos vigentes.<\/p>\n<p>\u00abEl club seguir\u00e1 operando con absoluta normalidad en todas sus instalaciones: estadio\u00a0<b>George Capwell,<\/b>\u00a0complejo de Los Samanes y complejo Rocafuerte\u00bb, detall\u00f3 la directiva azul.<\/p>\n<p>En el mismo comunicado,<b>\u00a0Emelec<\/b>\u00a0rechaz\u00f3 las campa\u00f1as medi\u00e1ticas que buscan da\u00f1ar su imagen institucional y record\u00f3 que, de acuerdo con sus estatutos, quienes aspiren a dirigir al club deber\u00e1n esperar los comicios previstos para 2029.<\/p>\n<p>&nbsp;<\/p>\n<p>Adem\u00e1s, la directiva inform\u00f3 que se est\u00e1n realizando los pagos pendientes al plantel profesional, e hizo un llamado a todos los miembros de la instituci\u00f3n a actuar conforme a las normas y obligaciones contractuales.<\/p>\n<p>Con este pronunciamiento,<b>\u00a0Emelec<\/b> busca transmitir estabilidad y continuidad administrativa, asegurando que sus actividades deportivas y operativas contin\u00faan desarroll\u00e1ndose con total normalidad.<strong>(D)<\/strong><\/p>\n<div class=\"css-1dbjc4n r-18u37iz r-kzbkwu\">\n<div class=\"css-1dbjc4n r-1ny4l3l\">\n<div class=\"css-1dbjc4n r-1adg3ll r-bztko3\" data-testid=\"UserAvatar-Container-CSEmelec\">\n<div class=\"r-1p0dtai r-1pi2tsx r-1d2f490 r-u8s1d r-ipm5af r-13qz1uu\">\n<div class=\"css-1dbjc4n r-1adg3ll r-1pi2tsx r-1wyvozj r-bztko3 r-u8s1d r-1v2oles r-desppf r-13qz1uu\">\n<div class=\"r-1p0dtai r-1pi2tsx r-1d2f490 r-u8s1d r-ipm5af r-13qz1uu\">\n<div class=\"css-1dbjc4n r-sdzlij r-ggadg3 r-1udh08x r-u8s1d r-8jfcpp\">\n<div class=\"css-1dbjc4n r-sdzlij r-1wyvozj r-1udh08x r-u8s1d r-1v2oles r-desppf\">\n<div class=\"css-1dbjc4n r-12181gd r-1pi2tsx r-1ny4l3l r-o7ynqc r-6416eg r-13qz1uu\"><\/div>\n<\/div>\n<\/div>\n<\/div>\n<\/div>\n<\/div>\n<\/div>\n<\/div>\n<div class=\"css-1dbjc4n r-eqz5dr r-1777fci r-4amgru r-1kh6xel\">\n<div class=\"css-1dbjc4n r-1ny4l3l\">\n<div class=\"css-1dbjc4n r-1wbh5a2 r-dnmrzs r-1ny4l3l\">\n<div class=\"css-1dbjc4n r-1wbh5a2 r-dnmrzs r-1ny4l3l\">\n<div class=\"css-1dbjc4n r-1awozwy r-18u37iz r-dnmrzs\">\n<div class=\"css-901oao r-1awozwy r-18jsvk2 r-6koalj r-1qd0xha r-a023e6 r-b88u0q r-rjixqe r-bcqeeo r-1udh08x r-3s2u2q r-qvutc0\" dir=\"auto\"><strong><span class=\"css-901oao css-16my406 css-1hf3ou5 r-poiln3 r-bcqeeo r-qvutc0\"><span class=\"css-901oao css-16my406 r-poiln3 r-bcqeeo r-qvutc0\">Club Sport Emelec<\/span><\/span><\/strong><\/div>\n<div class=\"css-901oao r-18jsvk2 r-xoduu5 r-18u37iz r-1q142lx r-1qd0xha r-a023e6 r-16dba41 r-rjixqe r-bcqeeo r-qvutc0\" dir=\"auto\"><\/div>\n<\/div>\n<div class=\"css-1dbjc4n r-1awozwy r-18u37iz r-1wbh5a2\">\n<div class=\"css-1dbjc4n\">\n<div class=\"css-901oao css-1hf3ou5 r-14j79pv r-18u37iz r-1qd0xha r-1wvb978 r-a023e6 r-16dba41 r-rjixqe r-bcqeeo r-qvutc0\" dir=\"ltr\"><strong><span class=\"css-901oao css-16my406 r-poiln3 r-bcqeeo r-qvutc0\">@CSEmelec<\/span><\/strong><\/div>\n<\/div>\n<div class=\"css-1dbjc4n r-18u37iz r-1q142lx\">\n<div class=\"css-901oao r-14j79pv r-1q142lx r-1qd0xha r-a023e6 r-16dba41 r-rjixqe r-bcqeeo r-s1qlax r-qvutc0\" dir=\"auto\" aria-hidden=\"true\"><\/div>\n<\/div>\n<\/div>\n<\/div>\n<\/div>\n<\/div>\n<\/div>\n<\/div>\n<div class=\"css-1dbjc4n\">\n<div class=\"css-901oao r-18jsvk2 r-1dqbpge r-1qd0xha r-adyw6z r-16dba41 r-135wba7 r-bcqeeo r-bnwqim r-qvutc0\" dir=\"auto\" lang=\"pt\" data-testid=\"tweetText\"><strong><span class=\"css-901oao css-16my406 r-poiln3 r-bcqeeo r-qvutc0\"> Comunicado Oficial<\/span><\/strong><\/div>\n<\/div>\n<p><img fetchpriority=\"high\" decoding=\"async\" class=\"\" src=\"https:\/\/pbs.twimg.com\/media\/G4XGDtbXcAAnaEU?format=jpg&amp;name=small\" alt=\"Imagen\" width=\"800\" height=\"1000\" \/><\/p>\n<p>&nbsp;<\/p>\n<p><strong>Fuente:<\/strong> evafm.net &#8211; ecuavisa.com<\/p>\n<div class=\"gsp_post_data\" \r\n\t            data-post_type=\"post\" \r\n\t            data-cat=\"deportes-ecuador,general\" \r\n\t            data-modified=\"120\"\r\n\t            data-created=\"1761692939\"\r\n\t            data-title=\"Emelec desmiente que Jorge Guzm\u00e1n vaya a renunciar\" \r\n\t            data-home=\"https:\/\/www.evafm.net\/sitio\"><\/div>","protected":false},"excerpt":{"rendered":"<p>El\u00a0Club Sport Emelec\u00a0emiti\u00f3 un comunicado oficial en el que aclar\u00f3 la situaci\u00f3n actual de su dirigencia y desminti\u00f3 los rumores sobre una supuesta renuncia de su presidente,\u00a0Jorge Guzm\u00e1n Mancilla. La instituci\u00f3n el\u00e9ctrica se\u00f1al\u00f3 que el ingeniero\u00a0Guzm\u00e1n\u00a0no ha presentado ni presentar\u00e1 su renuncia, y rechaz\u00f3 \u00abde forma categ\u00f3rica los rumores y la desinformaci\u00f3n\u00bb que, seg\u00fan el&#8230;<\/p>\n","protected":false},"author":5,"featured_media":95307,"comment_status":"closed","ping_status":"open","sticky":false,"template":"","format":"standard","meta":{"_joinchat":[],"footnotes":""},"categories":[1557,1720],"tags":[],"class_list":["post-95274","post","type-post","status-publish","format-standard","has-post-thumbnail","hentry","category-deportes-ecuador","category-general","have-post-thumb"],"_links":{"self":[{"href":"https:\/\/www.evafm.net\/sitio\/wp-json\/wp\/v2\/posts\/95274","targetHints":{"allow":["GET"]}}],"collection":[{"href":"https:\/\/www.evafm.net\/sitio\/wp-json\/wp\/v2\/posts"}],"about":[{"href":"https:\/\/www.evafm.net\/sitio\/wp-json\/wp\/v2\/types\/post"}],"author":[{"embeddable":true,"href":"https:\/\/www.evafm.net\/sitio\/wp-json\/wp\/v2\/users\/5"}],"replies":[{"embeddable":true,"href":"https:\/\/www.evafm.net\/sitio\/wp-json\/wp\/v2\/comments?post=95274"}],"version-history":[{"count":1,"href":"https:\/\/www.evafm.net\/sitio\/wp-json\/wp\/v2\/posts\/95274\/revisions"}],"predecessor-version":[{"id":95308,"href":"https:\/\/www.evafm.net\/sitio\/wp-json\/wp\/v2\/posts\/95274\/revisions\/95308"}],"wp:featuredmedia":[{"embeddable":true,"href":"https:\/\/www.evafm.net\/sitio\/wp-json\/wp\/v2\/media\/95307"}],"wp:attachment":[{"href":"https:\/\/www.evafm.net\/sitio\/wp-json\/wp\/v2\/media?parent=95274"}],"wp:term":[{"taxonomy":"category","embeddable":true,"href":"https:\/\/www.evafm.net\/sitio\/wp-json\/wp\/v2\/categories?post=95274"},{"taxonomy":"post_tag","embeddable":true,"href":"https:\/\/www.evafm.net\/sitio\/wp-json\/wp\/v2\/tags?post=95274"}],"curies":[{"name":"wp","href":"https:\/\/api.w.org\/{rel}","templated":true}]}}