{"id":95314,"date":"2025-11-01T11:28:25","date_gmt":"2025-11-01T16:28:25","guid":{"rendered":"https:\/\/www.evafm.net\/sitio\/?p=95314"},"modified":"2025-11-01T11:28:25","modified_gmt":"2025-11-01T16:28:25","slug":"guayaquil-city-rechaza-resolucion-del-tas-y-apelara","status":"publish","type":"post","link":"https:\/\/www.evafm.net\/sitio\/guayaquil-city-rechaza-resolucion-del-tas-y-apelara\/","title":{"rendered":"Guayaquil City rechaza resoluci\u00f3n del TAS y apelar\u00e1"},"content":{"rendered":"<p>El<b>\u00a0Tribunal Arbitral del Deporte (TAS)<\/b>\u00a0provoc\u00f3 un verdadero terremoto en la<b>\u00a0LigaPro Serie B 2025,<\/b>\u00a0al ratificar la sanci\u00f3n de tres puntos impuesta por la<b>\u00a0Federaci\u00f3n Ecuatoriana de F\u00fatbol (FEF)<\/b>\u00a0contra\u00a0<b><a href=\"https:\/\/www.ecuavisa.com\/metadatos\/-\/meta\/guayaquil-city\" data-mrf-link=\"https:\/\/www.ecuavisa.com\/metadatos\/-\/meta\/guayaquil-city\">Guayaquil City<\/a><\/b>, debido a una deuda disciplinaria que el club no cancel\u00f3 a tiempo.<\/p>\n<p>La resoluci\u00f3n llega pocos d\u00edas despu\u00e9s de que el equipo \u2018Ciudadano\u2019 celebrara su ascenso y t\u00edtulo del torneo, tras cerrar con 57 puntos en la tabla.<\/p>\n<p>Sin embargo, con la deducci\u00f3n, <b>Guayaquil City<\/b>\u00a0cae a 54 unidades, apenas un punto por encima de\u00a0<b>Leones del Norte (53),<\/b>\u00a0dejando la definici\u00f3n del campeonato en suspenso hasta el \u00faltimo<\/p>\n<p>partido, programado para este mi\u00e9rcoles.<\/p>\n<p>&nbsp;<\/p>\n<p>El\u00a0<b>TAS<\/b>\u00a0tambi\u00e9n levant\u00f3 la medida cautelar que el club hab\u00eda solicitado, confirmando el fallo emitido por la\u00a0<b>Comisi\u00f3n Disciplinaria<\/b>\u00a0de la\u00a0<b>FEF\u00a0<\/b>el pasado 10 de junio de 2025.<\/p>\n<p>Tras conocerse la decisi\u00f3n,\u00a0<b>Guayaquil City<\/b>\u00a0public\u00f3 un comunicado oficial en el que expres\u00f3 su rechazo total al fallo y anunci\u00f3 que presentar\u00e1 un recurso de anulaci\u00f3n ante el\u00a0<b>Tribunal Federal Suizo.<\/b><\/p>\n<p>&nbsp;<\/p>\n<div class=\"paragraph\">\n<p>\u00abDefenderemos nuestros derechos, la justicia y el f\u00fatbol limpio.\u00a0<b>Guayaquil City\u00a0<\/b>no se dejar\u00e1 intimidar. Contra todo y contra todos, seguiremos luchando por la transparencia que nuestro deporte merece\u00bb, se\u00f1al\u00f3 el club.<\/p>\n<\/div>\n<div class=\"paragraph\">\n<p>El origen de la sanci\u00f3n est\u00e1 relacionado con una multa disciplinaria pendiente, aunque el conjunto guayaquile\u00f1o sostiene que hubo irregularidades en el proceso, afirmando que no exist\u00eda una\u00a0<b>Comisi\u00f3n Disciplinaria<\/b>\u00a0activa al momento de los hechos y que los plazos estaban suspendidos.<\/p>\n<p>Con el campeonato a\u00fan abierto y una batalla legal en marcha, la Serie B 2025 entra en sus horas m\u00e1s tensas: Guayaquil City deber\u00e1 esperar el resultado de la \u00faltima jornada y las decisiones judiciales que podr\u00edan definir su futuro deportivo.<strong>(D)<\/strong><\/p>\n<\/div>\n<div class=\"css-1dbjc4n r-18u37iz r-kzbkwu\">\n<div class=\"css-1dbjc4n r-1ny4l3l\">\n<div class=\"css-1dbjc4n r-1adg3ll r-bztko3\" data-testid=\"UserAvatar-Container-GuayaquilCityFC\">\n<div class=\"r-1p0dtai r-1pi2tsx r-1d2f490 r-u8s1d r-ipm5af r-13qz1uu\">\n<div class=\"css-1dbjc4n r-1adg3ll r-1pi2tsx r-1wyvozj r-bztko3 r-u8s1d r-1v2oles r-desppf r-13qz1uu\">\n<div class=\"r-1p0dtai r-1pi2tsx r-1d2f490 r-u8s1d r-ipm5af r-13qz1uu\">\n<div class=\"css-1dbjc4n r-sdzlij r-ggadg3 r-1udh08x r-u8s1d r-8jfcpp\">\n<div class=\"css-1dbjc4n r-sdzlij r-1wyvozj r-1udh08x r-633pao r-u8s1d r-1v2oles r-desppf\">\n<div class=\"css-1dbjc4n r-14lw9ot r-1pi2tsx r-13qz1uu\"><\/div>\n<\/div>\n<div class=\"css-1dbjc4n r-sdzlij r-1wyvozj r-1udh08x r-u8s1d r-1v2oles r-desppf\">\n<div class=\"css-1dbjc4n r-12181gd r-1pi2tsx r-1ny4l3l r-o7ynqc r-6416eg r-13qz1uu\"><\/div>\n<\/div>\n<\/div>\n<\/div>\n<\/div>\n<\/div>\n<\/div>\n<\/div>\n<div class=\"css-1dbjc4n r-eqz5dr r-1777fci r-4amgru r-1kh6xel\">\n<div class=\"css-1dbjc4n r-1ny4l3l\">\n<div class=\"css-1dbjc4n r-1wbh5a2 r-dnmrzs r-1ny4l3l\">\n<div class=\"css-1dbjc4n r-1wbh5a2 r-dnmrzs r-1ny4l3l\">\n<div class=\"css-1dbjc4n r-1awozwy r-18u37iz r-dnmrzs\">\n<div class=\"css-901oao r-1awozwy r-18jsvk2 r-6koalj r-1qd0xha r-a023e6 r-b88u0q r-rjixqe r-bcqeeo r-1udh08x r-3s2u2q r-qvutc0\" dir=\"auto\"><strong><span class=\"css-901oao css-16my406 css-1hf3ou5 r-poiln3 r-bcqeeo r-qvutc0\"><span class=\"css-901oao css-16my406 r-poiln3 r-bcqeeo r-qvutc0\">Guayaquil City FC<\/span><\/span><\/strong><\/div>\n<div class=\"css-901oao r-18jsvk2 r-xoduu5 r-18u37iz r-1q142lx r-1qd0xha r-a023e6 r-16dba41 r-rjixqe r-bcqeeo r-qvutc0\" dir=\"auto\"><\/div>\n<\/div>\n<div class=\"css-1dbjc4n r-1awozwy r-18u37iz r-1wbh5a2\">\n<div class=\"css-1dbjc4n\">\n<div class=\"css-901oao css-1hf3ou5 r-14j79pv r-18u37iz r-1qd0xha r-1wvb978 r-a023e6 r-16dba41 r-rjixqe r-bcqeeo r-qvutc0\" dir=\"ltr\"><strong><span class=\"css-901oao css-16my406 r-poiln3 r-bcqeeo r-qvutc0\">@GuayaquilCityFC<\/span><\/strong><\/div>\n<\/div>\n<div class=\"css-1dbjc4n r-18u37iz r-1q142lx\">\n<div class=\"css-901oao r-14j79pv r-1q142lx r-1qd0xha r-a023e6 r-16dba41 r-rjixqe r-bcqeeo r-s1qlax r-qvutc0\" dir=\"auto\" aria-hidden=\"true\"><strong><span class=\"css-901oao css-16my406 r-poiln3 r-bcqeeo r-qvutc0\">\u00b7<\/span><\/strong><\/div>\n<p><strong><a class=\"css-4rbku5 css-18t94o4 css-901oao r-1loqt21 r-1qd0xha r-a023e6 r-b88u0q r-rjixqe r-bcqeeo r-qvutc0\" dir=\"auto\" role=\"link\" href=\"https:\/\/twitter.com\/intent\/follow?ref_src=twsrc%5Etfw%7Ctwcamp%5Etweetembed%7Ctwterm%5E1983282956866027562%7Ctwgr%5Eab44b90c6bc2f1189ccfb31094e1d3399dd851a1%7Ctwcon%5Es1_&amp;ref_url=https%3A%2F%2Fwww.ecuavisa.com%2Fdeportes%2Ffutbol-nacional%2Fguayaquil-city-rechaza-resolucion-del-tas-y-apelara-serie-b-JH10350382&amp;screen_name=GuayaquilCityFC\" target=\"_blank\" rel=\"noopener noreferrer nofollow\"><span class=\"css-901oao css-16my406 r-poiln3 r-bcqeeo r-qvutc0\">Seguir<\/span><\/a><\/strong><\/p>\n<\/div>\n<\/div>\n<\/div>\n<\/div>\n<\/div>\n<\/div>\n<\/div>\n<div class=\"css-1dbjc4n\">\n<div class=\"css-901oao r-18jsvk2 r-1dqbpge r-1qd0xha r-adyw6z r-16dba41 r-135wba7 r-bcqeeo r-bnwqim r-qvutc0\" dir=\"auto\" lang=\"pt\" data-testid=\"tweetText\"><strong><span class=\"css-901oao css-16my406 r-poiln3 r-bcqeeo r-qvutc0\">COMUNICADO OFICIAL<\/span><\/strong><\/div>\n<\/div>\n<p><img decoding=\"async\" src=\"https:\/\/pbs.twimg.com\/media\/G4YJVjtWQAEzlQt?format=jpg&amp;name=small\" alt=\"Imagen\" \/><\/p>\n<p>&nbsp;<\/p>\n<p><strong>Fuente:<\/strong> evafm.net &#8211; ecuavisa.com<\/p>\n<div class=\"gsp_post_data\" \r\n\t            data-post_type=\"post\" \r\n\t            data-cat=\"deportes-ecuador,general\" \r\n\t            data-modified=\"120\"\r\n\t            data-created=\"1761996505\"\r\n\t            data-title=\"Guayaquil City rechaza resoluci\u00f3n del TAS y apelar\u00e1\" \r\n\t            data-home=\"https:\/\/www.evafm.net\/sitio\"><\/div>","protected":false},"excerpt":{"rendered":"<p>El\u00a0Tribunal Arbitral del Deporte (TAS)\u00a0provoc\u00f3 un verdadero terremoto en la\u00a0LigaPro Serie B 2025,\u00a0al ratificar la sanci\u00f3n de tres puntos impuesta por la\u00a0Federaci\u00f3n Ecuatoriana de F\u00fatbol (FEF)\u00a0contra\u00a0Guayaquil City, debido a una deuda disciplinaria que el club no cancel\u00f3 a tiempo. La resoluci\u00f3n llega pocos d\u00edas despu\u00e9s de que el equipo \u2018Ciudadano\u2019 celebrara su ascenso y t\u00edtulo&#8230;<\/p>\n","protected":false},"author":5,"featured_media":95426,"comment_status":"closed","ping_status":"open","sticky":false,"template":"","format":"standard","meta":{"_joinchat":[],"footnotes":""},"categories":[1557,1720],"tags":[],"class_list":["post-95314","post","type-post","status-publish","format-standard","has-post-thumbnail","hentry","category-deportes-ecuador","category-general","have-post-thumb"],"_links":{"self":[{"href":"https:\/\/www.evafm.net\/sitio\/wp-json\/wp\/v2\/posts\/95314","targetHints":{"allow":["GET"]}}],"collection":[{"href":"https:\/\/www.evafm.net\/sitio\/wp-json\/wp\/v2\/posts"}],"about":[{"href":"https:\/\/www.evafm.net\/sitio\/wp-json\/wp\/v2\/types\/post"}],"author":[{"embeddable":true,"href":"https:\/\/www.evafm.net\/sitio\/wp-json\/wp\/v2\/users\/5"}],"replies":[{"embeddable":true,"href":"https:\/\/www.evafm.net\/sitio\/wp-json\/wp\/v2\/comments?post=95314"}],"version-history":[{"count":1,"href":"https:\/\/www.evafm.net\/sitio\/wp-json\/wp\/v2\/posts\/95314\/revisions"}],"predecessor-version":[{"id":95427,"href":"https:\/\/www.evafm.net\/sitio\/wp-json\/wp\/v2\/posts\/95314\/revisions\/95427"}],"wp:featuredmedia":[{"embeddable":true,"href":"https:\/\/www.evafm.net\/sitio\/wp-json\/wp\/v2\/media\/95426"}],"wp:attachment":[{"href":"https:\/\/www.evafm.net\/sitio\/wp-json\/wp\/v2\/media?parent=95314"}],"wp:term":[{"taxonomy":"category","embeddable":true,"href":"https:\/\/www.evafm.net\/sitio\/wp-json\/wp\/v2\/categories?post=95314"},{"taxonomy":"post_tag","embeddable":true,"href":"https:\/\/www.evafm.net\/sitio\/wp-json\/wp\/v2\/tags?post=95314"}],"curies":[{"name":"wp","href":"https:\/\/api.w.org\/{rel}","templated":true}]}}