{"id":95578,"date":"2025-11-05T13:08:04","date_gmt":"2025-11-05T18:08:04","guid":{"rendered":"https:\/\/www.evafm.net\/sitio\/?p=95578"},"modified":"2025-11-05T13:08:04","modified_gmt":"2025-11-05T18:08:04","slug":"mikel-arteta-sobre-piero-hincapie","status":"publish","type":"post","link":"https:\/\/www.evafm.net\/sitio\/mikel-arteta-sobre-piero-hincapie\/","title":{"rendered":"Mikel Arteta sobre Piero Hincapie"},"content":{"rendered":"<p>El debut de<a href=\"https:\/\/www.ecuavisa.com\/metadatos\/-\/meta\/piero-hincapie\" data-mrf-link=\"https:\/\/www.ecuavisa.com\/metadatos\/-\/meta\/piero-hincapie\">\u00a0<b>Piero Hincapi\u00e9\u00a0<\/b><\/a>como titular en la\u00a0<b>Champions League<\/b>\u00a0con el\u00a0<b>Arsenal<\/b>\u00a0dej\u00f3 grandes sensaciones en el cuerpo t\u00e9cnico y en la afici\u00f3n gunner.<\/p>\n<p>El ecuatoriano fue una de las figuras en la victoria 3-0 sobre el\u00a0<b>Slavia Praga,<\/b>\u00a0encuentro disputado este martes en el\u00a0<b>Fortuna Arena<\/b>, donde el defensor<\/p>\n<p>de 23 a\u00f1os actu\u00f3 como lateral izquierdo y gan\u00f3 todos los duelos defensivos que disput\u00f3 durante los 73 minutos que permaneci\u00f3 en cancha.<\/p>\n<p>Su rendimiento no pas\u00f3 inadvertido para\u00a0<b>Mikel Arteta<\/b>, entrenador del Arsenal, quien se mostr\u00f3 satisfecho con la actuaci\u00f3n del tricolor y explic\u00f3 el plan que<\/p>\n<p>el club est\u00e1 implementando para que recupere ritmo competitivo tras su reciente lesi\u00f3n muscular<\/p>\n<p>&nbsp;<\/p>\n<p>\u00abEstoy muy contento. Puede jugar en esas dos posiciones, de central o de lateral. Ten\u00eda que plantear el partido y prever la situaci\u00f3n con el bal\u00f3n, quer\u00eda que jugara m\u00e1s retrasado.<\/p>\n<p><b>Me pareci\u00f3 que estuvo muy bien, fuerte y eficiente.<\/b><\/p>\n<p>Ahora ha tenido minutos en los \u00faltimos partidos, as\u00ed que lo estamos poniendo a punto\u00bb, declar\u00f3\u00a0<b>Arteta<\/b>\u00a0en la rueda de prensa posterior al encuentro.<\/p>\n<div id=\"sunmedia-div\"><\/div>\n<p>El t\u00e9cnico espa\u00f1ol subray\u00f3 adem\u00e1s la versatilidad t\u00e1ctica del defensor y reconoci\u00f3 que est\u00e1 siendo llevado con precauci\u00f3n luego de su problema en la<b>\u00a0ingle, raz\u00f3n por la cual a\u00fan<\/b><\/p>\n<p><b> no completa los 90 minutos.\u00a0<\/b>\u00abEstamos manejando sus cargas para que no tenga una reca\u00edda\u00bb, apunt\u00f3. <strong>(D)<\/strong><\/p>\n<p><strong>Fuente:<\/strong> evafm.net &#8211; ecuavisa.com<\/p>\n<p>&nbsp;<\/p>\n<p>&nbsp;<\/p>\n<div class=\"gsp_post_data\" \r\n\t            data-post_type=\"post\" \r\n\t            data-cat=\"deportes-internacionales\" \r\n\t            data-modified=\"120\"\r\n\t            data-created=\"1762348084\"\r\n\t            data-title=\"Mikel Arteta sobre Piero Hincapie\" \r\n\t            data-home=\"https:\/\/www.evafm.net\/sitio\"><\/div>","protected":false},"excerpt":{"rendered":"<p>El debut de\u00a0Piero Hincapi\u00e9\u00a0como titular en la\u00a0Champions League\u00a0con el\u00a0Arsenal\u00a0dej\u00f3 grandes sensaciones en el cuerpo t\u00e9cnico y en la afici\u00f3n gunner. El ecuatoriano fue una de las figuras en la victoria 3-0 sobre el\u00a0Slavia Praga,\u00a0encuentro disputado este martes en el\u00a0Fortuna Arena, donde el defensor de 23 a\u00f1os actu\u00f3 como lateral izquierdo y gan\u00f3 todos los duelos&#8230;<\/p>\n","protected":false},"author":5,"featured_media":95579,"comment_status":"closed","ping_status":"open","sticky":false,"template":"","format":"standard","meta":{"_joinchat":[],"footnotes":""},"categories":[1342],"tags":[],"class_list":["post-95578","post","type-post","status-publish","format-standard","has-post-thumbnail","hentry","category-deportes-internacionales","have-post-thumb"],"_links":{"self":[{"href":"https:\/\/www.evafm.net\/sitio\/wp-json\/wp\/v2\/posts\/95578","targetHints":{"allow":["GET"]}}],"collection":[{"href":"https:\/\/www.evafm.net\/sitio\/wp-json\/wp\/v2\/posts"}],"about":[{"href":"https:\/\/www.evafm.net\/sitio\/wp-json\/wp\/v2\/types\/post"}],"author":[{"embeddable":true,"href":"https:\/\/www.evafm.net\/sitio\/wp-json\/wp\/v2\/users\/5"}],"replies":[{"embeddable":true,"href":"https:\/\/www.evafm.net\/sitio\/wp-json\/wp\/v2\/comments?post=95578"}],"version-history":[{"count":1,"href":"https:\/\/www.evafm.net\/sitio\/wp-json\/wp\/v2\/posts\/95578\/revisions"}],"predecessor-version":[{"id":95580,"href":"https:\/\/www.evafm.net\/sitio\/wp-json\/wp\/v2\/posts\/95578\/revisions\/95580"}],"wp:featuredmedia":[{"embeddable":true,"href":"https:\/\/www.evafm.net\/sitio\/wp-json\/wp\/v2\/media\/95579"}],"wp:attachment":[{"href":"https:\/\/www.evafm.net\/sitio\/wp-json\/wp\/v2\/media?parent=95578"}],"wp:term":[{"taxonomy":"category","embeddable":true,"href":"https:\/\/www.evafm.net\/sitio\/wp-json\/wp\/v2\/categories?post=95578"},{"taxonomy":"post_tag","embeddable":true,"href":"https:\/\/www.evafm.net\/sitio\/wp-json\/wp\/v2\/tags?post=95578"}],"curies":[{"name":"wp","href":"https:\/\/api.w.org\/{rel}","templated":true}]}}