{"id":95596,"date":"2025-11-06T11:08:22","date_gmt":"2025-11-06T16:08:22","guid":{"rendered":"https:\/\/www.evafm.net\/sitio\/?p=95596"},"modified":"2025-11-06T11:08:22","modified_gmt":"2025-11-06T16:08:22","slug":"barcelona-sc-estaria-negociando-por-el-fichaje-de-jose-carabali","status":"publish","type":"post","link":"https:\/\/www.evafm.net\/sitio\/barcelona-sc-estaria-negociando-por-el-fichaje-de-jose-carabali\/","title":{"rendered":"Barcelona SC estar\u00eda negociando por el fichaje de Jos\u00e9 Carabal\u00ed"},"content":{"rendered":"<p><b><a href=\"https:\/\/www.ecuavisa.com\/metadatos\/-\/meta\/barcelona-sc\" data-mrf-link=\"https:\/\/www.ecuavisa.com\/metadatos\/-\/meta\/barcelona-sc\">Barcelona SC\u00a0<\/a><\/b>ya piensa en el 2026 y ahora podr\u00eda buscar el fichaje del ecuatoriano\u00a0<b>Jos\u00e9 Carabal\u00ed<\/b>, quien actualmente brilla en Per\u00fa.<\/p>\n<p>Seg\u00fan el periodista\u00a0<b>Andr\u00e9s Illinworth,<\/b>\u00a0el jugador sostuvo durante el fin de semana una reuni\u00f3n con representantes de<b>\u00a0Barcelona SC,<\/b>\u00a0quienes le presentaron una propuesta para incorporarlo a sus filas en 2026.<\/p>\n<div id=\"\" class=\"portlet-boundary portlet-static-end content-viewer-portlet c_002_001 u-ampliada-contenido last full-access norestricted\">\n<div class=\"DETAIL_TXT AMPLIADA_SECOND\">\n<div class=\"text \" data-mrf-recirculation=\"ArticuloLinkEC\">\n<div class=\"paragraph\">\n<p>Hasta el momento, no se conocen detalles sobre la oferta econ\u00f3mica o deportiva, ni si<b>\u00a0Carabal\u00ed\u00a0<\/b>ha tomado una decisi\u00f3n definitiva sobre su futuro.<\/p>\n<div id=\"sunmedia-div\"><\/div>\n<p>El futbolista, que ha tenido un paso destacado por\u00a0<b>Universidad Cat\u00f3lica\u00a0<\/b>y cuenta con experiencia en el f\u00fatbol ecuatoriano, evaluar\u00e1 en las pr\u00f3ximas semanas si el proyecto deportivo del conjunto torero se ajusta a sus expectativas y objetivos profesionales.<\/p>\n<p>Actualmente es una pieza clave en la estructura de Universitario de Per\u00fa, siendo un jugador potente y r\u00e1pido por banda. <strong>(D)<\/strong><\/p>\n<p><strong>Fuente:<\/strong> evafm.net &#8211; ecuavisa.com<\/p>\n<\/div>\n<\/div>\n<\/div>\n<\/div>\n<div id=\"\" class=\"portlet-boundary portlet-static-end htmlcontainer-portlet\">\n<div><\/div>\n<\/div>\n<div id=\"\" class=\"portlet-boundary portlet-static-end adcontainer-portlet text-center mb-4 fondo_publicidad pub-if-text\">\n<div>\n<div id=\"Top3\" class=\"ads-RDTop3 ec-ads\" data-ads=\"Top3\" data-google-query-id=\"CL2nosTz3ZADFSLoKAUd-9gPvQ\"><\/div>\n<\/div>\n<\/div>\n<div class=\"gsp_post_data\" \r\n\t            data-post_type=\"post\" \r\n\t            data-cat=\"deportes-ecuador\" \r\n\t            data-modified=\"120\"\r\n\t            data-created=\"1762427302\"\r\n\t            data-title=\"Barcelona SC estar\u00eda negociando por el fichaje de Jos\u00e9 Carabal\u00ed\" \r\n\t            data-home=\"https:\/\/www.evafm.net\/sitio\"><\/div>","protected":false},"excerpt":{"rendered":"<p>Barcelona SC\u00a0ya piensa en el 2026 y ahora podr\u00eda buscar el fichaje del ecuatoriano\u00a0Jos\u00e9 Carabal\u00ed, quien actualmente brilla en Per\u00fa. Seg\u00fan el periodista\u00a0Andr\u00e9s Illinworth,\u00a0el jugador sostuvo durante el fin de semana una reuni\u00f3n con representantes de\u00a0Barcelona SC,\u00a0quienes le presentaron una propuesta para incorporarlo a sus filas en 2026. Hasta el momento, no se conocen detalles&#8230;<\/p>\n","protected":false},"author":5,"featured_media":95597,"comment_status":"closed","ping_status":"open","sticky":false,"template":"","format":"standard","meta":{"_joinchat":[],"footnotes":""},"categories":[1557],"tags":[],"class_list":["post-95596","post","type-post","status-publish","format-standard","has-post-thumbnail","hentry","category-deportes-ecuador","have-post-thumb"],"_links":{"self":[{"href":"https:\/\/www.evafm.net\/sitio\/wp-json\/wp\/v2\/posts\/95596","targetHints":{"allow":["GET"]}}],"collection":[{"href":"https:\/\/www.evafm.net\/sitio\/wp-json\/wp\/v2\/posts"}],"about":[{"href":"https:\/\/www.evafm.net\/sitio\/wp-json\/wp\/v2\/types\/post"}],"author":[{"embeddable":true,"href":"https:\/\/www.evafm.net\/sitio\/wp-json\/wp\/v2\/users\/5"}],"replies":[{"embeddable":true,"href":"https:\/\/www.evafm.net\/sitio\/wp-json\/wp\/v2\/comments?post=95596"}],"version-history":[{"count":1,"href":"https:\/\/www.evafm.net\/sitio\/wp-json\/wp\/v2\/posts\/95596\/revisions"}],"predecessor-version":[{"id":95598,"href":"https:\/\/www.evafm.net\/sitio\/wp-json\/wp\/v2\/posts\/95596\/revisions\/95598"}],"wp:featuredmedia":[{"embeddable":true,"href":"https:\/\/www.evafm.net\/sitio\/wp-json\/wp\/v2\/media\/95597"}],"wp:attachment":[{"href":"https:\/\/www.evafm.net\/sitio\/wp-json\/wp\/v2\/media?parent=95596"}],"wp:term":[{"taxonomy":"category","embeddable":true,"href":"https:\/\/www.evafm.net\/sitio\/wp-json\/wp\/v2\/categories?post=95596"},{"taxonomy":"post_tag","embeddable":true,"href":"https:\/\/www.evafm.net\/sitio\/wp-json\/wp\/v2\/tags?post=95596"}],"curies":[{"name":"wp","href":"https:\/\/api.w.org\/{rel}","templated":true}]}}