{"id":95599,"date":"2025-11-06T11:17:12","date_gmt":"2025-11-06T16:17:12","guid":{"rendered":"https:\/\/www.evafm.net\/sitio\/?p=95599"},"modified":"2025-11-06T11:17:12","modified_gmt":"2025-11-06T16:17:12","slug":"el-estadio-olimpico-atahualpa-estrena-nueva-plaza","status":"publish","type":"post","link":"https:\/\/www.evafm.net\/sitio\/el-estadio-olimpico-atahualpa-estrena-nueva-plaza\/","title":{"rendered":"El Estadio Ol\u00edmpico Atahualpa estrena nueva plaza"},"content":{"rendered":"<p>La noche de este 5 de noviembre, el\u00a0<b>Viceministerio del Deporte<\/b>\u00a0inaugur\u00f3 la nueva plaza del\u00a0<a href=\"https:\/\/www.ecuavisa.com\/metadatos\/-\/meta\/estadio-olimpico-atahualpa\" data-mrf-link=\"https:\/\/www.ecuavisa.com\/metadatos\/-\/meta\/estadio-olimpico-atahualpa\">Estadio Ol\u00edmpico Atahualpa<\/a>, ubicada en los exteriores de este emblem\u00e1tico escenario deportivo de Quito.<\/p>\n<p>El Gobierno ecuatoriano contin\u00faa recuperando y revitalizando este hist\u00f3rico estadio, que durante varios a\u00f1os permaneci\u00f3 en el abandono.<\/p>\n<p>Ahora,\u00a0<b>el espacio cuenta con una moderna plaza\u00a0<\/b>destinada para el disfrute de los aficionados y de la ciudadan\u00eda capitalina.<\/p>\n<p>\u201cCon la presencia del viceministro del Deporte, Jos\u00e9 David Jim\u00e9nez,\u00a0<b>inauguramos la nueva plaza del Estadio Ol\u00edmpico Atahualpa<\/b>, una obra que engalana a Quito y fortalece el legado del deporte ecuatoriano\u201d, public\u00f3 la cuenta oficial del Viceministerio del <strong>Deporte en X.<\/strong><\/p>\n<p>&nbsp;<\/p>\n<p>Durante este a\u00f1o, el\u00a0<b>Estadio Ol\u00edmpico Atahualpa<\/b>\u00a0ha recibido diversas mejoras.<\/p>\n<p>En su interior se han instalado\u00a0<b>fotograf\u00edas hist\u00f3ricas<\/b>\u00a0que recuerdan grandes momentos del deporte nacional, como la\u00a0<b>primera clasificaci\u00f3n de Ecuador a un Mundial<\/b>.<\/p>\n<p>Adem\u00e1s, el recinto cuenta ahora con una\u00a0<b>terraza panor\u00e1mica<\/b>\u00a0que ofrece una vista privilegiada del centro norte de Quito, y su\u00a0<b>fachada fue renovada<\/b><\/p>\n<p>Sin embargo, su\u00a0<b>infraestructura a\u00fan requiere trabajos adicionales<\/b>\u00a0para estar a la altura de albergar nuevamente partidos oficiales de la\u00a0<b>selecci\u00f3n ecuatoriana de f\u00fatbol<\/b>.<strong>(D)<\/strong><\/p>\n<div class=\"css-1dbjc4n r-18u37iz r-kzbkwu\">\n<div class=\"css-1dbjc4n r-1ny4l3l\">\n<div class=\"css-1dbjc4n r-1adg3ll r-bztko3\" data-testid=\"UserAvatar-Container-DeporteEc\">\n<div class=\"r-1p0dtai r-1pi2tsx r-1d2f490 r-u8s1d r-ipm5af r-13qz1uu\">\n<div class=\"css-1dbjc4n r-1adg3ll r-1pi2tsx r-1wyvozj r-bztko3 r-u8s1d r-1v2oles r-desppf r-13qz1uu\">\n<div class=\"r-1p0dtai r-1pi2tsx r-1d2f490 r-u8s1d r-ipm5af r-13qz1uu\">\n<div class=\"css-1dbjc4n r-sdzlij r-ggadg3 r-1udh08x r-u8s1d r-8jfcpp\">\n<div class=\"css-1dbjc4n r-14lw9ot r-sdzlij r-1wyvozj r-1udh08x r-633pao r-u8s1d r-1v2oles r-desppf\">\n<div class=\"css-1dbjc4n r-1adg3ll r-1udh08x\">\n<div class=\"r-1p0dtai r-1pi2tsx r-1d2f490 r-u8s1d r-ipm5af r-13qz1uu\">\n<div class=\"css-1dbjc4n r-1p0dtai r-1mlwlqe r-1d2f490 r-1udh08x r-u8s1d r-zchlnj r-ipm5af r-417010\" aria-label=\"\">\n<div class=\"css-1dbjc4n r-1niwhzg r-vvn4in r-u6sd8q r-4gszlv r-1p0dtai r-1pi2tsx r-1d2f490 r-u8s1d r-zchlnj r-ipm5af r-13qz1uu r-1wyyakw\"><\/div>\n<\/div>\n<\/div>\n<\/div>\n<\/div>\n<div class=\"css-1dbjc4n r-sdzlij r-1wyvozj r-1udh08x r-u8s1d r-1v2oles r-desppf\">\n<div class=\"css-1dbjc4n r-12181gd r-1pi2tsx r-1ny4l3l r-o7ynqc r-6416eg r-13qz1uu\"><\/div>\n<\/div>\n<\/div>\n<\/div>\n<\/div>\n<\/div>\n<\/div>\n<\/div>\n<div class=\"css-1dbjc4n r-eqz5dr r-1777fci r-4amgru r-1kh6xel\">\n<div class=\"css-1dbjc4n r-1ny4l3l\">\n<div class=\"css-1dbjc4n r-1wbh5a2 r-dnmrzs r-1ny4l3l\">\n<div class=\"css-1dbjc4n r-1wbh5a2 r-dnmrzs r-1ny4l3l\">\n<div class=\"css-1dbjc4n r-1awozwy r-18u37iz r-dnmrzs\">\n<div class=\"css-901oao r-1awozwy r-18jsvk2 r-6koalj r-1qd0xha r-a023e6 r-b88u0q r-rjixqe r-bcqeeo r-1udh08x r-3s2u2q r-qvutc0\" dir=\"auto\"><span class=\"css-901oao css-16my406 css-1hf3ou5 r-poiln3 r-bcqeeo r-qvutc0\"><strong><span class=\"css-901oao css-16my406 r-poiln3 r-bcqeeo r-qvutc0\">Viceministerio del Deporte\u00a0<\/span><\/strong><\/span><\/div>\n<div class=\"css-901oao r-18jsvk2 r-xoduu5 r-18u37iz r-1q142lx r-1qd0xha r-a023e6 r-16dba41 r-rjixqe r-bcqeeo r-qvutc0\" dir=\"auto\"><\/div>\n<\/div>\n<div class=\"css-1dbjc4n r-1awozwy r-18u37iz r-1wbh5a2\">\n<div class=\"css-1dbjc4n\">\n<div class=\"css-901oao css-1hf3ou5 r-14j79pv r-18u37iz r-1qd0xha r-1wvb978 r-a023e6 r-16dba41 r-rjixqe r-bcqeeo r-qvutc0\" dir=\"ltr\"><span class=\"css-901oao css-16my406 r-poiln3 r-bcqeeo r-qvutc0\">@DeporteEc<\/span><\/div>\n<\/div>\n<div class=\"css-1dbjc4n r-18u37iz r-1q142lx\">\n<div class=\"css-901oao r-14j79pv r-1q142lx r-1qd0xha r-a023e6 r-16dba41 r-rjixqe r-bcqeeo r-s1qlax r-qvutc0\" dir=\"auto\" aria-hidden=\"true\"><span class=\"css-901oao css-16my406 r-poiln3 r-bcqeeo r-qvutc0\">\u00b7<\/span><\/div>\n<p><a class=\"css-4rbku5 css-18t94o4 css-901oao r-1loqt21 r-1qd0xha r-a023e6 r-b88u0q r-rjixqe r-bcqeeo r-qvutc0\" dir=\"auto\" role=\"link\" href=\"https:\/\/twitter.com\/intent\/follow?ref_src=twsrc%5Etfw%7Ctwcamp%5Etweetembed%7Ctwterm%5E1986266651965399478%7Ctwgr%5Ed6ac8bba71948601aafe04ff2b5010a42ec41388%7Ctwcon%5Es1_&amp;ref_url=https%3A%2F%2Fwww.ecuavisa.com%2Fdeportes%2Ffutbol-nacional%2Festadio-olimpico-atahualpa-estrena-nueva-plaza-gobierno-viceministro-deporte-HK10381134&amp;screen_name=DeporteEc\" target=\"_blank\" rel=\"noopener noreferrer nofollow\"><span class=\"css-901oao css-16my406 r-poiln3 r-bcqeeo r-qvutc0\">Seguir<\/span><\/a><\/div>\n<\/div>\n<\/div>\n<\/div>\n<\/div>\n<\/div>\n<\/div>\n<div class=\"css-1dbjc4n\">\n<div class=\"css-901oao r-18jsvk2 r-1dqbpge r-1qd0xha r-adyw6z r-16dba41 r-135wba7 r-bcqeeo r-bnwqim r-qvutc0\" dir=\"auto\" lang=\"es\" data-testid=\"tweetText\"><span class=\"css-901oao css-16my406 r-poiln3 r-bcqeeo r-qvutc0\">Con la presencia del viceministro del <\/span><span class=\"r-18u37iz\"><a class=\"css-4rbku5 css-18t94o4 css-901oao css-16my406 r-1loqt21 r-poiln3 r-bcqeeo r-qvutc0\" dir=\"ltr\" role=\"link\" href=\"https:\/\/twitter.com\/DeporteEc?ref_src=twsrc%5Etfw%7Ctwcamp%5Etweetembed%7Ctwterm%5E1986266651965399478%7Ctwgr%5Ed6ac8bba71948601aafe04ff2b5010a42ec41388%7Ctwcon%5Es1_&amp;ref_url=https%3A%2F%2Fwww.ecuavisa.com%2Fdeportes%2Ffutbol-nacional%2Festadio-olimpico-atahualpa-estrena-nueva-plaza-gobierno-viceministro-deporte-HK10381134\" target=\"_blank\" rel=\"noopener noreferrer nofollow\">@DeporteEc<\/a><\/span><span class=\"css-901oao css-16my406 r-poiln3 r-bcqeeo r-qvutc0\">, <\/span><span class=\"r-18u37iz\"><a class=\"css-4rbku5 css-18t94o4 css-901oao css-16my406 r-1loqt21 r-poiln3 r-bcqeeo r-qvutc0\" dir=\"ltr\" role=\"link\" href=\"https:\/\/twitter.com\/JDJimenezV?ref_src=twsrc%5Etfw%7Ctwcamp%5Etweetembed%7Ctwterm%5E1986266651965399478%7Ctwgr%5Ed6ac8bba71948601aafe04ff2b5010a42ec41388%7Ctwcon%5Es1_&amp;ref_url=https%3A%2F%2Fwww.ecuavisa.com%2Fdeportes%2Ffutbol-nacional%2Festadio-olimpico-atahualpa-estrena-nueva-plaza-gobierno-viceministro-deporte-HK10381134\" target=\"_blank\" rel=\"noopener noreferrer nofollow\">@JDJimenezV<\/a><\/span><span class=\"css-901oao css-16my406 r-poiln3 r-bcqeeo r-qvutc0\">, inauguramos la nueva plaza del Estadio Ol\u00edmpico Atahualpa<\/span><\/div>\n<div class=\"css-901oao r-18jsvk2 r-1dqbpge r-1qd0xha r-adyw6z r-16dba41 r-135wba7 r-bcqeeo r-bnwqim r-qvutc0\" dir=\"auto\" lang=\"es\" data-testid=\"tweetText\"><span class=\"css-901oao css-16my406 r-poiln3 r-bcqeeo r-qvutc0\"> una obra que engalana a Quito y fortalece el legado del deporte ecuatoriano. <\/span><span class=\"css-901oao css-16my406 r-poiln3 r-bcqeeo r-qvutc0\"> Seguimos construyendo espacios que unen al pa\u00eds.<\/span><\/div>\n<\/div>\n<div dir=\"auto\" lang=\"es\" data-testid=\"tweetText\"><\/div>\n<div dir=\"auto\" lang=\"es\" data-testid=\"tweetText\"><\/div>\n<div dir=\"auto\" lang=\"es\" data-testid=\"tweetText\"><\/div>\n<div dir=\"auto\" lang=\"es\" data-testid=\"tweetText\"><\/div>\n<div dir=\"auto\" lang=\"es\" data-testid=\"tweetText\"><\/div>\n<div dir=\"auto\" lang=\"es\" data-testid=\"tweetText\"><img fetchpriority=\"high\" decoding=\"async\" class=\"\" src=\"https:\/\/pbs.twimg.com\/media\/G5Ci_h6WwAAE3Nd?format=jpg&amp;name=large\" alt=\"Imagen\" width=\"915\" height=\"610\" \/><\/div>\n<div dir=\"auto\" lang=\"es\" data-testid=\"tweetText\"><\/div>\n<div dir=\"auto\" lang=\"es\" data-testid=\"tweetText\"><\/div>\n<div dir=\"auto\" lang=\"es\" data-testid=\"tweetText\"><\/div>\n<div dir=\"auto\" lang=\"es\" data-testid=\"tweetText\"><img decoding=\"async\" class=\"\" src=\"https:\/\/pbs.twimg.com\/media\/G5Ci_mIWwAEV4mq?format=jpg&amp;name=large\" alt=\"Imagen\" width=\"918\" height=\"612\" \/><\/div>\n<div dir=\"auto\" lang=\"es\" data-testid=\"tweetText\"><\/div>\n<div dir=\"auto\" lang=\"es\" data-testid=\"tweetText\"><strong>Fuente:<\/strong> evafm.net &#8211; ecuavisa.com<\/div>\n<div dir=\"auto\" lang=\"es\" data-testid=\"tweetText\"><\/div>\n<div class=\"gsp_post_data\" \r\n\t            data-post_type=\"post\" \r\n\t            data-cat=\"deportes-ecuador\" \r\n\t            data-modified=\"120\"\r\n\t            data-created=\"1762427832\"\r\n\t            data-title=\"El Estadio Ol\u00edmpico Atahualpa estrena nueva plaza\" \r\n\t            data-home=\"https:\/\/www.evafm.net\/sitio\"><\/div>","protected":false},"excerpt":{"rendered":"<p>La noche de este 5 de noviembre, el\u00a0Viceministerio del Deporte\u00a0inaugur\u00f3 la nueva plaza del\u00a0Estadio Ol\u00edmpico Atahualpa, ubicada en los exteriores de este emblem\u00e1tico escenario deportivo de Quito. El Gobierno ecuatoriano contin\u00faa recuperando y revitalizando este hist\u00f3rico estadio, que durante varios a\u00f1os permaneci\u00f3 en el abandono. Ahora,\u00a0el espacio cuenta con una moderna plaza\u00a0destinada para el disfrute&#8230;<\/p>\n","protected":false},"author":5,"featured_media":95600,"comment_status":"closed","ping_status":"open","sticky":false,"template":"","format":"standard","meta":{"_joinchat":[],"footnotes":""},"categories":[1557],"tags":[],"class_list":["post-95599","post","type-post","status-publish","format-standard","has-post-thumbnail","hentry","category-deportes-ecuador","have-post-thumb"],"_links":{"self":[{"href":"https:\/\/www.evafm.net\/sitio\/wp-json\/wp\/v2\/posts\/95599","targetHints":{"allow":["GET"]}}],"collection":[{"href":"https:\/\/www.evafm.net\/sitio\/wp-json\/wp\/v2\/posts"}],"about":[{"href":"https:\/\/www.evafm.net\/sitio\/wp-json\/wp\/v2\/types\/post"}],"author":[{"embeddable":true,"href":"https:\/\/www.evafm.net\/sitio\/wp-json\/wp\/v2\/users\/5"}],"replies":[{"embeddable":true,"href":"https:\/\/www.evafm.net\/sitio\/wp-json\/wp\/v2\/comments?post=95599"}],"version-history":[{"count":1,"href":"https:\/\/www.evafm.net\/sitio\/wp-json\/wp\/v2\/posts\/95599\/revisions"}],"predecessor-version":[{"id":95601,"href":"https:\/\/www.evafm.net\/sitio\/wp-json\/wp\/v2\/posts\/95599\/revisions\/95601"}],"wp:featuredmedia":[{"embeddable":true,"href":"https:\/\/www.evafm.net\/sitio\/wp-json\/wp\/v2\/media\/95600"}],"wp:attachment":[{"href":"https:\/\/www.evafm.net\/sitio\/wp-json\/wp\/v2\/media?parent=95599"}],"wp:term":[{"taxonomy":"category","embeddable":true,"href":"https:\/\/www.evafm.net\/sitio\/wp-json\/wp\/v2\/categories?post=95599"},{"taxonomy":"post_tag","embeddable":true,"href":"https:\/\/www.evafm.net\/sitio\/wp-json\/wp\/v2\/tags?post=95599"}],"curies":[{"name":"wp","href":"https:\/\/api.w.org\/{rel}","templated":true}]}}