{"id":95609,"date":"2025-11-06T11:42:40","date_gmt":"2025-11-06T16:42:40","guid":{"rendered":"https:\/\/www.evafm.net\/sitio\/?p=95609"},"modified":"2025-11-06T11:42:40","modified_gmt":"2025-11-06T16:42:40","slug":"gonzalo-plata-sumo-otra-expulsion-en-flamengo","status":"publish","type":"post","link":"https:\/\/www.evafm.net\/sitio\/gonzalo-plata-sumo-otra-expulsion-en-flamengo\/","title":{"rendered":"Gonzalo Plata sum\u00f3 otra expulsi\u00f3n en Flamengo"},"content":{"rendered":"<p><b><a href=\"https:\/\/www.ecuavisa.com\/metadatos\/-\/meta\/flamengo\" data-mrf-link=\"https:\/\/www.ecuavisa.com\/metadatos\/-\/meta\/flamengo\">Gonzalo Plata<\/a>\u00a0<\/b>volvi\u00f3 a ser protagonista de una pol\u00e9mica en el f\u00fatbol brasile\u00f1o. El extremo del\u00a0<b>Flamengo<\/b>\u00a0fue expulsado durante el empate 2\u20132 frente a\u00a0<b>Sao Paulo<\/b>, en el duelo correspondiente a la jornada 32 del\u00a0<b>Brasileirao Serie A 2025.<\/b><\/p>\n<p>&nbsp;<\/p>\n<p>Plata arranc\u00f3 como titular en el esquema del t\u00e9cnico<b>\u00a0Filipe Luis<\/b>, pero su participaci\u00f3n se vio truncada tras una acci\u00f3n contra su compatriota\u00a0<b>Robert Arboleda.<\/b><\/p>\n<p>El\u00a0<b>\u00e1rbitro Rodrigo Pereira<\/b>\u00a0no dud\u00f3 en mostrarle la tarjeta roja directa luego de que el jugador pisara al defensor de Sao Paulo durante la disputa de un bal\u00f3n dividido.<\/p>\n<p>Con esta, ya son tres las expulsiones que acumula el atacante ecuatoriano en apenas 50 d\u00edas, una cifra que ha generado preocupaci\u00f3n en el entorno del club carioca.<\/p>\n<p>La m\u00e1s reciente hab\u00eda ocurrido en el compromiso de semifinales de la Copa Libertadores ante Racing, cuando Plata fue sancionado por una fuerte entrada sobre Marcos Rojo. Pese a esa expulsi\u00f3n,\u00a0<b>Flamengo<\/b> logr\u00f3 avanzar a la gran final del torneo continental, que se disputar\u00e1 en Lima. <strong>(D)<\/strong><\/p>\n<p><strong>Fuente:<\/strong> evafm.net &#8211; ecuavisa.com<\/p>\n<p>&nbsp;<\/p>\n<div class=\"gsp_post_data\" \r\n\t            data-post_type=\"post\" \r\n\t            data-cat=\"deportes-internacionales\" \r\n\t            data-modified=\"120\"\r\n\t            data-created=\"1762429360\"\r\n\t            data-title=\"Gonzalo Plata sum\u00f3 otra expulsi\u00f3n en Flamengo\" \r\n\t            data-home=\"https:\/\/www.evafm.net\/sitio\"><\/div>","protected":false},"excerpt":{"rendered":"<p>Gonzalo Plata\u00a0volvi\u00f3 a ser protagonista de una pol\u00e9mica en el f\u00fatbol brasile\u00f1o. El extremo del\u00a0Flamengo\u00a0fue expulsado durante el empate 2\u20132 frente a\u00a0Sao Paulo, en el duelo correspondiente a la jornada 32 del\u00a0Brasileirao Serie A 2025. &nbsp; Plata arranc\u00f3 como titular en el esquema del t\u00e9cnico\u00a0Filipe Luis, pero su participaci\u00f3n se vio truncada tras una acci\u00f3n&#8230;<\/p>\n","protected":false},"author":5,"featured_media":95610,"comment_status":"closed","ping_status":"open","sticky":false,"template":"","format":"standard","meta":{"_joinchat":[],"footnotes":""},"categories":[1342],"tags":[],"class_list":["post-95609","post","type-post","status-publish","format-standard","has-post-thumbnail","hentry","category-deportes-internacionales","have-post-thumb"],"_links":{"self":[{"href":"https:\/\/www.evafm.net\/sitio\/wp-json\/wp\/v2\/posts\/95609","targetHints":{"allow":["GET"]}}],"collection":[{"href":"https:\/\/www.evafm.net\/sitio\/wp-json\/wp\/v2\/posts"}],"about":[{"href":"https:\/\/www.evafm.net\/sitio\/wp-json\/wp\/v2\/types\/post"}],"author":[{"embeddable":true,"href":"https:\/\/www.evafm.net\/sitio\/wp-json\/wp\/v2\/users\/5"}],"replies":[{"embeddable":true,"href":"https:\/\/www.evafm.net\/sitio\/wp-json\/wp\/v2\/comments?post=95609"}],"version-history":[{"count":1,"href":"https:\/\/www.evafm.net\/sitio\/wp-json\/wp\/v2\/posts\/95609\/revisions"}],"predecessor-version":[{"id":95611,"href":"https:\/\/www.evafm.net\/sitio\/wp-json\/wp\/v2\/posts\/95609\/revisions\/95611"}],"wp:featuredmedia":[{"embeddable":true,"href":"https:\/\/www.evafm.net\/sitio\/wp-json\/wp\/v2\/media\/95610"}],"wp:attachment":[{"href":"https:\/\/www.evafm.net\/sitio\/wp-json\/wp\/v2\/media?parent=95609"}],"wp:term":[{"taxonomy":"category","embeddable":true,"href":"https:\/\/www.evafm.net\/sitio\/wp-json\/wp\/v2\/categories?post=95609"},{"taxonomy":"post_tag","embeddable":true,"href":"https:\/\/www.evafm.net\/sitio\/wp-json\/wp\/v2\/tags?post=95609"}],"curies":[{"name":"wp","href":"https:\/\/api.w.org\/{rel}","templated":true}]}}