{"id":95679,"date":"2025-11-09T22:10:45","date_gmt":"2025-11-10T03:10:45","guid":{"rendered":"https:\/\/www.evafm.net\/sitio\/?p=95679"},"modified":"2025-11-09T22:10:45","modified_gmt":"2025-11-10T03:10:45","slug":"daniel-noboa-llego-a-bolivia-para-la-investidura-presidencial-de-rodrigo-paz-pereira","status":"publish","type":"post","link":"https:\/\/www.evafm.net\/sitio\/daniel-noboa-llego-a-bolivia-para-la-investidura-presidencial-de-rodrigo-paz-pereira\/","title":{"rendered":"Daniel Noboa lleg\u00f3 a Bolivia para la investidura presidencial de Rodrigo Paz Pereira"},"content":{"rendered":"<p>El presidente\u00a0<a href=\"https:\/\/www.ecuavisa.com\/metadatos\/-\/meta\/daniel-noboa\" target=\"_blank\" rel=\"noopener noreferrer\" data-mrf-link=\"https:\/\/www.ecuavisa.com\/metadatos\/-\/meta\/daniel-noboa\">Daniel Noboa<\/a>\u00a0lleg\u00f3 este viernes 7 de noviembre a Bolivia para participar en el acto de investidura del presidente electo de\u00a0<b>Bolivia, Rodrigo Paz Pereira,\u00a0<\/b>presencia que marca un cambio para las relaciones de ambos pa\u00edses tras el alejamiento del ecuatoriano por su tendencia conservadora.<\/p>\n<p>Noboa lleg\u00f3 en un avi\u00f3n de la<b>\u00a0Fuerza A\u00e9rea Ecuatoriana<\/b>\u00a0al Aeropuerto Internacional de El Alto, ciudad vecina de La Paz, a las 21:45 hora local (01:45 GMT) y fue recibido por la canciller saliente, Celinda Sosa.<\/p>\n<p>El mandatario ecuatoriano recibi\u00f3 los honores por parte del\u00a0<b>regimiento &#8216;Colorados de Bolivia&#8217;<\/b>, a los que salud\u00f3 para luego tomar un veh\u00edculo que lo llevar\u00e1 a La Paz.<\/p>\n<p>Noboa fue el t<b>ercer mandatario en arribar a La Paz\u00a0<\/b>este viernes, le antecedieron el presidente de Uruguay, Yamand\u00fa Orsi, y el de Chile, Gabriel Boric.<\/p>\n<p>&nbsp;<\/p>\n<p><strong>Nueva relaci\u00f3n con Bolivia.<\/strong><\/p>\n<p>La llegada del presidente ecuatoriano marca un cambio en las relaciones con Bolivia, pues mientras<b>\u00a0Luis Arce<\/b>, de tendencia progresista, administr\u00f3 el pa\u00eds andino, Noboa se mantuvo alejado.<\/p>\n<p>Luego de que Paz ganara las elecciones, Noboa fue uno de los primeros gobernantes de la regi\u00f3n en<b>\u00a0felicitarlo\u00a0<\/b>y reiter\u00f3 \u00absu compromiso\u00bb de seguir trabajando junto a Bolivia \u00abpara fortalecer lazos de cooperaci\u00f3n, integraci\u00f3n y amistad\u00bb.<\/p>\n<p>En una entrevista con EFE tras ganar las elecciones, Paz afirm\u00f3 que su Gobierno establecer\u00e1<b>\u00a0relaciones internacionales<\/b>\u00a0con pa\u00edses que <strong>\u00abtengan la democracia como principio\u00bb.<\/strong><\/p>\n<p>&nbsp;<\/p>\n<p><strong>Otras autoridades en la investidura.<\/strong><\/p>\n<p>Tambi\u00e9n confirmaron su asistencia al cambio presidencial en Bolivia, el mandatario de Argentina, el ultraderechista Javier Milei, aliado de su hom\u00f3logo de Estados Unidos, Donald Trump, y de Paraguay, Santiago Pe\u00f1a, que llegar\u00e1n este s\u00e1bado.<\/p>\n<p>El subsecretario de Estado de Estados Unidos, Christopher Landau, ya est\u00e1 en La Paz desde esta jornada y asegur\u00f3 que este viaje es el \u00abm\u00e1s emotivo\u00bb de los que han realizado. Su arribo augura un acercamiento entre ambos pa\u00edses alejados por casi dos d\u00e9cadas.<\/p>\n<p>Al margen de los jefes de Estado, han confirmado su llegada a Bolivia el primer ministro de Per\u00fa, Ernesto \u00c1lvarez; el vicepresidente de Brasil, Geraldo Alckmin, y el canciller de Panam\u00e1, Javier Mart\u00ednez-Acha.<\/p>\n<p>La Canciller\u00eda de Bolivia inform\u00f3 que ya est\u00e1n en el pa\u00eds los vicepresidentes de El Salvador, F\u00e9lix Ulloa, y de Costa Rica, Stephan Brunner.<\/p>\n<p>Desde China llegar\u00e1 el ministro de Recursos H\u00eddricos, Li Gouying, como \u00abenviado especial\u00bb del presidente Xi Jinping.<\/p>\n<p>Los mandatarios de la regi\u00f3n, otros representantes de Estados, diplom\u00e1ticos e invitados especiales tendr\u00e1n un espacio exclusivo para participar en el acto de juramento de Paz, en la sede el Legislativo boliviano.<\/p>\n<p><strong>(I)<\/strong><\/p>\n<p><strong>Fuente:<\/strong> evafm.net &#8211; ecuavisa.com<\/p>\n<div class=\"gsp_post_data\" \r\n\t            data-post_type=\"post\" \r\n\t            data-cat=\"general,noticias-ecuador\" \r\n\t            data-modified=\"120\"\r\n\t            data-created=\"1762726245\"\r\n\t            data-title=\"Daniel Noboa lleg\u00f3 a Bolivia para la investidura presidencial de Rodrigo Paz Pereira\" \r\n\t            data-home=\"https:\/\/www.evafm.net\/sitio\"><\/div>","protected":false},"excerpt":{"rendered":"<p>El presidente\u00a0Daniel Noboa\u00a0lleg\u00f3 este viernes 7 de noviembre a Bolivia para participar en el acto de investidura del presidente electo de\u00a0Bolivia, Rodrigo Paz Pereira,\u00a0presencia que marca un cambio para las relaciones de ambos pa\u00edses tras el alejamiento del ecuatoriano por su tendencia conservadora. Noboa lleg\u00f3 en un avi\u00f3n de la\u00a0Fuerza A\u00e9rea Ecuatoriana\u00a0al Aeropuerto Internacional de&#8230;<\/p>\n","protected":false},"author":5,"featured_media":95727,"comment_status":"closed","ping_status":"open","sticky":false,"template":"","format":"standard","meta":{"_joinchat":[],"footnotes":""},"categories":[1720,1558],"tags":[],"class_list":["post-95679","post","type-post","status-publish","format-standard","has-post-thumbnail","hentry","category-general","category-noticias-ecuador","have-post-thumb"],"_links":{"self":[{"href":"https:\/\/www.evafm.net\/sitio\/wp-json\/wp\/v2\/posts\/95679","targetHints":{"allow":["GET"]}}],"collection":[{"href":"https:\/\/www.evafm.net\/sitio\/wp-json\/wp\/v2\/posts"}],"about":[{"href":"https:\/\/www.evafm.net\/sitio\/wp-json\/wp\/v2\/types\/post"}],"author":[{"embeddable":true,"href":"https:\/\/www.evafm.net\/sitio\/wp-json\/wp\/v2\/users\/5"}],"replies":[{"embeddable":true,"href":"https:\/\/www.evafm.net\/sitio\/wp-json\/wp\/v2\/comments?post=95679"}],"version-history":[{"count":1,"href":"https:\/\/www.evafm.net\/sitio\/wp-json\/wp\/v2\/posts\/95679\/revisions"}],"predecessor-version":[{"id":95728,"href":"https:\/\/www.evafm.net\/sitio\/wp-json\/wp\/v2\/posts\/95679\/revisions\/95728"}],"wp:featuredmedia":[{"embeddable":true,"href":"https:\/\/www.evafm.net\/sitio\/wp-json\/wp\/v2\/media\/95727"}],"wp:attachment":[{"href":"https:\/\/www.evafm.net\/sitio\/wp-json\/wp\/v2\/media?parent=95679"}],"wp:term":[{"taxonomy":"category","embeddable":true,"href":"https:\/\/www.evafm.net\/sitio\/wp-json\/wp\/v2\/categories?post=95679"},{"taxonomy":"post_tag","embeddable":true,"href":"https:\/\/www.evafm.net\/sitio\/wp-json\/wp\/v2\/tags?post=95679"}],"curies":[{"name":"wp","href":"https:\/\/api.w.org\/{rel}","templated":true}]}}