{"id":95680,"date":"2025-11-09T22:15:02","date_gmt":"2025-11-10T03:15:02","guid":{"rendered":"https:\/\/www.evafm.net\/sitio\/?p=95680"},"modified":"2025-11-09T22:15:02","modified_gmt":"2025-11-10T03:15:02","slug":"rodrigo-paz-asume-la-presidencia-de-bolivia","status":"publish","type":"post","link":"https:\/\/www.evafm.net\/sitio\/rodrigo-paz-asume-la-presidencia-de-bolivia\/","title":{"rendered":"Rodrigo Paz asume la Presidencia de Bolivia"},"content":{"rendered":"<p><b>Rodrigo Paz Pereira<\/b>, vencedor de la in\u00e9dita segunda vuelta en Bolivia y, por ende,\u00a0<b>presidente electo<\/b>\u00a0del pa\u00eds,\u00a0<b>ser\u00e1 investido este s\u00e1bado a las 10:00 local (14:00 GMT) como l\u00edder del Poder Ejecutivo<\/b>, inaugurando\u00a0<b>un nuevo ciclo pol\u00edtico y econ\u00f3mico en el pa\u00eds.<\/b><\/p>\n<p class=\"paragraph\" data-mrf-recirculation=\"Links inline\">El referente del\u00a0<b>Partido Dem\u00f3crata Cristiano<\/b>\u00a0(PDC) obtuvo el 54,96% de los votos en el balotaje del 19 de octubre frente al 45,04% del conservador\u00a0<b>Jorge \u201cTuto\u201d Quiroga<\/b>.<\/p>\n<p class=\"paragraph\" data-mrf-recirculation=\"Links inline\">El pol\u00edtico asumir\u00e1 en la primera sesi\u00f3n del nuevo Parlamento elegido el 17 de agosto, rompiendo casi dos d\u00e9cadas de hegemon\u00eda del Movimiento al Socialismo (MAS) y cerrando los ciclos del ex presidente\u00a0<b>Evo Morales\u00a0<\/b>y el saliente mandatario<b>\u00a0Luis Arce<\/b>.<\/p>\n<p class=\"paragraph\" data-mrf-recirculation=\"Links inline\">La gesti\u00f3n de Paz comienza en un contexto de profunda crisis:\u00a0<b>escasez de d\u00f3lares y combustibles, inflaci\u00f3n y encarecimiento de alimentos y servicios<\/b>.<\/p>\n<p class=\"paragraph\" data-mrf-recirculation=\"Links inline\">El presidente electo prometi\u00f3 aplicar un modelo de \u201c<b>capitalismo para todos<\/b>\u201d, con cr\u00e9ditos baratos para emprendedores y\u00a0<b>rebajas arancelarias<\/b>\u00a0a la importaci\u00f3n de tecnolog\u00eda y veh\u00edculos.<\/p>\n<p data-mrf-recirculation=\"Links inline\">La semana pasada,\u00a0<b>Paz viaj\u00f3 a Estados Unidos para reunirse con organismos multilaterales y asegurar la provisi\u00f3n de combustibles y la llegada de d\u00f3lares al pa\u00eds<\/b>.<\/p>\n<p data-mrf-recirculation=\"Links inline\">Durante su visita, se encontr\u00f3 con el secretario de Estado estadounidense,\u00a0<b>Marco Rubio<\/b>, en lo que su oficina destac\u00f3 como el inicio de una \u201c<b>nueva etapa<\/b>\u201d en la relaci\u00f3n bilateral, marcando distancia respecto a la postura los mandatarios de las \u00faltimas dos d\u00e9cadas.<\/p>\n<p data-mrf-recirculation=\"Links inline\">El presidente electo mantuvo reuniones con representantes de organismos multilaterales como el Banco Interamericano de Desarrollo (<b>BID<\/b>), el Fondo Monetario Internacional (<b>FMI<\/b>) y el Banco de Desarrollo de Am\u00e9rica Latina y el Caribe (<b>CAF<\/b>), con este \u00faltimo consolidando\u00a0<b>un acuerdo financiero por 3.100 millones de d\u00f3lares.<\/b><\/p>\n<p class=\"paragraph\" data-mrf-recirculation=\"Links inline\">Paz anticip\u00f3 que durante su gobierno\u00a0<b>solo establecer\u00e1 relaciones internacionales con pa\u00edses donde la democracia sea un pilar fundamental<\/b>.<\/p>\n<p class=\"paragraph\" data-mrf-recirculation=\"Links inline\">\u201cNuestro mensaje es claro: poner a Bolivia en el mundo y que el mundo venga a Bolivia, y para ello estamos haciendo todos los esfuerzos\u201d, afirm\u00f3.<\/p>\n<p class=\"paragraph\" data-mrf-recirculation=\"Links inline\">En di\u00e1logo con medios internacionales, precis\u00f3: \u201cHasta ahora hemos recibido saludos y compromisos de pa\u00edses que comparten los valores democr\u00e1ticos.\u00a0<b>Mi posici\u00f3n es firme<\/b>\u201d.<\/p>\n<p class=\"paragraph\" data-mrf-recirculation=\"Links inline\">En cuanto a Venezuela, se\u00f1al\u00f3 que aunque hay representaci\u00f3n diplom\u00e1tica en La Paz, no comparte \u201c<b>la modalidad democr\u00e1tica que dicen sostener<\/b>\u201d las autoridades venezolanas. \u201cNo la comparto y asumo que, a futuro, nuestras relaciones ser\u00e1n dentro del marco del respeto, pero est\u00e1 claro que yo voy a tener una relaci\u00f3n con pa\u00edses donde consideremos como Gobierno que tengan la democracia como un principio\u201d, enfatiz\u00f3 Paz.<\/p>\n<p data-mrf-recirculation=\"Links inline\">Paz revel\u00f3 que ya mantuvo un primer acercamiento con el subsecretario de Estado estadounidense,\u00a0<b>Christopher Landau<\/b>, y expres\u00f3 su inter\u00e9s en renovar las relaciones con Washington:<\/p>\n<p data-mrf-recirculation=\"Links inline\">\u201cEstados Unidos juega un rol preponderante con el cual vamos a restablecer, Dios mediante, si as\u00ed es la voluntad de partes, nuestra relaci\u00f3n\u201d, afirm\u00f3 el presidente electo.<\/p>\n<p data-mrf-recirculation=\"Links inline\"><strong>Luis Arce fue expulsado del MAS.<\/strong><\/p>\n<p class=\"paragraph\" data-mrf-recirculation=\"Links inline\">La asunci\u00f3n de Rodrigo Paz se da en un marco cr\u00edtico para la oposici\u00f3n del nuevo gobierno:\u00a0<b>el MAS, que gobern\u00f3 Bolivia casi dos d\u00e9cadas, expuls\u00f3 el jueves pasado al presidente saliente Arce a solo dos d\u00edas de entregar el poder a Rodrigo Paz<\/b>.<\/p>\n<div class=\"undefined ad-wrapper\">\n<div class=\"dfpAd \">\n<div id=\"america\/america_latina\/nota\/undefined\" class=\"america\/america_latina\/nota\/undefined arcad\"><\/div>\n<\/div>\n<\/div>\n<p class=\"paragraph\" data-mrf-recirculation=\"Links inline\">La decisi\u00f3n, anunciada por el jefe del partido, Grover Garc\u00eda, se atribuye a \u201cmalos resultados electorales\u201d, denuncias de corrupci\u00f3n no resueltas y acusaciones de deslealtad interna.<\/p>\n<p class=\"paragraph\" data-mrf-recirculation=\"Links inline\">\u201cHemos solicitado con varias notas que regularice los desv\u00edos y nunca regulariz\u00f3 hasta la fecha. Cabe informar por qu\u00e9 esos aportes nunca llegaron a las arcas del MAS\u201d, explic\u00f3 Garc\u00eda durante la conferencia de prensa.<strong>(I)<\/strong><\/p>\n<p data-mrf-recirculation=\"Links inline\"><img fetchpriority=\"high\" decoding=\"async\" class=\"global-image\" src=\"https:\/\/www.infobae.com\/resizer\/v2\/V24A33RZWFAG3IPKLZP6X6LGCA.jpg?auth=9fa7a02f9a6da75dde8c985f481ed0b9bea80f1635adf43029df091d5f041a49&amp;smart=true&amp;width=350&amp;height=197&amp;quality=85\" alt=\"Rodrigo Paz y Edmand Lara\" width=\"725\" height=\"408\" \/><\/p>\n<p data-mrf-recirculation=\"Links inline\">Rodrigo Paz y Edmand Lara se convertir\u00e1n oficialmente en presidente y vicepresidente de Bolivia<\/p>\n<p data-mrf-recirculation=\"Links inline\"><strong>(Captura de video)<\/strong><\/p>\n<div class=\"undefined ad-wrapper\">\n<div class=\"dfpAd \">\n<div id=\"america\/america_latina\/nota\/undefined\" class=\"america\/america_latina\/nota\/undefined arcad\"><\/div>\n<\/div>\n<\/div>\n<p class=\"paragraph\" data-mrf-recirculation=\"Links inline\"><strong><i>(Con informaci\u00f3n de EFE)<\/i><\/strong><\/p>\n<p data-mrf-recirculation=\"Links inline\"><strong>Fuente:<\/strong> evafm.net &#8211; infobae.com<\/p>\n<div class=\"gsp_post_data\" \r\n\t            data-post_type=\"post\" \r\n\t            data-cat=\"general,noticias-internacionales\" \r\n\t            data-modified=\"120\"\r\n\t            data-created=\"1762726502\"\r\n\t            data-title=\"Rodrigo Paz asume la Presidencia de Bolivia\" \r\n\t            data-home=\"https:\/\/www.evafm.net\/sitio\"><\/div>","protected":false},"excerpt":{"rendered":"<p>Rodrigo Paz Pereira, vencedor de la in\u00e9dita segunda vuelta en Bolivia y, por ende,\u00a0presidente electo\u00a0del pa\u00eds,\u00a0ser\u00e1 investido este s\u00e1bado a las 10:00 local (14:00 GMT) como l\u00edder del Poder Ejecutivo, inaugurando\u00a0un nuevo ciclo pol\u00edtico y econ\u00f3mico en el pa\u00eds. El referente del\u00a0Partido Dem\u00f3crata Cristiano\u00a0(PDC) obtuvo el 54,96% de los votos en el balotaje del 19&#8230;<\/p>\n","protected":false},"author":5,"featured_media":95729,"comment_status":"closed","ping_status":"open","sticky":false,"template":"","format":"standard","meta":{"_joinchat":[],"footnotes":""},"categories":[1720,1345],"tags":[],"class_list":["post-95680","post","type-post","status-publish","format-standard","has-post-thumbnail","hentry","category-general","category-noticias-internacionales","have-post-thumb"],"_links":{"self":[{"href":"https:\/\/www.evafm.net\/sitio\/wp-json\/wp\/v2\/posts\/95680","targetHints":{"allow":["GET"]}}],"collection":[{"href":"https:\/\/www.evafm.net\/sitio\/wp-json\/wp\/v2\/posts"}],"about":[{"href":"https:\/\/www.evafm.net\/sitio\/wp-json\/wp\/v2\/types\/post"}],"author":[{"embeddable":true,"href":"https:\/\/www.evafm.net\/sitio\/wp-json\/wp\/v2\/users\/5"}],"replies":[{"embeddable":true,"href":"https:\/\/www.evafm.net\/sitio\/wp-json\/wp\/v2\/comments?post=95680"}],"version-history":[{"count":1,"href":"https:\/\/www.evafm.net\/sitio\/wp-json\/wp\/v2\/posts\/95680\/revisions"}],"predecessor-version":[{"id":95730,"href":"https:\/\/www.evafm.net\/sitio\/wp-json\/wp\/v2\/posts\/95680\/revisions\/95730"}],"wp:featuredmedia":[{"embeddable":true,"href":"https:\/\/www.evafm.net\/sitio\/wp-json\/wp\/v2\/media\/95729"}],"wp:attachment":[{"href":"https:\/\/www.evafm.net\/sitio\/wp-json\/wp\/v2\/media?parent=95680"}],"wp:term":[{"taxonomy":"category","embeddable":true,"href":"https:\/\/www.evafm.net\/sitio\/wp-json\/wp\/v2\/categories?post=95680"},{"taxonomy":"post_tag","embeddable":true,"href":"https:\/\/www.evafm.net\/sitio\/wp-json\/wp\/v2\/tags?post=95680"}],"curies":[{"name":"wp","href":"https:\/\/api.w.org\/{rel}","templated":true}]}}