{"id":95704,"date":"2025-11-09T22:34:50","date_gmt":"2025-11-10T03:34:50","guid":{"rendered":"https:\/\/www.evafm.net\/sitio\/?p=95704"},"modified":"2025-11-09T22:34:50","modified_gmt":"2025-11-10T03:34:50","slug":"daniel-noboa-se-reunio-con-rodrigo-paz-el-nuevo-presidente-de-bolivia","status":"publish","type":"post","link":"https:\/\/www.evafm.net\/sitio\/daniel-noboa-se-reunio-con-rodrigo-paz-el-nuevo-presidente-de-bolivia\/","title":{"rendered":"Daniel Noboa se reuni\u00f3 con Rodrigo Paz, el nuevo presidente de Bolivia"},"content":{"rendered":"<p>El presidente\u00a0<a href=\"https:\/\/www.ecuavisa.com\/metadatos\/-\/meta\/daniel-noboa\" target=\"_blank\" rel=\"noopener noreferrer\" data-mrf-link=\"https:\/\/www.ecuavisa.com\/metadatos\/-\/meta\/daniel-noboa\">Daniel Noboa<\/a>\u00a0presenci\u00f3 c\u00f3mo Rodrigo Paz Pereira tom\u00f3 juramento este s\u00e1bado 8 de noviembre como el nuevo presidente de\u00a0<a href=\"https:\/\/www.ecuavisa.com\/metadatos\/-\/meta\/bolivia\" target=\"_blank\" rel=\"noopener noreferrer\" data-mrf-link=\"https:\/\/www.ecuavisa.com\/metadatos\/-\/meta\/bolivia\">Bolivia<\/a>\u00a0para un periodo de cinco a\u00f1os.<\/p>\n<p>Luego del evento, tanto Noboa como Paz mantuvieron una reuni\u00f3n para hablar respecto a la \u00abdefensa de la democracia, la cooperaci\u00f3n en materia de seguridad, diversificaci\u00f3n<\/p>\n<p>del intercambio comercial, entre otros, con el prop\u00f3sito de impulsar el desarrollo de ambas poblaciones\u00bb, dijo la Presidencia de Ecuador.<\/p>\n<p>Asimismo, Noboa dialog\u00f3 con el secretario de Estado Adjunto de los Estados Unidos (EE. UU.), Christopher Landau, sobre lucha contra el crimen organizado transnacional, migraci\u00f3n<\/p>\n<p>y desarrollo.<\/p>\n<p><strong>Noboa junto a otros presidentes.<\/strong><\/p>\n<p>Noboa mir\u00f3 la investidura presidencial acompa\u00f1ado de sus hom\u00f3logos <strong>Javier Milei (Argentina), Santiago Pe\u00f1a (Paraguay), Gabriel Boric (Chile) y Yamand\u00fa Orsi (Uruguay).<\/strong><\/p>\n<p>El Primer Mandatario ecuatoriano lleg\u00f3 a Bolivia junto a la primera dama, L<strong>avinia Valbonesi, la canciller Gabriela Sommerfeld y una comitiva oficial.<\/strong><\/p>\n<p>&nbsp;<\/p>\n<p>El Gobierno dijo que \u00abreafirma lazos de amistad con todos los pa\u00edses del mundo e impulsa el trabajo conjunto en la regi\u00f3n\u00bb, en referencia a Bolivia.<\/p>\n<p>Daniel Noboa marca un cambio en las relaciones bilaterales con Bolivia, pues mientras<b>\u00a0Luis Arce<\/b>, de tendencia progresista, administr\u00f3 el pa\u00eds andino, Noboa se mantuvo alejado.<\/p>\n<p>Luego de que Paz ganara las elecciones, Noboa fue uno de los primeros gobernantes de la regi\u00f3n en<b>\u00a0felicitarlo\u00a0<\/b>y reiter\u00f3 \u00absu compromiso\u00bb de seguir trabajando junto a Bolivia<\/p>\n<p><strong> \u00abpara fortalecer lazos de cooperaci\u00f3n, integraci\u00f3n y amistad\u00bb (I)<\/strong><\/p>\n<p><strong>Fuente:<\/strong> evafm.net &#8211; ecuavisa.com<\/p>\n<p>&nbsp;<\/p>\n<p>&nbsp;<\/p>\n<p>&nbsp;<\/p>\n<div class=\"gsp_post_data\" \r\n\t            data-post_type=\"post\" \r\n\t            data-cat=\"general,noticias-ecuador\" \r\n\t            data-modified=\"120\"\r\n\t            data-created=\"1762727690\"\r\n\t            data-title=\"Daniel Noboa se reuni\u00f3 con Rodrigo Paz, el nuevo presidente de Bolivia\" \r\n\t            data-home=\"https:\/\/www.evafm.net\/sitio\"><\/div>","protected":false},"excerpt":{"rendered":"<p>El presidente\u00a0Daniel Noboa\u00a0presenci\u00f3 c\u00f3mo Rodrigo Paz Pereira tom\u00f3 juramento este s\u00e1bado 8 de noviembre como el nuevo presidente de\u00a0Bolivia\u00a0para un periodo de cinco a\u00f1os. Luego del evento, tanto Noboa como Paz mantuvieron una reuni\u00f3n para hablar respecto a la \u00abdefensa de la democracia, la cooperaci\u00f3n en materia de seguridad, diversificaci\u00f3n del intercambio comercial, entre otros,&#8230;<\/p>\n","protected":false},"author":5,"featured_media":95736,"comment_status":"closed","ping_status":"open","sticky":false,"template":"","format":"standard","meta":{"_joinchat":[],"footnotes":""},"categories":[1720,1558],"tags":[],"class_list":["post-95704","post","type-post","status-publish","format-standard","has-post-thumbnail","hentry","category-general","category-noticias-ecuador","have-post-thumb"],"_links":{"self":[{"href":"https:\/\/www.evafm.net\/sitio\/wp-json\/wp\/v2\/posts\/95704","targetHints":{"allow":["GET"]}}],"collection":[{"href":"https:\/\/www.evafm.net\/sitio\/wp-json\/wp\/v2\/posts"}],"about":[{"href":"https:\/\/www.evafm.net\/sitio\/wp-json\/wp\/v2\/types\/post"}],"author":[{"embeddable":true,"href":"https:\/\/www.evafm.net\/sitio\/wp-json\/wp\/v2\/users\/5"}],"replies":[{"embeddable":true,"href":"https:\/\/www.evafm.net\/sitio\/wp-json\/wp\/v2\/comments?post=95704"}],"version-history":[{"count":1,"href":"https:\/\/www.evafm.net\/sitio\/wp-json\/wp\/v2\/posts\/95704\/revisions"}],"predecessor-version":[{"id":95737,"href":"https:\/\/www.evafm.net\/sitio\/wp-json\/wp\/v2\/posts\/95704\/revisions\/95737"}],"wp:featuredmedia":[{"embeddable":true,"href":"https:\/\/www.evafm.net\/sitio\/wp-json\/wp\/v2\/media\/95736"}],"wp:attachment":[{"href":"https:\/\/www.evafm.net\/sitio\/wp-json\/wp\/v2\/media?parent=95704"}],"wp:term":[{"taxonomy":"category","embeddable":true,"href":"https:\/\/www.evafm.net\/sitio\/wp-json\/wp\/v2\/categories?post=95704"},{"taxonomy":"post_tag","embeddable":true,"href":"https:\/\/www.evafm.net\/sitio\/wp-json\/wp\/v2\/tags?post=95704"}],"curies":[{"name":"wp","href":"https:\/\/api.w.org\/{rel}","templated":true}]}}