{"id":95705,"date":"2025-11-09T22:38:23","date_gmt":"2025-11-10T03:38:23","guid":{"rendered":"https:\/\/www.evafm.net\/sitio\/?p=95705"},"modified":"2025-11-09T22:38:23","modified_gmt":"2025-11-10T03:38:23","slug":"el-secretario-de-transporte-de-eeuu-advirtio-que-el-trafico-aereo-podria-reducirse-al-minimo","status":"publish","type":"post","link":"https:\/\/www.evafm.net\/sitio\/el-secretario-de-transporte-de-eeuu-advirtio-que-el-trafico-aereo-podria-reducirse-al-minimo\/","title":{"rendered":"El secretario de Transporte de EEUU advirti\u00f3 que el tr\u00e1fico a\u00e9reo podr\u00eda reducirse al m\u00ednimo"},"content":{"rendered":"<p>El secretario de Transporte de\u00a0<b>Estados Unidos, Sean Duffy,<\/b>\u00a0advirti\u00f3 que el tr\u00e1fico a\u00e9reo podr\u00eda\u00a0<b>\u201creducirse a un goteo\u201d\u00a0<\/b>si se prolonga el cierre del gobierno federal, que ya provoca cancelaciones, retrasos y desorden en los principales aeropuertos del pa\u00eds.<\/p>\n<p>En una entrevista con\u00a0<i>Fox News Sunday<\/i>, el funcionario de la\u00a0<b>Casa Blanca<\/b>\u00a0se\u00f1al\u00f3 que, de mantenerse la par\u00e1lisis, el sistema de transporte a\u00e9reo enfrentar\u00e1 interrupciones masivas justo antes de la temporada de\u00a0<b>Acci\u00f3n de Gracias<\/b>, uno de los periodos de mayor demanda del a\u00f1o.<\/p>\n<p>&nbsp;<\/p>\n<p class=\"paragraph\" data-mrf-recirculation=\"Links inline\"><b>Duffy<\/b>\u00a0explic\u00f3 que la\u00a0<b>falta de personal<\/b>\u00a0podr\u00eda provocar que, en las pr\u00f3ximas semanas,\u00a0<b>muy pocos vuelos despeguen o aterricen<\/b>, lo que derivar\u00eda en\u00a0<b>interrupciones masivas<\/b>\u00a0y\u00a0<b>miles de pasajeros varados<\/b>. \u201c<b>Vas a tener el tr\u00e1fico a\u00e9reo reducido a un goteo<\/b>\u00a0mientras todos intentan viajar para ver a sus familias\u201d, se\u00f1al\u00f3, al destacar que\u00a0<b>cada vez menos controladores a\u00e9reos<\/b>\u00a0se presentan a trabajar.<\/p>\n<div class=\"inline ad-wrapper\">\n<div class=\"dfpAd ad-inline\">\n<div id=\"infobae\/estados-unidos\/nota\/inline\" class=\"infobae\/estados-unidos\/nota\/inline arcad\" data-google-query-id=\"CICvjLvU5ZADFcDhlAkd_i4vEw\">\n<div id=\"google_ads_iframe_\/1058609\/infobae\/estados-unidos\/nota\/inline_0__container__\"><\/div>\n<\/div>\n<\/div>\n<\/div>\n<p class=\"paragraph\" data-mrf-recirculation=\"Links inline\">Las cancelaciones superaron los <strong>3.500 vuelos<\/strong> y los retrasos alcanzaron los <strong>3.700,<\/strong> seg\u00fan datos recogidos este domingo por la plataforma\u00a0<b>FlightAware<\/b>.<\/p>\n<p class=\"paragraph\" data-mrf-recirculation=\"Links inline\">Durante el viernes y s\u00e1bado, las aerol\u00edneas estadounidenses suspendieron m\u00e1s de 2.500 trayectos, impulsados por las directivas de la\u00a0<b>Administraci\u00f3n Federal de Aviaci\u00f3n (FAA)<\/b>\u00a0para limitar operaciones en medio del prolongado \u201cshutdown\u201d.<\/p>\n<p class=\"paragraph\" data-mrf-recirculation=\"Links inline\">Solamente el s\u00e1bado, se registraron <strong>1.526 cancelaciones,<\/strong> una cifra inusualmente alta para ese d\u00eda, y para la noche del domingo ya se hab\u00eda anticipado la suspensi\u00f3n de otros<strong> 1.000 vuelos.<\/strong><\/p>\n<p data-mrf-recirculation=\"Links inline\">Los aeropuertos con mayores contratiempos comprendieron\u00a0<b>Atlanta<\/b>,\u00a0<b>Chicago<\/b>,\u00a0<b>Charlotte<\/b>\u00a0y\u00a0<b>Newark<\/b>, sobre todo debido a la falta de controladores en centros de radar y torres de control situadas en la costa este y el \u00e1rea de\u00a0<b>Nueva York<\/b>.<\/p>\n<p data-mrf-recirculation=\"Links inline\">Si bien algunas cancelaciones respondieron a factores adicionales, la FAA comunic\u00f3 que los recortes ya afectan al <strong>4% <\/strong>de los vuelos en 40 terminales y esa proporci\u00f3n podr\u00eda aumentar al 10% para el viernes 14 de noviembre.<\/p>\n<p data-mrf-recirculation=\"Links inline\">El sindicato de controladores a\u00e9reos<b>\u00a0entreg\u00f3 1.600 cartas escritas a mano al Congreso,<\/b>\u00a0solicitando resolver el desacuerdo presupuestario que mantiene a la plantilla sin salario desde hace casi un mes y forzados a cumplir horas extras.<\/p>\n<p data-mrf-recirculation=\"Links inline\">Muchos viajeros han logrado reprogramar sus trayectos, pero otros sufrieron p\u00e9rdidas econ\u00f3micas.<\/p>\n<p data-mrf-recirculation=\"Links inline\">Los vuelos internacionales de larga distancia, hasta ahora, permanecen sin afectaciones directas, aunque la incertidumbre persiste.<\/p>\n<p class=\"paragraph\" data-mrf-recirculation=\"Links inline\">Testimonios recogidos por\u00a0<i>Associated Press<\/i>\u00a0reflejaron la frustraci\u00f3n de los pasajeros.\u00a0<b>Emmy Holguin<\/b>, quien viajaba desde Miami a Rep\u00fablica Dominicana, expres\u00f3 su deseo de que el gobierno encuentre una soluci\u00f3n: \u201cTodos viajamos. Todos tenemos alg\u00fan lugar al que ir.<\/p>\n<p class=\"paragraph\" data-mrf-recirculation=\"Links inline\">Espero que el Gobierno pueda solucionar esto\u201d.<\/p>\n<p class=\"paragraph\" data-mrf-recirculation=\"Links inline\">Por su parte,\u00a0<b>Heather Xu<\/b>\u00a0relat\u00f3 que viajar es \u201csuficientemente estresante\u201d y que las interrupciones actuales lo complican a\u00fan m\u00e1s.<\/p>\n<p class=\"paragraph\" data-mrf-recirculation=\"Links inline\">En paralelo, empresas de alquiler de coches informaron un aumento de reservas en trayectos de ida, mientras varios viajeros optaron por cancelar sus vuelos ante la falta de alternativas.<\/p>\n<p class=\"paragraph\" data-mrf-recirculation=\"Links inline\">El especialista en log\u00edstica de la Universidad de Syracuse,\u00a0<b>Patrick Penfield<\/b>, advirti\u00f3 que la crisis podr\u00eda traducirse en demoras en el suministro de mercanc\u00edas en tiendas, un problema sensible a las puertas de las fiestas navide\u00f1as.<\/p>\n<p class=\"paragraph\" data-mrf-recirculation=\"Links inline\">Aproximadamente la mitad de la\u00a0<b>carga a\u00e9rea nacional<\/b>\u00a0se transporta en bodegas de aviones de pasajeros, lo que implica que demoras y cancelaciones pueden incrementar los costos y repercutir en los precios al consumidor.\u00a0<b>Greg Raiff<\/b>, director ejecutivo de\u00a0<b>Elevate Aviation Group<\/b>, sum\u00f3 que el impacto econ\u00f3mico se extiende m\u00e1s all\u00e1 del transporte de carga, abarcando viajeros de negocios o turismo y afectando la recaudaci\u00f3n fiscal de municipios y hoteles.<\/p>\n<p class=\"paragraph\" data-mrf-recirculation=\"Links inline\">La par\u00e1lisis presupuestaria lleva 39 d\u00edas activa en el Senado, donde dem\u00f3cratas y republicanos no logran un acuerdo para reabrir el gobierno federal.<\/p>\n<p class=\"paragraph\" data-mrf-recirculation=\"Links inline\">El presidente\u00a0<b>Donald Trump<\/b>\u00a0reiter\u00f3 a trav\u00e9s de la red Truth Social la necesidad de resolver cuanto antes el estancamiento:<strong> \u201c\u00a1Acabemos con la obstrucci\u00f3n parlamentaria!\u201d<\/strong><\/p>\n<p class=\"paragraph\" data-mrf-recirculation=\"Links inline\">Las terminales m\u00e1s afectadas por los recortes de personal y las restricciones de la FAA incluyen, entre otras, los aeropuertos internacionales de<\/p>\n<p class=\"paragraph\" data-mrf-recirculation=\"Links inline\">\u00a0<b>Atlanta<\/b>,\u00a0<b>Boston<\/b>,\u00a0<b>Baltimore-Washington<\/b>,\u00a0<b>Charlotte<\/b>,\u00a0<b>Washington Dulles<\/b>,\u00a0<b>Dallas-Fort Worth<\/b>,\u00a0<b>Newark<\/b>,\u00a0<b>Los \u00c1ngeles<\/b>,\u00a0<b>JFK<\/b>,\u00a0<b>LaGuardia<\/b>,\u00a0<b>Miami<\/b>,\u00a0<b>Chicago O\u2019Hare<\/b>,\u00a0<b>San Francisco<\/b>\u00a0y\u00a0<b>Seattle-Tacoma<\/b>.<strong>(I)<\/strong><\/p>\n<p data-mrf-recirculation=\"Links inline\"><img fetchpriority=\"high\" decoding=\"async\" class=\"global-image\" src=\"https:\/\/www.infobae.com\/resizer\/v2\/BN6IGHOU5RFQZA2TC2I2KMRM6I.JPG?auth=642c83e325dfd1aeb6161558c9bc5c6a315bf0f7e3586fe5bc0b65d31217d0d2&amp;smart=true&amp;width=350&amp;height=233&amp;quality=85\" alt=\"Miles de pasajeros sufren cancelaciones\" width=\"736\" height=\"490\" \/><\/p>\n<p data-mrf-recirculation=\"Links inline\">Miles de pasajeros sufren cancelaciones y retrasos en aeropuertos de Estados Unidos por el cierre<\/p>\n<p data-mrf-recirculation=\"Links inline\">del gobierno federal (REUTERS\/ARCHIVO)<\/p>\n<p data-mrf-recirculation=\"Links inline\"><strong>Fuente:<\/strong> evafm.net &#8211; infobae.com<\/p>\n<p data-mrf-recirculation=\"Links inline\">\n<div class=\"gsp_post_data\" \r\n\t            data-post_type=\"post\" \r\n\t            data-cat=\"general,noticias-internacionales\" \r\n\t            data-modified=\"120\"\r\n\t            data-created=\"1762727903\"\r\n\t            data-title=\"El secretario de Transporte de EEUU advirti\u00f3 que el tr\u00e1fico a\u00e9reo podr\u00eda reducirse al m\u00ednimo\" \r\n\t            data-home=\"https:\/\/www.evafm.net\/sitio\"><\/div>","protected":false},"excerpt":{"rendered":"<p>El secretario de Transporte de\u00a0Estados Unidos, Sean Duffy,\u00a0advirti\u00f3 que el tr\u00e1fico a\u00e9reo podr\u00eda\u00a0\u201creducirse a un goteo\u201d\u00a0si se prolonga el cierre del gobierno federal, que ya provoca cancelaciones, retrasos y desorden en los principales aeropuertos del pa\u00eds. En una entrevista con\u00a0Fox News Sunday, el funcionario de la\u00a0Casa Blanca\u00a0se\u00f1al\u00f3 que, de mantenerse la par\u00e1lisis, el sistema de&#8230;<\/p>\n","protected":false},"author":5,"featured_media":95738,"comment_status":"closed","ping_status":"open","sticky":false,"template":"","format":"standard","meta":{"_joinchat":[],"footnotes":""},"categories":[1720,1345],"tags":[],"class_list":["post-95705","post","type-post","status-publish","format-standard","has-post-thumbnail","hentry","category-general","category-noticias-internacionales","have-post-thumb"],"_links":{"self":[{"href":"https:\/\/www.evafm.net\/sitio\/wp-json\/wp\/v2\/posts\/95705","targetHints":{"allow":["GET"]}}],"collection":[{"href":"https:\/\/www.evafm.net\/sitio\/wp-json\/wp\/v2\/posts"}],"about":[{"href":"https:\/\/www.evafm.net\/sitio\/wp-json\/wp\/v2\/types\/post"}],"author":[{"embeddable":true,"href":"https:\/\/www.evafm.net\/sitio\/wp-json\/wp\/v2\/users\/5"}],"replies":[{"embeddable":true,"href":"https:\/\/www.evafm.net\/sitio\/wp-json\/wp\/v2\/comments?post=95705"}],"version-history":[{"count":1,"href":"https:\/\/www.evafm.net\/sitio\/wp-json\/wp\/v2\/posts\/95705\/revisions"}],"predecessor-version":[{"id":95739,"href":"https:\/\/www.evafm.net\/sitio\/wp-json\/wp\/v2\/posts\/95705\/revisions\/95739"}],"wp:featuredmedia":[{"embeddable":true,"href":"https:\/\/www.evafm.net\/sitio\/wp-json\/wp\/v2\/media\/95738"}],"wp:attachment":[{"href":"https:\/\/www.evafm.net\/sitio\/wp-json\/wp\/v2\/media?parent=95705"}],"wp:term":[{"taxonomy":"category","embeddable":true,"href":"https:\/\/www.evafm.net\/sitio\/wp-json\/wp\/v2\/categories?post=95705"},{"taxonomy":"post_tag","embeddable":true,"href":"https:\/\/www.evafm.net\/sitio\/wp-json\/wp\/v2\/tags?post=95705"}],"curies":[{"name":"wp","href":"https:\/\/api.w.org\/{rel}","templated":true}]}}