{"id":95707,"date":"2025-11-09T22:47:07","date_gmt":"2025-11-10T03:47:07","guid":{"rendered":"https:\/\/www.evafm.net\/sitio\/?p=95707"},"modified":"2025-11-09T22:47:07","modified_gmt":"2025-11-10T03:47:07","slug":"filipe-luis-ha-perdido-el-apoyo-del-plantel-de-flamengo-por-culpa-de-gonzalo-plata","status":"publish","type":"post","link":"https:\/\/www.evafm.net\/sitio\/filipe-luis-ha-perdido-el-apoyo-del-plantel-de-flamengo-por-culpa-de-gonzalo-plata\/","title":{"rendered":"Filipe Lu\u00eds ha perdido el apoyo del plantel de Flamengo por culpa de Gonzalo Plata,"},"content":{"rendered":"<p>A pocas semanas de disputar la final de la Copa Libertadores, el\u00a0<a href=\"https:\/\/www.ecuavisa.com\/metadatos\/-\/meta\/flamengo\" target=\"_blank\" rel=\"noopener noreferrer\" data-mrf-link=\"https:\/\/www.ecuavisa.com\/metadatos\/-\/meta\/flamengo\">Flamengo<\/a>\u00a0se enfrenta con un\u00a0<b>descontento interno del plantel con el entrenador Filipe Luis\u00a0<\/b>por un trato preferencial a\u00a0<strong><a href=\"https:\/\/www.ecuavisa.com\/metadatos\/-\/meta\/gonzalo-plata\" target=\"_blank\" rel=\"noopener noreferrer\" data-mrf-link=\"https:\/\/www.ecuavisa.com\/metadatos\/-\/meta\/gonzalo-plata\">Gonzalo Plata<\/a>.<\/strong><\/p>\n<p>En las \u00faltimas ruedas de prensa, el<b>\u00a0estratega no recrimin\u00f3 al\u00a0<a href=\"https:\/\/www.ecuavisa.com\/deportes\/futbol-internacional\/gonzalo-plata-sumo-otra-expulsion-en-flamengo-DK10381673\" target=\"_blank\" rel=\"noopener noreferrer\" data-mrf-link=\"https:\/\/www.ecuavisa.com\/deportes\/futbol-internacional\/gonzalo-plata-sumo-otra-expulsion-en-flamengo-DK10381673\">futbolista ecuatoriano<\/a><\/b><a href=\"https:\/\/www.ecuavisa.com\/deportes\/futbol-internacional\/gonzalo-plata-sumo-otra-expulsion-en-flamengo-DK10381673\" target=\"_blank\" rel=\"noopener noreferrer\" data-mrf-link=\"https:\/\/www.ecuavisa.com\/deportes\/futbol-internacional\/gonzalo-plata-sumo-otra-expulsion-en-flamengo-DK10381673\">\u00a0por sus expulsiones recientes<\/a>, sino que le brind\u00f3 protecci\u00f3n, algo que no gust\u00f3 en el resto del plantel.<\/p>\n<p>&nbsp;<\/p>\n<p><strong>\u00bfPor qu\u00e9 Filipe Lu\u00eds perdi\u00f3 apoyo del plantel por Gonzalo Plata?<\/strong><\/p>\n<p>Seg\u00fan revel\u00f3 el periodista Jorge Nicola<b>, Filipe Lu\u00eds ya no tiene un apoyo un\u00e1nime de los jugadores,<\/b>\u00a0pues consideran que le da beneficios a cierto grupo de futbolistas, entre ellos est\u00e1 el ecuatoriano.<\/p>\n<p>El reportero inform\u00f3 que la situaci\u00f3n empeor\u00f3 despu\u00e9s de la expulsi\u00f3n de Plata ante S\u00e3o Paulo, pues el\u00a0<b>entrenador sali\u00f3 a su defensa y le dio su apoyo incondicional\u00a0<\/b>para\u00a0<a href=\"https:\/\/www.ecuavisa.com\/deportes\/futbol-internacional\/flamengo-analiza-multar-gonzalo-plata-expulsiones-KK10383687\" target=\"_blank\" rel=\"noopener noreferrer\" data-mrf-link=\"https:\/\/www.ecuavisa.com\/deportes\/futbol-internacional\/flamengo-analiza-multar-gonzalo-plata-expulsiones-KK10383687\">evitar una posible sanci\u00f3n <\/a><\/p>\n<p><a href=\"https:\/\/www.ecuavisa.com\/deportes\/futbol-internacional\/flamengo-analiza-multar-gonzalo-plata-expulsiones-KK10383687\" target=\"_blank\" rel=\"noopener noreferrer\" data-mrf-link=\"https:\/\/www.ecuavisa.com\/deportes\/futbol-internacional\/flamengo-analiza-multar-gonzalo-plata-expulsiones-KK10383687\">interna.<\/a><\/p>\n<p>Por esa raz\u00f3n, algunos jugadores que no suman tantos minutos sintieron malestar al<b>\u00a0considerar que el entrenador brasile\u00f1o le da un privilegio injusto al grupo de titulare<\/b>s.<\/p>\n<p>A ra\u00edz de los posibles problemas que puedan existir, la\u00a0<b>directiva del Flamengo ya est\u00e1 analizando la situaci\u00f3n<\/b>\u00a0del vestuario, pero no planean interferir en la relaci\u00f3n del entrenador con los jugadores.<\/p>\n<p><b>El Fla enfrentar\u00e1 al Palmeiras el pr\u00f3ximo s\u00e1bado 29 de noviembre\u00a0<\/b>por la final de la Copa Libertadores, adem\u00e1s compite con el Verdao para adue\u00f1arse de la punta del Brasileirao<strong>.(D)<\/strong><\/p>\n<p>&nbsp;<\/p>\n<p><strong>Fuente:<\/strong> evafm.net &#8211; ecuavisa.com<\/p>\n<p>&nbsp;<\/p>\n<p>&nbsp;<\/p>\n<p>&nbsp;<\/p>\n<p>&nbsp;<\/p>\n<div class=\"gsp_post_data\" \r\n\t            data-post_type=\"post\" \r\n\t            data-cat=\"deportes-internacionales,general\" \r\n\t            data-modified=\"120\"\r\n\t            data-created=\"1762728427\"\r\n\t            data-title=\"Filipe Lu\u00eds ha perdido el apoyo del plantel de Flamengo por culpa de Gonzalo Plata,\" \r\n\t            data-home=\"https:\/\/www.evafm.net\/sitio\"><\/div>","protected":false},"excerpt":{"rendered":"<p>A pocas semanas de disputar la final de la Copa Libertadores, el\u00a0Flamengo\u00a0se enfrenta con un\u00a0descontento interno del plantel con el entrenador Filipe Luis\u00a0por un trato preferencial a\u00a0Gonzalo Plata. En las \u00faltimas ruedas de prensa, el\u00a0estratega no recrimin\u00f3 al\u00a0futbolista ecuatoriano\u00a0por sus expulsiones recientes, sino que le brind\u00f3 protecci\u00f3n, algo que no gust\u00f3 en el resto del&#8230;<\/p>\n","protected":false},"author":5,"featured_media":95742,"comment_status":"closed","ping_status":"open","sticky":false,"template":"","format":"standard","meta":{"_joinchat":[],"footnotes":""},"categories":[1342,1720],"tags":[],"class_list":["post-95707","post","type-post","status-publish","format-standard","has-post-thumbnail","hentry","category-deportes-internacionales","category-general","have-post-thumb"],"_links":{"self":[{"href":"https:\/\/www.evafm.net\/sitio\/wp-json\/wp\/v2\/posts\/95707","targetHints":{"allow":["GET"]}}],"collection":[{"href":"https:\/\/www.evafm.net\/sitio\/wp-json\/wp\/v2\/posts"}],"about":[{"href":"https:\/\/www.evafm.net\/sitio\/wp-json\/wp\/v2\/types\/post"}],"author":[{"embeddable":true,"href":"https:\/\/www.evafm.net\/sitio\/wp-json\/wp\/v2\/users\/5"}],"replies":[{"embeddable":true,"href":"https:\/\/www.evafm.net\/sitio\/wp-json\/wp\/v2\/comments?post=95707"}],"version-history":[{"count":1,"href":"https:\/\/www.evafm.net\/sitio\/wp-json\/wp\/v2\/posts\/95707\/revisions"}],"predecessor-version":[{"id":95743,"href":"https:\/\/www.evafm.net\/sitio\/wp-json\/wp\/v2\/posts\/95707\/revisions\/95743"}],"wp:featuredmedia":[{"embeddable":true,"href":"https:\/\/www.evafm.net\/sitio\/wp-json\/wp\/v2\/media\/95742"}],"wp:attachment":[{"href":"https:\/\/www.evafm.net\/sitio\/wp-json\/wp\/v2\/media?parent=95707"}],"wp:term":[{"taxonomy":"category","embeddable":true,"href":"https:\/\/www.evafm.net\/sitio\/wp-json\/wp\/v2\/categories?post=95707"},{"taxonomy":"post_tag","embeddable":true,"href":"https:\/\/www.evafm.net\/sitio\/wp-json\/wp\/v2\/tags?post=95707"}],"curies":[{"name":"wp","href":"https:\/\/api.w.org\/{rel}","templated":true}]}}