{"id":95711,"date":"2025-11-09T13:50:58","date_gmt":"2025-11-09T18:50:58","guid":{"rendered":"https:\/\/www.evafm.net\/sitio\/?p=95711"},"modified":"2025-11-09T13:50:58","modified_gmt":"2025-11-09T18:50:58","slug":"pechon-leon-revelo-por-que-el-liga-de-quito-vs-libertad-se-tuvo-que-jugar-a-media-luz","status":"publish","type":"post","link":"https:\/\/www.evafm.net\/sitio\/pechon-leon-revelo-por-que-el-liga-de-quito-vs-libertad-se-tuvo-que-jugar-a-media-luz\/","title":{"rendered":"Pech\u00f3n Le\u00f3n revel\u00f3 por qu\u00e9 el Liga de Quito vs. Libertad se tuvo que jugar a media luz"},"content":{"rendered":"<p><b><a href=\"https:\/\/www.ecuavisa.com\/metadatos\/-\/meta\/libertad-fc\" target=\"_blank\" rel=\"noopener noreferrer\" data-mrf-link=\"https:\/\/www.ecuavisa.com\/metadatos\/-\/meta\/libertad-fc\">Libertad<\/a>\u00a0perdi\u00f3 3-0 ante\u00a0<a href=\"https:\/\/www.ecuavisa.com\/metadatos\/-\/meta\/liga-de-quito\" target=\"_blank\" rel=\"noopener noreferrer\" data-mrf-link=\"https:\/\/www.ecuavisa.com\/metadatos\/-\/meta\/liga-de-quito\">Liga de Quito<\/a>\u00a0<\/b>en uno de los partidos m\u00e1s largos de la LigaPro 2025 por varias revisiones del <strong>VAR<\/strong> y algunos problemas de las luminarias del estadio <strong>Rodrigo Paz Delgado.<\/strong><\/p>\n<p><b>El primer tiempo del encuentro dur\u00f3 73 minutos<\/b>; mientras que el entretiempo se extendi\u00f3 a 47, hasta que decidieron jugar con la mitad de las luces apagadas del recinto deportivo.<\/p>\n<p>El entrenador de Libertad, <strong>Juan<\/strong>\u00a0<b>Carlos Le\u00f3n, explic\u00f3 el motivo por el que\u00a0<a href=\"https:\/\/www.ecuavisa.com\/deportes\/futbol-nacional\/envivo-liga-de-quito-vs-libertad-fc-resultado-fecha5-hexagonal-final-ligapro-EL10393979\" target=\"_blank\" rel=\"noopener noreferrer\" data-mrf-link=\"https:\/\/www.ecuavisa.com\/deportes\/futbol-nacional\/envivo-liga-de-quito-vs-libertad-fc-resultado-fecha5-hexagonal-final-ligapro-EL10393979\">decidieron jugar sin todas las luminarias prendidas<\/a><\/b>, y no aplazar el encuentro a disputar este <strong>domingo 9 de noviembre.<\/strong><\/p>\n<p>&nbsp;<\/p>\n<div class=\"paragraph\">\n<p>\u00abUn partido extra\u00f1o.\u00a0<b>Si se jugaba ma\u00f1ana no se jugar\u00eda con VAR. Por eso se lo ten\u00eda que terminar hoy<\/b>. Rompi\u00f3 el partido una decisi\u00f3n arbitral\u00bb, dijo Le\u00f3n en rueda de prensa.<\/p>\n<p>Durante el encuentro, el personal de Libertad hizo las<b>\u00a0gestiones para conseguir hospedaje en Quito<\/b>, pero no consiguieron por los conciertos de Shakira.<\/p>\n<\/div>\n<p>&nbsp;<\/p>\n<p>Adem\u00e1s, Pech\u00f3n critic\u00f3 al \u00e1rbitro central. \u201cEstas decisiones siempre son en contra nuestra.<\/p>\n<p><b>Estoy seguro de que el penal a nuestro favor no lo daban si est\u00e1bamos cero a cero.<\/b>\u00a0Vamos a seguir en la lucha\u00bb, lament\u00f3.<\/p>\n<p>Le\u00f3n reconoci\u00f3 que \u201csab\u00edamos que el partido iba a ser dif\u00edcil.\u00a0<b>Siento que partido tras partido nos siguen perjudicando<\/b>\u201d, volviendo a se\u00f1alar al juez como protagonista..<\/p>\n<p>Libertad se ubica en el quinto lugar con 50 puntos, a ocho unidades de estar en la zona de clasificaci\u00f3n a la Copa Libertadores.<strong>(D)<\/strong><\/p>\n<p>&nbsp;<\/p>\n<p><strong>Fuente:<\/strong> evafm.net &#8211; ecuavisa.com<\/p>\n<div class=\"multimediaMacroWrapper\">\n<div class=\"contentMedia art-img\">\n<figure class=\"cutlineShow\">\n<div><\/div>\n<\/figure>\n<\/div>\n<\/div>\n<p>&nbsp;<\/p>\n<p>&nbsp;<\/p>\n<div class=\"gsp_post_data\" \r\n\t            data-post_type=\"post\" \r\n\t            data-cat=\"deportes-ecuador\" \r\n\t            data-modified=\"120\"\r\n\t            data-created=\"1762696258\"\r\n\t            data-title=\"Pech\u00f3n Le\u00f3n revel\u00f3 por qu\u00e9 el Liga de Quito vs. Libertad se tuvo que jugar a media luz\" \r\n\t            data-home=\"https:\/\/www.evafm.net\/sitio\"><\/div>","protected":false},"excerpt":{"rendered":"<p>Libertad\u00a0perdi\u00f3 3-0 ante\u00a0Liga de Quito\u00a0en uno de los partidos m\u00e1s largos de la LigaPro 2025 por varias revisiones del VAR y algunos problemas de las luminarias del estadio Rodrigo Paz Delgado. El primer tiempo del encuentro dur\u00f3 73 minutos; mientras que el entretiempo se extendi\u00f3 a 47, hasta que decidieron jugar con la mitad de&#8230;<\/p>\n","protected":false},"author":5,"featured_media":95712,"comment_status":"closed","ping_status":"open","sticky":false,"template":"","format":"standard","meta":{"_joinchat":[],"footnotes":""},"categories":[1557],"tags":[],"class_list":["post-95711","post","type-post","status-publish","format-standard","has-post-thumbnail","hentry","category-deportes-ecuador","have-post-thumb"],"_links":{"self":[{"href":"https:\/\/www.evafm.net\/sitio\/wp-json\/wp\/v2\/posts\/95711","targetHints":{"allow":["GET"]}}],"collection":[{"href":"https:\/\/www.evafm.net\/sitio\/wp-json\/wp\/v2\/posts"}],"about":[{"href":"https:\/\/www.evafm.net\/sitio\/wp-json\/wp\/v2\/types\/post"}],"author":[{"embeddable":true,"href":"https:\/\/www.evafm.net\/sitio\/wp-json\/wp\/v2\/users\/5"}],"replies":[{"embeddable":true,"href":"https:\/\/www.evafm.net\/sitio\/wp-json\/wp\/v2\/comments?post=95711"}],"version-history":[{"count":1,"href":"https:\/\/www.evafm.net\/sitio\/wp-json\/wp\/v2\/posts\/95711\/revisions"}],"predecessor-version":[{"id":95713,"href":"https:\/\/www.evafm.net\/sitio\/wp-json\/wp\/v2\/posts\/95711\/revisions\/95713"}],"wp:featuredmedia":[{"embeddable":true,"href":"https:\/\/www.evafm.net\/sitio\/wp-json\/wp\/v2\/media\/95712"}],"wp:attachment":[{"href":"https:\/\/www.evafm.net\/sitio\/wp-json\/wp\/v2\/media?parent=95711"}],"wp:term":[{"taxonomy":"category","embeddable":true,"href":"https:\/\/www.evafm.net\/sitio\/wp-json\/wp\/v2\/categories?post=95711"},{"taxonomy":"post_tag","embeddable":true,"href":"https:\/\/www.evafm.net\/sitio\/wp-json\/wp\/v2\/tags?post=95711"}],"curies":[{"name":"wp","href":"https:\/\/api.w.org\/{rel}","templated":true}]}}