{"id":95714,"date":"2025-11-09T14:10:43","date_gmt":"2025-11-09T19:10:43","guid":{"rendered":"https:\/\/www.evafm.net\/sitio\/?p=95714"},"modified":"2025-11-09T14:10:43","modified_gmt":"2025-11-09T19:10:43","slug":"en-el-regreso-de-pervis-estupinan-el-ac-milan-igualo-2-2-ante-parma-en-la-serie-a","status":"publish","type":"post","link":"https:\/\/www.evafm.net\/sitio\/en-el-regreso-de-pervis-estupinan-el-ac-milan-igualo-2-2-ante-parma-en-la-serie-a\/","title":{"rendered":"En el regreso de Pervis Estupi\u00f1\u00e1n, el AC Milan igual\u00f3 2-2 ante Parma en la Serie A"},"content":{"rendered":"<p><b><a href=\"https:\/\/www.ecuavisa.com\/metadatos\/-\/meta\/pervis-estupinan\" target=\"_blank\" rel=\"noopener noreferrer\" data-mrf-link=\"https:\/\/www.ecuavisa.com\/metadatos\/-\/meta\/pervis-estupinan\">Pervis Estupi\u00f1\u00e1n<\/a>\u00a0disput\u00f3 70 minutos en el empate 2-2 entre el\u00a0<a href=\"https:\/\/www.ecuavisa.com\/metadatos\/-\/meta\/ac-milan\" target=\"_blank\" rel=\"noopener noreferrer\" data-mrf-link=\"https:\/\/www.ecuavisa.com\/metadatos\/-\/meta\/ac-milan\">AC Milan<\/a><\/b>\u00a0ante el Parma por la jornada 11 de la Serie A de Italia, despu\u00e9s de estar varias semanas lesionado.<\/p>\n<p>El ecuatoriano\u00a0<b><a href=\"https:\/\/www.ecuavisa.com\/deportes\/futbol-internacional\/pervis-estupinan-volvera-a-ser-baja-en-el-proximo-partido-del-milan-AC10306530\" target=\"_blank\" rel=\"noopener noreferrer\" data-mrf-link=\"https:\/\/www.ecuavisa.com\/deportes\/futbol-internacional\/pervis-estupinan-volvera-a-ser-baja-en-el-proximo-partido-del-milan-AC10306530\">no hab\u00eda jugado con el conjunto italiano<\/a>\u00a0desde el 28 de septiembre<\/b>, tras sufrir una lesi\u00f3n con la selecci\u00f3n de Ecuador ante Estados Unidos en la fecha FIFA.<\/p>\n<p>Sin embargo, el regreso de Pervis fue agridulce, pues s<b>u equipo perdi\u00f3 una ventaja de dos goles<\/b>\u00a0que consigui\u00f3 en los primeros 30 minutos del juego.<\/p>\n<p>&nbsp;<\/p>\n<p>El Milan ganaba 2-0 por los tantos de <strong>Alexis Saelemaekers y Rafael Leao,<\/strong> pero el Parma descont\u00f3 al<strong> minuto 45+1<\/strong> de los pies de <strong>Adri\u00e1n Bernab\u00e9.<\/strong><\/p>\n<p>En el minuto 62, el Parma igual\u00f3 el encuentro con el tanto de cabeza de Enrico Del Prato y no permiti\u00f3 que el Milan se ponga en ventaja.<\/p>\n<p>&nbsp;<\/p>\n<p>Pervis\u00a0<b>Estupi\u00f1\u00e1n no fue convocado por Sebasti\u00e1n Beccacece<\/b>\u00a0para los \u00faltimos dos amistosos de la selecci\u00f3n de Ecuador en este 2025.<\/p>\n<p>El lateral izquierdo estuvo varias semanas lesionado, pero<b>\u00a0regres\u00f3 al rol titular.<\/b><\/p>\n<p>&nbsp;<\/p>\n<p>Con este empate, el<b>\u00a0Milan perdi\u00f3 la oportunidad de ser l\u00edder en solitario<\/b> de la Serie A con 22 puntos, sino qued\u00f3 segundo empatado a puntos con el Napoli.<strong>(D)<\/strong><\/p>\n<p>&nbsp;<\/p>\n<p><iframe title=\"MILAN DESAPROVECH\u00d3 EL 2-0 Y PARMA EMPAT\u00d3 UN PARTIDAZO INCRE\u00cdBLE | Parma 2-2 Milan | RESUMEN\" width=\"1200\" height=\"675\" src=\"https:\/\/www.youtube.com\/embed\/say8ger76RM?feature=oembed\" frameborder=\"0\" allow=\"accelerometer; autoplay; clipboard-write; encrypted-media; gyroscope; picture-in-picture; web-share\" referrerpolicy=\"strict-origin-when-cross-origin\" allowfullscreen><\/iframe><\/p>\n<p>&nbsp;<\/p>\n<p><strong>Fuente:<\/strong> evafm.net &#8211; ecuavisa.com &#8211; youtube.com<\/p>\n<div class=\"gsp_post_data\" \r\n\t            data-post_type=\"post\" \r\n\t            data-cat=\"deportes-internacionales\" \r\n\t            data-modified=\"120\"\r\n\t            data-created=\"1762697443\"\r\n\t            data-title=\"En el regreso de Pervis Estupi\u00f1\u00e1n, el AC Milan igual\u00f3 2-2 ante Parma en la Serie A\" \r\n\t            data-home=\"https:\/\/www.evafm.net\/sitio\"><\/div>","protected":false},"excerpt":{"rendered":"<p>Pervis Estupi\u00f1\u00e1n\u00a0disput\u00f3 70 minutos en el empate 2-2 entre el\u00a0AC Milan\u00a0ante el Parma por la jornada 11 de la Serie A de Italia, despu\u00e9s de estar varias semanas lesionado. El ecuatoriano\u00a0no hab\u00eda jugado con el conjunto italiano\u00a0desde el 28 de septiembre, tras sufrir una lesi\u00f3n con la selecci\u00f3n de Ecuador ante Estados Unidos en la&#8230;<\/p>\n","protected":false},"author":5,"featured_media":95715,"comment_status":"closed","ping_status":"open","sticky":false,"template":"","format":"standard","meta":{"_joinchat":[],"footnotes":""},"categories":[1342],"tags":[],"class_list":["post-95714","post","type-post","status-publish","format-standard","has-post-thumbnail","hentry","category-deportes-internacionales","have-post-thumb"],"_links":{"self":[{"href":"https:\/\/www.evafm.net\/sitio\/wp-json\/wp\/v2\/posts\/95714","targetHints":{"allow":["GET"]}}],"collection":[{"href":"https:\/\/www.evafm.net\/sitio\/wp-json\/wp\/v2\/posts"}],"about":[{"href":"https:\/\/www.evafm.net\/sitio\/wp-json\/wp\/v2\/types\/post"}],"author":[{"embeddable":true,"href":"https:\/\/www.evafm.net\/sitio\/wp-json\/wp\/v2\/users\/5"}],"replies":[{"embeddable":true,"href":"https:\/\/www.evafm.net\/sitio\/wp-json\/wp\/v2\/comments?post=95714"}],"version-history":[{"count":1,"href":"https:\/\/www.evafm.net\/sitio\/wp-json\/wp\/v2\/posts\/95714\/revisions"}],"predecessor-version":[{"id":95716,"href":"https:\/\/www.evafm.net\/sitio\/wp-json\/wp\/v2\/posts\/95714\/revisions\/95716"}],"wp:featuredmedia":[{"embeddable":true,"href":"https:\/\/www.evafm.net\/sitio\/wp-json\/wp\/v2\/media\/95715"}],"wp:attachment":[{"href":"https:\/\/www.evafm.net\/sitio\/wp-json\/wp\/v2\/media?parent=95714"}],"wp:term":[{"taxonomy":"category","embeddable":true,"href":"https:\/\/www.evafm.net\/sitio\/wp-json\/wp\/v2\/categories?post=95714"},{"taxonomy":"post_tag","embeddable":true,"href":"https:\/\/www.evafm.net\/sitio\/wp-json\/wp\/v2\/tags?post=95714"}],"curies":[{"name":"wp","href":"https:\/\/api.w.org\/{rel}","templated":true}]}}