{"id":95787,"date":"2025-11-11T12:57:15","date_gmt":"2025-11-11T17:57:15","guid":{"rendered":"https:\/\/www.evafm.net\/sitio\/?p=95787"},"modified":"2025-11-11T12:57:15","modified_gmt":"2025-11-11T17:57:15","slug":"luis-fernando-leon-no-jugara-al-menos-15-dias-por-lesion-en-la-derrota-ante-el-nacional","status":"publish","type":"post","link":"https:\/\/www.evafm.net\/sitio\/luis-fernando-leon-no-jugara-al-menos-15-dias-por-lesion-en-la-derrota-ante-el-nacional\/","title":{"rendered":"Luis Fernando Le\u00f3n no jugar\u00e1 al menos 15 d\u00edas por lesi\u00f3n en la derrota ante El Nacional"},"content":{"rendered":"<p>El\u00a0<a href=\"https:\/\/www.ecuavisa.com\/deportes\/emelec\" data-mrf-link=\"https:\/\/www.ecuavisa.com\/deportes\/emelec\">Club Sport Emelec<\/a>\u00a0emiti\u00f3 un comunicado oficial detallando la lesi\u00f3n sufrida por\u00a0<a href=\"https:\/\/www.ecuavisa.com\/deportes\/futbol-nacional\/luis-fernando-leon-y-una-dura-lesion-de-tobillo-que-el-var-no-lo-reviso-NL10396913\" data-mrf-link=\"https:\/\/www.ecuavisa.com\/deportes\/futbol-nacional\/luis-fernando-leon-y-una-dura-lesion-de-tobillo-que-el-var-no-lo-reviso-NL10396913\">Luis Fernando Le\u00f3n<\/a>\u00a0tras el golpe que recibi\u00f3 en el partido contra\u00a0<b>El Nacional<\/b>\u00a0por la quinta fecha del segundo hexagonal de la\u00a0<b>LigaPro<\/b>.<\/p>\n<p>El informe m\u00e9dico explic\u00f3 que el jugador presenta una \u00ab<b>herida expuesta<\/b>\u00a0de aproximadamente\u00a0<b>cinco cent\u00edmetros<\/b>\u00a0de extensi\u00f3n en la piel, con da\u00f1o al\u00a0<b>tejido ligamentoso<\/b>,\u00a0<b>hemorragia<\/b>\u00a0y\u00a0<b>exposici\u00f3n de nervios perif\u00e9ricos\u00bb<\/b>.<\/p>\n<p>&nbsp;<\/p>\n<p>\u00abActualmente, el jugador se encuentra\u00a0<b>estable<\/b>, con\u00a0<b>descanso<\/b>\u00a0y\u00a0<b>reposo<\/b>, y se espera una valoraci\u00f3n y evoluci\u00f3n en las siguientes\u00a0<b>48 horas\u00bb, agreg\u00f3.<\/b><\/p>\n<p>El parte m\u00e9dico se\u00f1al\u00f3 que el\u00a0<b>tiempo estimado de recuperaci\u00f3n<\/b>\u00a0es de entre\u00a0<b>15 y 20 d\u00edas<\/b>, dependiendo de la evoluci\u00f3n de la lesi\u00f3n.<\/p>\n<p>El comunicado tambi\u00e9n expres\u00f3 que\u00a0<b>\u00abla lesi\u00f3n no fue sancionada como correspond\u00eda, ni por el \u00e1rbitro ni observada por el VAR\u00bb. (D)<\/b><\/p>\n<p>&nbsp;<\/p>\n<p><img fetchpriority=\"high\" decoding=\"async\" class=\"\" src=\"https:\/\/pbs.twimg.com\/media\/G5bUkxNXIAA6Ypt?format=jpg&amp;name=small\" alt=\"Imagen\" width=\"700\" height=\"875\" \/><\/p>\n<p>&nbsp;<\/p>\n<p><strong>Fuente:<\/strong> evafm.net &#8211; ecuavisa.com<\/p>\n<div class=\"gsp_post_data\" \r\n\t            data-post_type=\"post\" \r\n\t            data-cat=\"deportes-ecuador\" \r\n\t            data-modified=\"120\"\r\n\t            data-created=\"1762865835\"\r\n\t            data-title=\"Luis Fernando Le\u00f3n no jugar\u00e1 al menos 15 d\u00edas por lesi\u00f3n en la derrota ante El Nacional\" \r\n\t            data-home=\"https:\/\/www.evafm.net\/sitio\"><\/div>","protected":false},"excerpt":{"rendered":"<p>El\u00a0Club Sport Emelec\u00a0emiti\u00f3 un comunicado oficial detallando la lesi\u00f3n sufrida por\u00a0Luis Fernando Le\u00f3n\u00a0tras el golpe que recibi\u00f3 en el partido contra\u00a0El Nacional\u00a0por la quinta fecha del segundo hexagonal de la\u00a0LigaPro. El informe m\u00e9dico explic\u00f3 que el jugador presenta una \u00abherida expuesta\u00a0de aproximadamente\u00a0cinco cent\u00edmetros\u00a0de extensi\u00f3n en la piel, con da\u00f1o al\u00a0tejido ligamentoso,\u00a0hemorragia\u00a0y\u00a0exposici\u00f3n de nervios perif\u00e9ricos\u00bb. &nbsp;&#8230;<\/p>\n","protected":false},"author":5,"featured_media":95788,"comment_status":"closed","ping_status":"open","sticky":false,"template":"","format":"standard","meta":{"_joinchat":[],"footnotes":""},"categories":[1557],"tags":[],"class_list":["post-95787","post","type-post","status-publish","format-standard","has-post-thumbnail","hentry","category-deportes-ecuador","have-post-thumb"],"_links":{"self":[{"href":"https:\/\/www.evafm.net\/sitio\/wp-json\/wp\/v2\/posts\/95787","targetHints":{"allow":["GET"]}}],"collection":[{"href":"https:\/\/www.evafm.net\/sitio\/wp-json\/wp\/v2\/posts"}],"about":[{"href":"https:\/\/www.evafm.net\/sitio\/wp-json\/wp\/v2\/types\/post"}],"author":[{"embeddable":true,"href":"https:\/\/www.evafm.net\/sitio\/wp-json\/wp\/v2\/users\/5"}],"replies":[{"embeddable":true,"href":"https:\/\/www.evafm.net\/sitio\/wp-json\/wp\/v2\/comments?post=95787"}],"version-history":[{"count":1,"href":"https:\/\/www.evafm.net\/sitio\/wp-json\/wp\/v2\/posts\/95787\/revisions"}],"predecessor-version":[{"id":95789,"href":"https:\/\/www.evafm.net\/sitio\/wp-json\/wp\/v2\/posts\/95787\/revisions\/95789"}],"wp:featuredmedia":[{"embeddable":true,"href":"https:\/\/www.evafm.net\/sitio\/wp-json\/wp\/v2\/media\/95788"}],"wp:attachment":[{"href":"https:\/\/www.evafm.net\/sitio\/wp-json\/wp\/v2\/media?parent=95787"}],"wp:term":[{"taxonomy":"category","embeddable":true,"href":"https:\/\/www.evafm.net\/sitio\/wp-json\/wp\/v2\/categories?post=95787"},{"taxonomy":"post_tag","embeddable":true,"href":"https:\/\/www.evafm.net\/sitio\/wp-json\/wp\/v2\/tags?post=95787"}],"curies":[{"name":"wp","href":"https:\/\/api.w.org\/{rel}","templated":true}]}}