{"id":95793,"date":"2025-11-11T13:13:05","date_gmt":"2025-11-11T18:13:05","guid":{"rendered":"https:\/\/www.evafm.net\/sitio\/?p=95793"},"modified":"2025-11-11T13:13:05","modified_gmt":"2025-11-11T18:13:05","slug":"el-pachuca-de-enner-valencia-se-queda-sin-entrenador-previo-al-repechaje-del-torneo-apertura","status":"publish","type":"post","link":"https:\/\/www.evafm.net\/sitio\/el-pachuca-de-enner-valencia-se-queda-sin-entrenador-previo-al-repechaje-del-torneo-apertura\/","title":{"rendered":"El Pachuca de Enner Valencia se queda sin entrenador previo al repechaje del Torneo Apertura"},"content":{"rendered":"<p>El\u00a0<a href=\"https:\/\/www.ecuavisa.com\/metadatos\/-\/meta\/pachuca\" data-mrf-link=\"https:\/\/www.ecuavisa.com\/metadatos\/-\/meta\/pachuca\">Pachuca\u00a0<\/a>destituy\u00f3 el lunes al entrenador mexicano\u00a0<b>Jaime Lozano<\/b>, diez d\u00edas antes de jugar el repechaje del\u00a0<b>Torneo Apertura 2025<\/b>\u00a0mexicano frente a los Pumas.<\/p>\n<p><b>\u00abTras un di\u00e1logo abierto y en com\u00fan acuerdo, Jaime Lozano y nuestra instituci\u00f3n han decidido dar por concluida su etapa juntos\u00bb<\/b><\/p>\n<p>inform\u00f3 la dirigencia de los Tuzos en un comunicado.<\/p>\n<p>El cese de Lozano se da un d\u00eda despu\u00e9s de la\u00a0<b>derrota 1-0 del Pachuca<\/b>\u00a0de visita ante Santos, por la \u00faltima jornada de la fase regular del Apertura.<\/p>\n<div class=\"teads-inread teads-display\">\n<div>\n<div class=\"teads-ui-components-adchoices\"><\/div>\n<div id=\"teads1\" class=\"teads-player\">Tras la derrota, Lozano admiti\u00f3 que el Pachuca dio una <b>\u00ablamentable actuaci\u00f3n\u00bb<\/b> y se\u00f1al\u00f3 que \u00abel equipo parec\u00eda dormido y que no nos jug\u00e1bamos nada, cuando ten\u00edamos<\/div>\n<div><\/div>\n<div class=\"teads-player\">la oportunidad de escalar puestos\u00bb.<\/div>\n<\/div>\n<\/div>\n<div><\/div>\n<div><\/div>\n<div>\n<p><b>Algunos jugadores estuvieron muy por debajo del nivel que mostraron todo el torneo\u00bb,<\/b>\u00a0subray\u00f3 el entrenador de 47 a\u00f1os.<\/p>\n<p><b>Lozano dej\u00f3 a los Tuzos en el noveno lugar con 22 puntos\u00a0<\/b>y clasificado para el repechaje, donde enfrentar\u00e1 a los Pumas el 20 de noviembre.<\/p>\n<p>En su \u00fanico torneo de liga al frente de los Tuzos,\u00a0<b>Lozano gan\u00f3 seis partidos, logr\u00f3 cuatro empates y sufri\u00f3 siete derrotas.<\/b><\/p>\n<p>En la Leagues Cup 2025,\u00a0<b>el Pachuca de Lozano fue eliminado en cuartos de final por el Galaxy de Los \u00c1ngeles.<\/b><\/p>\n<p>El club pachuque\u00f1o indic\u00f3 que \u00aben las pr\u00f3ximas horas\u00bb dar\u00e1 a conocer el nombre del sucesor de Lozano. La prensa deportiva mexicana informa\u00a0<b>de manera extraoficial que <\/b><\/p>\n<p><b>el entrenador argentino Esteban Solari se har\u00e1 cargo de los Tuzos. (D)<\/b><\/p>\n<p><strong>Fuente:<\/strong> evafm.net &#8211; ecuavisa.com<\/p>\n<\/div>\n<div><\/div>\n<div class=\"gsp_post_data\" \r\n\t            data-post_type=\"post\" \r\n\t            data-cat=\"deportes-internacionales\" \r\n\t            data-modified=\"120\"\r\n\t            data-created=\"1762866785\"\r\n\t            data-title=\"El Pachuca de Enner Valencia se queda sin entrenador previo al repechaje del Torneo Apertura\" \r\n\t            data-home=\"https:\/\/www.evafm.net\/sitio\"><\/div>","protected":false},"excerpt":{"rendered":"<p>El\u00a0Pachuca\u00a0destituy\u00f3 el lunes al entrenador mexicano\u00a0Jaime Lozano, diez d\u00edas antes de jugar el repechaje del\u00a0Torneo Apertura 2025\u00a0mexicano frente a los Pumas. \u00abTras un di\u00e1logo abierto y en com\u00fan acuerdo, Jaime Lozano y nuestra instituci\u00f3n han decidido dar por concluida su etapa juntos\u00bb inform\u00f3 la dirigencia de los Tuzos en un comunicado. El cese de Lozano&#8230;<\/p>\n","protected":false},"author":5,"featured_media":95794,"comment_status":"closed","ping_status":"open","sticky":false,"template":"","format":"standard","meta":{"_joinchat":[],"footnotes":""},"categories":[1342],"tags":[],"class_list":["post-95793","post","type-post","status-publish","format-standard","has-post-thumbnail","hentry","category-deportes-internacionales","have-post-thumb"],"_links":{"self":[{"href":"https:\/\/www.evafm.net\/sitio\/wp-json\/wp\/v2\/posts\/95793","targetHints":{"allow":["GET"]}}],"collection":[{"href":"https:\/\/www.evafm.net\/sitio\/wp-json\/wp\/v2\/posts"}],"about":[{"href":"https:\/\/www.evafm.net\/sitio\/wp-json\/wp\/v2\/types\/post"}],"author":[{"embeddable":true,"href":"https:\/\/www.evafm.net\/sitio\/wp-json\/wp\/v2\/users\/5"}],"replies":[{"embeddable":true,"href":"https:\/\/www.evafm.net\/sitio\/wp-json\/wp\/v2\/comments?post=95793"}],"version-history":[{"count":1,"href":"https:\/\/www.evafm.net\/sitio\/wp-json\/wp\/v2\/posts\/95793\/revisions"}],"predecessor-version":[{"id":95795,"href":"https:\/\/www.evafm.net\/sitio\/wp-json\/wp\/v2\/posts\/95793\/revisions\/95795"}],"wp:featuredmedia":[{"embeddable":true,"href":"https:\/\/www.evafm.net\/sitio\/wp-json\/wp\/v2\/media\/95794"}],"wp:attachment":[{"href":"https:\/\/www.evafm.net\/sitio\/wp-json\/wp\/v2\/media?parent=95793"}],"wp:term":[{"taxonomy":"category","embeddable":true,"href":"https:\/\/www.evafm.net\/sitio\/wp-json\/wp\/v2\/categories?post=95793"},{"taxonomy":"post_tag","embeddable":true,"href":"https:\/\/www.evafm.net\/sitio\/wp-json\/wp\/v2\/tags?post=95793"}],"curies":[{"name":"wp","href":"https:\/\/api.w.org\/{rel}","templated":true}]}}