{"id":96476,"date":"2025-12-01T21:27:44","date_gmt":"2025-12-02T02:27:44","guid":{"rendered":"https:\/\/www.evafm.net\/sitio\/?p=96476"},"modified":"2025-12-01T21:27:44","modified_gmt":"2025-12-02T02:27:44","slug":"liga-de-quito-vs-emelec-semifinal-de-vuelta-copa-ecuador","status":"publish","type":"post","link":"https:\/\/www.evafm.net\/sitio\/liga-de-quito-vs-emelec-semifinal-de-vuelta-copa-ecuador\/","title":{"rendered":"Liga de Quito vs. Emelec  semifinal de vuelta Copa Ecuador"},"content":{"rendered":"<p><b><a href=\"https:\/\/www.ecuavisa.com\/deportes\/liga-de-quito\" data-mrf-link=\"https:\/\/www.ecuavisa.com\/deportes\/liga-de-quito\">Liga Deportiva Universitaria de Quito<\/a>\u00a0y Emelec<\/b>\u00a0disputar\u00e1n este mi\u00e9rcoles 3 de diciembre el partido de vuelta de las semifinales de la Copa Ecuador, en un enfrentamiento que promete alta tensi\u00f3n y un\u00a0<b>estadio Rodrigo Paz Delgado a tope.<\/b>\u00a0El duelo arrancar\u00e1 a las\u00a0<b>19:00.<\/b><\/p>\n<p>En el compromiso de ida, jugado en Guayaquil,\u00a0<b>LDUQ<\/b>\u00a0consigui\u00f3 una victoria clave por 1-2, resultado que le permite llegar con ventaja al choque definitivo y con una plaza en la final pr\u00e1cticamente al alcance.<\/p>\n<p>Los \u2018albos\u2019 buscar\u00e1n cerrar la serie apoyados en su local\u00eda y en su buen momento futbol\u00edstico.<\/p>\n<p>&nbsp;<\/p>\n<p><b>Emelec,\u00a0<\/b>en cambio, afronta el duelo con la obligaci\u00f3n de una remontada \u00e9pica para eliminar a los \u2018azucenas\u2019 y meterse en la final del torneo.<\/p>\n<p>Adem\u00e1s del pase a la \u00faltima instancia, los azules mantienen vivo el objetivo de luchar por un cupo a la\u00a0<b>Copa Libertadores<\/b>, por lo que el choque en Quito ser\u00e1 determinante para su aspiraci\u00f3n internacional.<\/p>\n<p>El duelo ser\u00e1 transmitido con la previa y post partido por la se\u00f1al de\u00a0<b>Directv. (D)<\/b><\/p>\n<p><strong>Fuente:<\/strong> evafm.net &#8211; ecuavisa.com<\/p>\n<div class=\"gsp_post_data\" \r\n\t            data-post_type=\"post\" \r\n\t            data-cat=\"deportes-ecuador\" \r\n\t            data-modified=\"120\"\r\n\t            data-created=\"1764624464\"\r\n\t            data-title=\"Liga de Quito vs. Emelec  semifinal de vuelta Copa Ecuador\" \r\n\t            data-home=\"https:\/\/www.evafm.net\/sitio\"><\/div>","protected":false},"excerpt":{"rendered":"<p>Liga Deportiva Universitaria de Quito\u00a0y Emelec\u00a0disputar\u00e1n este mi\u00e9rcoles 3 de diciembre el partido de vuelta de las semifinales de la Copa Ecuador, en un enfrentamiento que promete alta tensi\u00f3n y un\u00a0estadio Rodrigo Paz Delgado a tope.\u00a0El duelo arrancar\u00e1 a las\u00a019:00. En el compromiso de ida, jugado en Guayaquil,\u00a0LDUQ\u00a0consigui\u00f3 una victoria clave por 1-2, resultado que&#8230;<\/p>\n","protected":false},"author":5,"featured_media":96479,"comment_status":"closed","ping_status":"open","sticky":false,"template":"","format":"standard","meta":{"_joinchat":[],"footnotes":""},"categories":[1557],"tags":[],"class_list":["post-96476","post","type-post","status-publish","format-standard","has-post-thumbnail","hentry","category-deportes-ecuador","have-post-thumb"],"_links":{"self":[{"href":"https:\/\/www.evafm.net\/sitio\/wp-json\/wp\/v2\/posts\/96476","targetHints":{"allow":["GET"]}}],"collection":[{"href":"https:\/\/www.evafm.net\/sitio\/wp-json\/wp\/v2\/posts"}],"about":[{"href":"https:\/\/www.evafm.net\/sitio\/wp-json\/wp\/v2\/types\/post"}],"author":[{"embeddable":true,"href":"https:\/\/www.evafm.net\/sitio\/wp-json\/wp\/v2\/users\/5"}],"replies":[{"embeddable":true,"href":"https:\/\/www.evafm.net\/sitio\/wp-json\/wp\/v2\/comments?post=96476"}],"version-history":[{"count":1,"href":"https:\/\/www.evafm.net\/sitio\/wp-json\/wp\/v2\/posts\/96476\/revisions"}],"predecessor-version":[{"id":96480,"href":"https:\/\/www.evafm.net\/sitio\/wp-json\/wp\/v2\/posts\/96476\/revisions\/96480"}],"wp:featuredmedia":[{"embeddable":true,"href":"https:\/\/www.evafm.net\/sitio\/wp-json\/wp\/v2\/media\/96479"}],"wp:attachment":[{"href":"https:\/\/www.evafm.net\/sitio\/wp-json\/wp\/v2\/media?parent=96476"}],"wp:term":[{"taxonomy":"category","embeddable":true,"href":"https:\/\/www.evafm.net\/sitio\/wp-json\/wp\/v2\/categories?post=96476"},{"taxonomy":"post_tag","embeddable":true,"href":"https:\/\/www.evafm.net\/sitio\/wp-json\/wp\/v2\/tags?post=96476"}],"curies":[{"name":"wp","href":"https:\/\/api.w.org\/{rel}","templated":true}]}}