{"id":96486,"date":"2025-12-01T21:45:48","date_gmt":"2025-12-02T02:45:48","guid":{"rendered":"https:\/\/www.evafm.net\/sitio\/?p=96486"},"modified":"2025-12-01T21:45:48","modified_gmt":"2025-12-02T02:45:48","slug":"fernando-gaibor-no-renovara-su-contrato-con-alianza-lima-para-el-2026-y-se-acerca-a-emelec","status":"publish","type":"post","link":"https:\/\/www.evafm.net\/sitio\/fernando-gaibor-no-renovara-su-contrato-con-alianza-lima-para-el-2026-y-se-acerca-a-emelec\/","title":{"rendered":"Fernando Gaibor no renovar\u00e1 su contrato con Alianza Lima para el 2026 y se acerca a Emelec"},"content":{"rendered":"<p><a href=\"https:\/\/www.ecuavisa.com\/metadatos\/-\/meta\/fernando-gaibor\" target=\"_blank\" rel=\"noopener noreferrer\" data-mrf-link=\"https:\/\/www.ecuavisa.com\/metadatos\/-\/meta\/fernando-gaibor\">Fernando Gaibor<\/a>\u00a0firm\u00f3 con\u00a0<a href=\"https:\/\/www.ecuavisa.com\/metadatos\/-\/meta\/alianza-lima\" target=\"_blank\" rel=\"noopener noreferrer\" data-mrf-link=\"https:\/\/www.ecuavisa.com\/metadatos\/-\/meta\/alianza-lima\">Alianza Lima<\/a>\u00a0a inicios del 2025 como uno de los jugadores estrellas del f\u00fatbol peruano, pero\u00a0<b>su paso por el pa\u00eds vecino parece llegar a su final\u00a0<\/b>y volver\u00e1 a Ecuador.<\/p>\n<p>El volante ecuatoriano tuvo una\u00a0<a href=\"https:\/\/www.ecuavisa.com\/deportes\/futbol-internacional\/fernando-gaibor-nuevo-jugador-alianza-lima-XD8555541\" target=\"_blank\" rel=\"noopener noreferrer\" data-mrf-link=\"https:\/\/www.ecuavisa.com\/deportes\/futbol-internacional\/fernando-gaibor-nuevo-jugador-alianza-lima-XD8555541\">temporada con un nivel regular<\/a>, por lo que el<b>\u00a0cuadro peruano no analiza su renovaci\u00f3n de contrato\u00a0<\/b>para la pr\u00f3xima temporada y lo dejar\u00e1n salir libre.<\/p>\n<p><b>Gaibor ya busca un nuevo equipo para el 2026<\/b>\u00a0y todo apunta a un regreso para el f\u00fatbol ecuatoriano, tras su paso por Barcelona SC, pero ahora volver\u00e1 al otro equipo del Astillero.<\/p>\n<p>Seg\u00fan la periodista Mar\u00eda Jos\u00e9 Flores,<b>\u00a0Emelec est\u00e1 interesado en la contrataci\u00f3n de Fernando Gaibor\u00a0<\/b>para el 2026 como agente libre, tras quedar sin equipo.<\/p>\n<p>&nbsp;<\/p>\n<p>A diferencia del volante,<b>\u00a0Eryc Castillo ya renov\u00f3 su contrato con Alianza Lima<\/b>\u00a0y extendi\u00f3 su v\u00ednculo con el cuadro peruano por m\u00e1s a\u00f1os.<\/p>\n<p>En esta temporada, el\u00a0<b>futbolista de 34 a\u00f1os suma 49 partidos disputados<\/b>\u00a0con dos goles y cinco asistencias, pero sin poder alzar un t\u00edtulo de campe\u00f3n.<\/p>\n<p>En el f\u00fatbol ecuatoriano, Gaibor ha vestido las camisetas de<strong>: Emelec, Barcelona SC, Guayaquil City e Independiente del Valle. (D)<\/strong><\/p>\n<p><strong>Fuente:<\/strong> evafm.net &#8211; ecuavisa.com<\/p>\n<div class=\"gsp_post_data\" \r\n\t            data-post_type=\"post\" \r\n\t            data-cat=\"deportes-internacionales\" \r\n\t            data-modified=\"120\"\r\n\t            data-created=\"1764625548\"\r\n\t            data-title=\"Fernando Gaibor no renovar\u00e1 su contrato con Alianza Lima para el 2026 y se acerca a Emelec\" \r\n\t            data-home=\"https:\/\/www.evafm.net\/sitio\"><\/div>","protected":false},"excerpt":{"rendered":"<p>Fernando Gaibor\u00a0firm\u00f3 con\u00a0Alianza Lima\u00a0a inicios del 2025 como uno de los jugadores estrellas del f\u00fatbol peruano, pero\u00a0su paso por el pa\u00eds vecino parece llegar a su final\u00a0y volver\u00e1 a Ecuador. El volante ecuatoriano tuvo una\u00a0temporada con un nivel regular, por lo que el\u00a0cuadro peruano no analiza su renovaci\u00f3n de contrato\u00a0para la pr\u00f3xima temporada y lo&#8230;<\/p>\n","protected":false},"author":5,"featured_media":96490,"comment_status":"closed","ping_status":"open","sticky":false,"template":"","format":"standard","meta":{"_joinchat":[],"footnotes":""},"categories":[1342],"tags":[],"class_list":["post-96486","post","type-post","status-publish","format-standard","has-post-thumbnail","hentry","category-deportes-internacionales","have-post-thumb"],"_links":{"self":[{"href":"https:\/\/www.evafm.net\/sitio\/wp-json\/wp\/v2\/posts\/96486","targetHints":{"allow":["GET"]}}],"collection":[{"href":"https:\/\/www.evafm.net\/sitio\/wp-json\/wp\/v2\/posts"}],"about":[{"href":"https:\/\/www.evafm.net\/sitio\/wp-json\/wp\/v2\/types\/post"}],"author":[{"embeddable":true,"href":"https:\/\/www.evafm.net\/sitio\/wp-json\/wp\/v2\/users\/5"}],"replies":[{"embeddable":true,"href":"https:\/\/www.evafm.net\/sitio\/wp-json\/wp\/v2\/comments?post=96486"}],"version-history":[{"count":1,"href":"https:\/\/www.evafm.net\/sitio\/wp-json\/wp\/v2\/posts\/96486\/revisions"}],"predecessor-version":[{"id":96491,"href":"https:\/\/www.evafm.net\/sitio\/wp-json\/wp\/v2\/posts\/96486\/revisions\/96491"}],"wp:featuredmedia":[{"embeddable":true,"href":"https:\/\/www.evafm.net\/sitio\/wp-json\/wp\/v2\/media\/96490"}],"wp:attachment":[{"href":"https:\/\/www.evafm.net\/sitio\/wp-json\/wp\/v2\/media?parent=96486"}],"wp:term":[{"taxonomy":"category","embeddable":true,"href":"https:\/\/www.evafm.net\/sitio\/wp-json\/wp\/v2\/categories?post=96486"},{"taxonomy":"post_tag","embeddable":true,"href":"https:\/\/www.evafm.net\/sitio\/wp-json\/wp\/v2\/tags?post=96486"}],"curies":[{"name":"wp","href":"https:\/\/api.w.org\/{rel}","templated":true}]}}