{"id":96492,"date":"2025-12-02T20:53:32","date_gmt":"2025-12-03T01:53:32","guid":{"rendered":"https:\/\/www.evafm.net\/sitio\/?p=96492"},"modified":"2025-12-02T20:53:32","modified_gmt":"2025-12-03T01:53:32","slug":"noboa-no-notifico-un-viaje-al-exterior-y-la-oposicion-en-la-asamblea-analiza-fiscalizacion","status":"publish","type":"post","link":"https:\/\/www.evafm.net\/sitio\/noboa-no-notifico-un-viaje-al-exterior-y-la-oposicion-en-la-asamblea-analiza-fiscalizacion\/","title":{"rendered":"Noboa no notific\u00f3 un viaje al exterior y la oposici\u00f3n en la Asamblea analiza fiscalizaci\u00f3n"},"content":{"rendered":"<p>Los viajes del presidente\u00a0<a href=\"https:\/\/www.ecuavisa.com\/metadatos\/-\/meta\/daniel-noboa\" target=\"_blank\" rel=\"noopener noreferrer\" data-mrf-link=\"https:\/\/www.ecuavisa.com\/metadatos\/-\/meta\/daniel-noboa\">Daniel Noboa<\/a>\u00a0en las \u00faltimas dos semanas a\u00a0<b>Estados Unidos<\/b>\u00a0han generado pol\u00e9mica por el secretismo, las formas y el salto de la disposici\u00f3n constitucional que obliga al Mandatario a\u00a0<b>notificar sus salidas\u00a0<\/b>del pa\u00eds a la Asamblea Nacional.<\/p>\n<p>Noboa firm\u00f3 el Decreto 235 en el que, en inicio, dec\u00eda que iba a un viaje oficial internacional, luego fue derogado y reemplazado por el Decreto 236 que especifica que su viaje, desde el 27 de noviembre hasta este 1 de diciembre, es de\u00a0<b>car\u00e1cter personal<\/b>, sin erogaci\u00f3n de recursos p\u00fablicos.<\/p>\n<p><strong>Corre\u00edsmo analiza proceso de fiscalizaci\u00f3n.<\/strong><\/p>\n<p>No notific\u00f3 de ese viaje a la Asamblea. Para el constitucionalista Andr\u00e9 Benavides, el Presidente recurrentemente se salta los procedimientos constitucionales.<\/p>\n<div id=\"sunmedia-div\"><\/div>\n<p>\u00abTambi\u00e9n, cuando hago uso de licencia, debe pedir autorizaci\u00f3n de la Asamblea Nacional; caso contrario, esto podr\u00eda reputarse, de ser el caso, como en abandono del cargo\u00bb, analiz\u00f3 Benavides.<\/p>\n<p>Los asamble\u00edstas corroboraron que el viaje no fue notificado y por eso se piensa en iniciar un proceso de fiscalizaci\u00f3n. \u00abAdem\u00e1s de que no pide autorizaci\u00f3n a la Asamblea Nacional, tampoco delega la Presidencia a su Vicepresidenta\u00bb, dijo Liliana Dur\u00e1n, del corre\u00edsmo.<\/p>\n<p>En el oficialismo, los legisladores de ADN no le ponen mucha importancia porque para ellos lo personal y lo p\u00fablico dan resultados al pa\u00eds.<\/p>\n<p><strong>Pr\u00f3ximos viajes de Noboa.<\/strong><\/p>\n<p>El jefe de Estado ya prepara sus nuevas salidas. Desde el 3 al 11 de diciembre har\u00e1 una gira internacional por\u00a0<b>Emiratos \u00c1rabes Unidos, Espa\u00f1a y Noruega. (I)<\/b><\/p>\n<p><strong>Fuente:<\/strong> evafm.net &#8211; ecuavisa.com<\/p>\n<div class=\"gsp_post_data\" \r\n\t            data-post_type=\"post\" \r\n\t            data-cat=\"general,noticias-ecuador\" \r\n\t            data-modified=\"120\"\r\n\t            data-created=\"1764708812\"\r\n\t            data-title=\"Noboa no notific\u00f3 un viaje al exterior y la oposici\u00f3n en la Asamblea analiza fiscalizaci\u00f3n\" \r\n\t            data-home=\"https:\/\/www.evafm.net\/sitio\"><\/div>","protected":false},"excerpt":{"rendered":"<p>Los viajes del presidente\u00a0Daniel Noboa\u00a0en las \u00faltimas dos semanas a\u00a0Estados Unidos\u00a0han generado pol\u00e9mica por el secretismo, las formas y el salto de la disposici\u00f3n constitucional que obliga al Mandatario a\u00a0notificar sus salidas\u00a0del pa\u00eds a la Asamblea Nacional. Noboa firm\u00f3 el Decreto 235 en el que, en inicio, dec\u00eda que iba a un viaje oficial internacional,&#8230;<\/p>\n","protected":false},"author":5,"featured_media":96519,"comment_status":"closed","ping_status":"open","sticky":false,"template":"","format":"standard","meta":{"_joinchat":[],"footnotes":""},"categories":[1720,1558],"tags":[],"class_list":["post-96492","post","type-post","status-publish","format-standard","has-post-thumbnail","hentry","category-general","category-noticias-ecuador","have-post-thumb"],"_links":{"self":[{"href":"https:\/\/www.evafm.net\/sitio\/wp-json\/wp\/v2\/posts\/96492","targetHints":{"allow":["GET"]}}],"collection":[{"href":"https:\/\/www.evafm.net\/sitio\/wp-json\/wp\/v2\/posts"}],"about":[{"href":"https:\/\/www.evafm.net\/sitio\/wp-json\/wp\/v2\/types\/post"}],"author":[{"embeddable":true,"href":"https:\/\/www.evafm.net\/sitio\/wp-json\/wp\/v2\/users\/5"}],"replies":[{"embeddable":true,"href":"https:\/\/www.evafm.net\/sitio\/wp-json\/wp\/v2\/comments?post=96492"}],"version-history":[{"count":1,"href":"https:\/\/www.evafm.net\/sitio\/wp-json\/wp\/v2\/posts\/96492\/revisions"}],"predecessor-version":[{"id":96520,"href":"https:\/\/www.evafm.net\/sitio\/wp-json\/wp\/v2\/posts\/96492\/revisions\/96520"}],"wp:featuredmedia":[{"embeddable":true,"href":"https:\/\/www.evafm.net\/sitio\/wp-json\/wp\/v2\/media\/96519"}],"wp:attachment":[{"href":"https:\/\/www.evafm.net\/sitio\/wp-json\/wp\/v2\/media?parent=96492"}],"wp:term":[{"taxonomy":"category","embeddable":true,"href":"https:\/\/www.evafm.net\/sitio\/wp-json\/wp\/v2\/categories?post=96492"},{"taxonomy":"post_tag","embeddable":true,"href":"https:\/\/www.evafm.net\/sitio\/wp-json\/wp\/v2\/tags?post=96492"}],"curies":[{"name":"wp","href":"https:\/\/api.w.org\/{rel}","templated":true}]}}