{"id":96499,"date":"2025-12-02T13:04:13","date_gmt":"2025-12-02T18:04:13","guid":{"rendered":"https:\/\/www.evafm.net\/sitio\/?p=96499"},"modified":"2025-12-02T13:04:13","modified_gmt":"2025-12-02T18:04:13","slug":"flamengo-de-gonzalo-plata-podra-alzar-el-titulo-de-la-liga-de-brasil-tras-ganar-la-libertadores","status":"publish","type":"post","link":"https:\/\/www.evafm.net\/sitio\/flamengo-de-gonzalo-plata-podra-alzar-el-titulo-de-la-liga-de-brasil-tras-ganar-la-libertadores\/","title":{"rendered":"Flamengo de Gonzalo Plata podr\u00e1 alzar el t\u00edtulo de la Liga de Brasil, tras ganar la Libertadores"},"content":{"rendered":"<p><a href=\"https:\/\/www.ecuavisa.com\/metadatos\/-\/meta\/flamengo\" target=\"_blank\" rel=\"noopener noreferrer\" data-mrf-link=\"https:\/\/www.ecuavisa.com\/metadatos\/-\/meta\/flamengo\">Flamengo<\/a>\u00a0de\u00a0<a href=\"https:\/\/www.ecuavisa.com\/metadatos\/-\/meta\/gonzalo-plata\" target=\"_blank\" rel=\"noopener noreferrer\" data-mrf-link=\"https:\/\/www.ecuavisa.com\/metadatos\/-\/meta\/gonzalo-plata\">Gonzalo Plata<\/a>, que conquist\u00f3 en Lima la Copa Libertadores frente a Palmeiras el s\u00e1bado, recibir\u00e1 a Cear\u00e1 en un Maracan\u00e1 abarrotado y en fiesta,\u00a0<b>en b\u00fasqueda de una victoria que le valdr\u00eda el Campeonato<\/b>\u00a0Brasile\u00f1o.<\/p>\n<p><b>Dos t\u00edtulos en una semana es el objetivo<\/b>\u00a0del conjunto que dirige Filipe Lu\u00eds, quien pretende alinear a todos sus titulares frente a un Cear\u00e1 necesitado de puntos para huir de la zona de descenso.<\/p>\n<p><b>El Mengao lidera con 75 puntos<\/b>, seguido por un Palmeiras golpeado tras caer en la final de la Copa Libertadores y que <strong>tiene 70, uno m\u00e1s que Cruzeiro de Keny Arroyo.<\/strong><\/p>\n<p>&nbsp;<\/p>\n<p>El\u00a0<a href=\"https:\/\/www.ecuavisa.com\/deportes\/envivo-palmeiras-vs-flamengo-resultado-campeon-final-copa-libertadores-AN10489119\" target=\"_blank\" rel=\"noopener noreferrer\" data-mrf-link=\"https:\/\/www.ecuavisa.com\/deportes\/envivo-palmeiras-vs-flamengo-resultado-campeon-final-copa-libertadores-AN10489119\">flamante campe\u00f3n de la Libertadores<\/a>, tras el partido en Lima, fue recibido por una multitud el domingo en las calles de R\u00edo de Janeiro, ha tenido un breve descanso y<b>\u00a0volver\u00e1 a entrenarse este mismo martes<\/b>, cuando Filipe Lu\u00eds decidir\u00e1 el equipo que enfrentar\u00e1 a Cear\u00e1.<\/p>\n<p>El entrenador ya ha adelantado que, ahora, su m\u00e1ximo objetivo es el t\u00edtulo de liga y que pondr\u00e1 en campo todas sus estrellas, a fin de\u00a0<b>levantar el trofeo de la liga en el Maracan\u00e1<\/b>, la casa de Flamengo, que espera este mi\u00e9rcoles a unos <strong>70.000 hinchas.<\/strong><\/p>\n<p>En caso de victoria, el equipo carioca no tendr\u00e1 tregua, pues viajar\u00eda esta misma semana hacia Doha, donde el\u00a0<b>13 de diciembre jugar\u00e1 su primer partido de la Copa Intercontinental<\/b>\u00a0frente al <strong>Cruz Azul<\/strong> <strong>mexicano.<\/strong><\/p>\n<p>Si avanza,\u00a0<b>Flamengo se medir\u00e1 luego al Pyramids egipcio<\/b>\u00a0con la intenci\u00f3n de llegar a la final frente al PSG franc\u00e9s y buscar el que ser\u00eda el tercer t\u00edtulo de un mes que ya es hist\u00f3rico para el club carioca.<\/p>\n<p>El encuentro entre el equipo de Gonzalo Plata y Cear\u00e1 se<b>\u00a0disputar\u00e1 este mi\u00e9rcoles 3 de diciembre, a las 19:30<\/b>, por <strong>El Canal del F\u00fatbol. (D)<\/strong><\/p>\n<p><strong>Fuente:<\/strong> evafm.net &#8211; ecuavisa.com<\/p>\n<div class=\"gsp_post_data\" \r\n\t            data-post_type=\"post\" \r\n\t            data-cat=\"deportes-internacionales\" \r\n\t            data-modified=\"120\"\r\n\t            data-created=\"1764680653\"\r\n\t            data-title=\"Flamengo de Gonzalo Plata podr\u00e1 alzar el t\u00edtulo de la Liga de Brasil, tras ganar la Libertadores\" \r\n\t            data-home=\"https:\/\/www.evafm.net\/sitio\"><\/div>","protected":false},"excerpt":{"rendered":"<p>Flamengo\u00a0de\u00a0Gonzalo Plata, que conquist\u00f3 en Lima la Copa Libertadores frente a Palmeiras el s\u00e1bado, recibir\u00e1 a Cear\u00e1 en un Maracan\u00e1 abarrotado y en fiesta,\u00a0en b\u00fasqueda de una victoria que le valdr\u00eda el Campeonato\u00a0Brasile\u00f1o. Dos t\u00edtulos en una semana es el objetivo\u00a0del conjunto que dirige Filipe Lu\u00eds, quien pretende alinear a todos sus titulares frente a&#8230;<\/p>\n","protected":false},"author":5,"featured_media":96500,"comment_status":"closed","ping_status":"open","sticky":false,"template":"","format":"standard","meta":{"_joinchat":[],"footnotes":""},"categories":[1342],"tags":[],"class_list":["post-96499","post","type-post","status-publish","format-standard","has-post-thumbnail","hentry","category-deportes-internacionales","have-post-thumb"],"_links":{"self":[{"href":"https:\/\/www.evafm.net\/sitio\/wp-json\/wp\/v2\/posts\/96499","targetHints":{"allow":["GET"]}}],"collection":[{"href":"https:\/\/www.evafm.net\/sitio\/wp-json\/wp\/v2\/posts"}],"about":[{"href":"https:\/\/www.evafm.net\/sitio\/wp-json\/wp\/v2\/types\/post"}],"author":[{"embeddable":true,"href":"https:\/\/www.evafm.net\/sitio\/wp-json\/wp\/v2\/users\/5"}],"replies":[{"embeddable":true,"href":"https:\/\/www.evafm.net\/sitio\/wp-json\/wp\/v2\/comments?post=96499"}],"version-history":[{"count":2,"href":"https:\/\/www.evafm.net\/sitio\/wp-json\/wp\/v2\/posts\/96499\/revisions"}],"predecessor-version":[{"id":96502,"href":"https:\/\/www.evafm.net\/sitio\/wp-json\/wp\/v2\/posts\/96499\/revisions\/96502"}],"wp:featuredmedia":[{"embeddable":true,"href":"https:\/\/www.evafm.net\/sitio\/wp-json\/wp\/v2\/media\/96500"}],"wp:attachment":[{"href":"https:\/\/www.evafm.net\/sitio\/wp-json\/wp\/v2\/media?parent=96499"}],"wp:term":[{"taxonomy":"category","embeddable":true,"href":"https:\/\/www.evafm.net\/sitio\/wp-json\/wp\/v2\/categories?post=96499"},{"taxonomy":"post_tag","embeddable":true,"href":"https:\/\/www.evafm.net\/sitio\/wp-json\/wp\/v2\/tags?post=96499"}],"curies":[{"name":"wp","href":"https:\/\/api.w.org\/{rel}","templated":true}]}}