{"id":96503,"date":"2025-12-02T13:11:06","date_gmt":"2025-12-02T18:11:06","guid":{"rendered":"https:\/\/www.evafm.net\/sitio\/?p=96503"},"modified":"2025-12-02T13:11:06","modified_gmt":"2025-12-02T18:11:06","slug":"un-jugador-ecuatoriano-firmara-su-primer-contrato-profesional-en-el-stade-rennais","status":"publish","type":"post","link":"https:\/\/www.evafm.net\/sitio\/un-jugador-ecuatoriano-firmara-su-primer-contrato-profesional-en-el-stade-rennais\/","title":{"rendered":"Un jugador ecuatoriano firmar\u00e1 su primer contrato profesional en el Stade Rennais"},"content":{"rendered":"<p>Un nuevo futbolista ecuatoriano tendr\u00e1 la oportunidad de convertirse en un\u00a0<a href=\"https:\/\/www.ecuavisa.com\/metadatos\/-\/meta\/futbol-frances\" target=\"_blank\" rel=\"noopener noreferrer\" data-mrf-link=\"https:\/\/www.ecuavisa.com\/metadatos\/-\/meta\/futbol-frances\">jugador regular de la Ligue 1<\/a>, pues\u00a0<b>El\u00edas Legendre Qui\u00f1\u00f3nez firmar\u00e1 su primer contrato profesional<\/b>\u00a0con el Stade Rennais.<\/p>\n<p>El conjunto franc\u00e9s tiene la costumbre de apoyar a su cantera, por lo que\u00a0<b>varios juveniles tienen minutos con el primer equipo\u00a0<\/b>y un compatriota se puede sumar al plantel regular.<\/p>\n<p>Seg\u00fan informaci\u00f3n del medio Le Parisien, el\u00a0<b>Stade Rennais lleg\u00f3 a un acuerdo con Legendre<\/b>\u00a0para firmar su contrato profesional por los pr\u00f3ximos tres a\u00f1os, es decir, hasta el 2028.<\/p>\n<p>&nbsp;<\/p>\n<p>El<b>\u00a0jugador de 17 a\u00f1os recibi\u00f3 su primera convocatoria con el equipo mayor<\/b>\u00a0durante la victoria 1-0 ante el Metz, pero no sum\u00f3 minutos en la cancha.<\/p>\n<p><b>El\u00edas cuenta con doble nacionalidad\u00a0<\/b>francesa y ecuatoriana y ha recibido la convocatoria de las dos selecciones juveniles.<\/p>\n<p><b>Legendre recibi\u00f3 dos llamados de la selecci\u00f3n de Francia sub 16 y sub 17<\/b>\u00a0con cuatro amistosos con ambos combinados; mientras que con la\u00a0<a href=\"https:\/\/www.ecuavisa.com\/deportes\/futbol-internacional\/sudamericano-sub-17-ecuador-goleo-a-uruguay-pero-brasil-es-el-lider-del-grupo-b-BX9044021\" target=\"_blank\" rel=\"noopener noreferrer\" data-mrf-link=\"https:\/\/www.ecuavisa.com\/deportes\/futbol-internacional\/sudamericano-sub-17-ecuador-goleo-a-uruguay-pero-brasil-es-el-lider-del-grupo-b-BX9044021\">Tri sub 17 particip\u00f3 en el Sudamericano<\/a>\u00a0con un gol en cinco partidos del torneo.<\/p>\n<p>El\u00edas naci\u00f3 en La Concordia, en el noroeste de Ecuador,\u00a0<b>lleg\u00f3 a los siete a\u00f1os a Francia<\/b>. El futbolista empez\u00f3 en el club amateur CO Pac\u00e9, luego se sum\u00f3 a las formativas del Rennais.<strong> (D)<\/strong><\/p>\n<p><strong>Fuente:<\/strong> evafm.net &#8211; ecuavisa.com<\/p>\n<div class=\"gsp_post_data\" \r\n\t            data-post_type=\"post\" \r\n\t            data-cat=\"deportes-internacionales\" \r\n\t            data-modified=\"120\"\r\n\t            data-created=\"1764681066\"\r\n\t            data-title=\"Un jugador ecuatoriano firmar\u00e1 su primer contrato profesional en el Stade Rennais\" \r\n\t            data-home=\"https:\/\/www.evafm.net\/sitio\"><\/div>","protected":false},"excerpt":{"rendered":"<p>Un nuevo futbolista ecuatoriano tendr\u00e1 la oportunidad de convertirse en un\u00a0jugador regular de la Ligue 1, pues\u00a0El\u00edas Legendre Qui\u00f1\u00f3nez firmar\u00e1 su primer contrato profesional\u00a0con el Stade Rennais. El conjunto franc\u00e9s tiene la costumbre de apoyar a su cantera, por lo que\u00a0varios juveniles tienen minutos con el primer equipo\u00a0y un compatriota se puede sumar al plantel&#8230;<\/p>\n","protected":false},"author":5,"featured_media":96504,"comment_status":"closed","ping_status":"open","sticky":false,"template":"","format":"standard","meta":{"_joinchat":[],"footnotes":""},"categories":[1342],"tags":[],"class_list":["post-96503","post","type-post","status-publish","format-standard","has-post-thumbnail","hentry","category-deportes-internacionales","have-post-thumb"],"_links":{"self":[{"href":"https:\/\/www.evafm.net\/sitio\/wp-json\/wp\/v2\/posts\/96503","targetHints":{"allow":["GET"]}}],"collection":[{"href":"https:\/\/www.evafm.net\/sitio\/wp-json\/wp\/v2\/posts"}],"about":[{"href":"https:\/\/www.evafm.net\/sitio\/wp-json\/wp\/v2\/types\/post"}],"author":[{"embeddable":true,"href":"https:\/\/www.evafm.net\/sitio\/wp-json\/wp\/v2\/users\/5"}],"replies":[{"embeddable":true,"href":"https:\/\/www.evafm.net\/sitio\/wp-json\/wp\/v2\/comments?post=96503"}],"version-history":[{"count":2,"href":"https:\/\/www.evafm.net\/sitio\/wp-json\/wp\/v2\/posts\/96503\/revisions"}],"predecessor-version":[{"id":96506,"href":"https:\/\/www.evafm.net\/sitio\/wp-json\/wp\/v2\/posts\/96503\/revisions\/96506"}],"wp:featuredmedia":[{"embeddable":true,"href":"https:\/\/www.evafm.net\/sitio\/wp-json\/wp\/v2\/media\/96504"}],"wp:attachment":[{"href":"https:\/\/www.evafm.net\/sitio\/wp-json\/wp\/v2\/media?parent=96503"}],"wp:term":[{"taxonomy":"category","embeddable":true,"href":"https:\/\/www.evafm.net\/sitio\/wp-json\/wp\/v2\/categories?post=96503"},{"taxonomy":"post_tag","embeddable":true,"href":"https:\/\/www.evafm.net\/sitio\/wp-json\/wp\/v2\/tags?post=96503"}],"curies":[{"name":"wp","href":"https:\/\/api.w.org\/{rel}","templated":true}]}}