{"id":96507,"date":"2025-12-02T13:18:31","date_gmt":"2025-12-02T18:18:31","guid":{"rendered":"https:\/\/www.evafm.net\/sitio\/?p=96507"},"modified":"2025-12-02T13:18:31","modified_gmt":"2025-12-02T18:18:31","slug":"keny-arroyo-sufrio-una-lesion-leve-con-el-cruzeiro-y-podra-estar-ante-el-corinthians","status":"publish","type":"post","link":"https:\/\/www.evafm.net\/sitio\/keny-arroyo-sufrio-una-lesion-leve-con-el-cruzeiro-y-podra-estar-ante-el-corinthians\/","title":{"rendered":"Keny Arroyo sufri\u00f3 una lesi\u00f3n leve con el Cruzeiro y podr\u00e1 estar ante el Corinthians"},"content":{"rendered":"<p>La alarma se encendi\u00f3 en el<a href=\"https:\/\/www.ecuavisa.com\/metadatos\/-\/meta\/keny-arroyo\" data-mrf-link=\"https:\/\/www.ecuavisa.com\/metadatos\/-\/meta\/keny-arroyo\">\u00a0<b>Cruzeiro<\/b><\/a><b>\u00a0<\/b>durante el empate 1-1 ante Cear\u00e1, cuando\u00a0<b>Keny Arroyo\u00a0<\/b>pidi\u00f3 el cambio a los<strong> 42 minutos<\/strong> del <strong>primer tiempo<\/strong> tras sentir una molestia muscular.<\/p>\n<p>El volante ecuatoriano abandon\u00f3 el campo por precauci\u00f3n y gener\u00f3 preocupaci\u00f3n en el tramo decisivo de la temporada brasile\u00f1a.<\/p>\n<p>Sin embargo, el entrenador<b>\u00a0Leonardo Jardim<\/b>\u00a0llev\u00f3 tranquilidad este lunes.<\/p>\n<p>En conferencia de prensa, el DT explic\u00f3 que el problema no reviste gravedad:<\/p>\n<p>\u201c<strong>Creemos que fue una distensi\u00f3n leve del aductor; no quer\u00edamos arriesgar al jugador. <\/strong><\/p>\n<p><strong>Sabemos que ten\u00edamos otras opciones en la banca y partidos importantes por delante, as\u00ed que es mejor que todos est\u00e9n disponibles\u201d<\/strong>, afirm\u00f3.<\/p>\n<p>&nbsp;<\/p>\n<p>Durante la pr\u00e1ctica de este lunes,<b>\u00a0Arroyo\u00a0<\/b>realiz\u00f3 trabajos diferenciados por la molestia muscular, aunque el club no consider\u00f3 necesario hacerle ex\u00e1menes m\u00e9dicos.<\/p>\n<p>Seg\u00fan el primer diagn\u00f3stico, la distensi\u00f3n es leve y no tendr\u00eda un per\u00edodo prolongado de recuperaci\u00f3n. Aun as\u00ed, Cruzeiro planea manejarlo con cautela.<\/p>\n<div id=\"sunmedia-div\"><\/div>\n<p>El cuadro celeste afrontar\u00e1 sus dos \u00faltimos compromisos del\u00a0<b>Brasileir\u00e3o esta semana: el jueves ante Botafogo y el domingo frente al Santos FC.<\/b><\/p>\n<p>La idea del cuerpo t\u00e9cnico es no arriesgar a Arroyo en estos duelos y reservarlo para su regreso el <strong>10 de diciembre<\/strong>, en la ida de la semifinal de la\u00a0<b>Copa de Brasil ante Corinthians<\/b><\/p>\n<p>cuando se espera que est\u00e9 totalmente recuperado.(<strong>D)<\/strong><\/p>\n<p><strong>Fuente<\/strong>: evafm.net &#8211; ecuavisa.com<\/p>\n<div class=\"gsp_post_data\" \r\n\t            data-post_type=\"post\" \r\n\t            data-cat=\"deportes-internacionales\" \r\n\t            data-modified=\"120\"\r\n\t            data-created=\"1764681511\"\r\n\t            data-title=\"Keny Arroyo sufri\u00f3 una lesi\u00f3n leve con el Cruzeiro y podr\u00e1 estar ante el Corinthians\" \r\n\t            data-home=\"https:\/\/www.evafm.net\/sitio\"><\/div>","protected":false},"excerpt":{"rendered":"<p>La alarma se encendi\u00f3 en el\u00a0Cruzeiro\u00a0durante el empate 1-1 ante Cear\u00e1, cuando\u00a0Keny Arroyo\u00a0pidi\u00f3 el cambio a los 42 minutos del primer tiempo tras sentir una molestia muscular. El volante ecuatoriano abandon\u00f3 el campo por precauci\u00f3n y gener\u00f3 preocupaci\u00f3n en el tramo decisivo de la temporada brasile\u00f1a. Sin embargo, el entrenador\u00a0Leonardo Jardim\u00a0llev\u00f3 tranquilidad este lunes. En&#8230;<\/p>\n","protected":false},"author":5,"featured_media":96508,"comment_status":"closed","ping_status":"open","sticky":false,"template":"","format":"standard","meta":{"_joinchat":[],"footnotes":""},"categories":[1342],"tags":[],"class_list":["post-96507","post","type-post","status-publish","format-standard","has-post-thumbnail","hentry","category-deportes-internacionales","have-post-thumb"],"_links":{"self":[{"href":"https:\/\/www.evafm.net\/sitio\/wp-json\/wp\/v2\/posts\/96507","targetHints":{"allow":["GET"]}}],"collection":[{"href":"https:\/\/www.evafm.net\/sitio\/wp-json\/wp\/v2\/posts"}],"about":[{"href":"https:\/\/www.evafm.net\/sitio\/wp-json\/wp\/v2\/types\/post"}],"author":[{"embeddable":true,"href":"https:\/\/www.evafm.net\/sitio\/wp-json\/wp\/v2\/users\/5"}],"replies":[{"embeddable":true,"href":"https:\/\/www.evafm.net\/sitio\/wp-json\/wp\/v2\/comments?post=96507"}],"version-history":[{"count":1,"href":"https:\/\/www.evafm.net\/sitio\/wp-json\/wp\/v2\/posts\/96507\/revisions"}],"predecessor-version":[{"id":96509,"href":"https:\/\/www.evafm.net\/sitio\/wp-json\/wp\/v2\/posts\/96507\/revisions\/96509"}],"wp:featuredmedia":[{"embeddable":true,"href":"https:\/\/www.evafm.net\/sitio\/wp-json\/wp\/v2\/media\/96508"}],"wp:attachment":[{"href":"https:\/\/www.evafm.net\/sitio\/wp-json\/wp\/v2\/media?parent=96507"}],"wp:term":[{"taxonomy":"category","embeddable":true,"href":"https:\/\/www.evafm.net\/sitio\/wp-json\/wp\/v2\/categories?post=96507"},{"taxonomy":"post_tag","embeddable":true,"href":"https:\/\/www.evafm.net\/sitio\/wp-json\/wp\/v2\/tags?post=96507"}],"curies":[{"name":"wp","href":"https:\/\/api.w.org\/{rel}","templated":true}]}}