{"id":96510,"date":"2025-12-02T13:24:46","date_gmt":"2025-12-02T18:24:46","guid":{"rendered":"https:\/\/www.evafm.net\/sitio\/?p=96510"},"modified":"2025-12-02T13:24:46","modified_gmt":"2025-12-02T18:24:46","slug":"donald-trump-asistira-al-sorteo-del-mundial-2026-este-viernes-en-washington","status":"publish","type":"post","link":"https:\/\/www.evafm.net\/sitio\/donald-trump-asistira-al-sorteo-del-mundial-2026-este-viernes-en-washington\/","title":{"rendered":"Donald Trump asistir\u00e1 al sorteo del Mundial 2026 este viernes en Washington"},"content":{"rendered":"<p>La\u00a0<b>Casa Blanca<\/b>\u00a0confirm\u00f3 el lunes que el presidente estadounidense,\u00a0<a href=\"https:\/\/www.ecuavisa.com\/metadatos\/-\/meta\/donald-trump\" data-mrf-link=\"https:\/\/www.ecuavisa.com\/metadatos\/-\/meta\/donald-trump\">Donald Trump<\/a>, asistir\u00e1 a la ceremonia del sorteo del\u00a0<strong><a href=\"https:\/\/www.ecuavisa.com\/metadatos\/-\/meta\/mundial-2026\" data-mrf-link=\"https:\/\/www.ecuavisa.com\/metadatos\/-\/meta\/mundial-2026\">Mundial de 2026<\/a>\u00a0el viernes en Washington.<\/strong><\/p>\n<p><b>La m\u00e1xima cita del balompi\u00e9 de 2026 ser\u00e1 la primera en celebrarse en tres pa\u00edses\u00a0<\/b>y Trump ha dado mucha importancia al hecho de que tenga lugar durante su segunda presidencia.<\/p>\n<p><b>Estados Unidos ser\u00e1 coanfitri\u00f3n del torneo junto con Canad\u00e1 y M\u00e9xico\u00a0<\/b>justo el a\u00f1o en que celebrar\u00e1 su aniversario 250 de independencia.<\/p>\n<p>El sorteo de la primera Copa del Mundo de<b>\u00a048 selecciones\u00a0<\/b>se realizar\u00e1 en la sede del prestigioso instituto cultural<b>\u00a0Kennedy Center,\u00a0<\/b>que el mandatario estadounidense busca transformar por considerarlo demasiado progresista.<\/p>\n<p><b>La ceremonia comenzar\u00e1 a las 12:00 (hora de Ecuador)<\/b>\u00a0y contar\u00e1 con la presencia de directivos y entrenadores de las selecciones clasificadas.<\/p>\n<p>&nbsp;<\/p>\n<p><b>Estados Unidos fue nombrado coanfitri\u00f3n de la Copa del Mundo en 2018<\/b>, durante el primer mandato de Trump, que perdi\u00f3 las elecciones de 2020 frente a Joe Biden, aunque gan\u00f3 un segundo periodo el a\u00f1o pasado.<\/p>\n<p>Pero este gran espect\u00e1culo deportivo no ha escapado a la agitaci\u00f3n pol\u00edtica provocada por la\u00a0<b>postura inflexible de Trump\u00a0<\/b>en una serie de cuestiones.<\/p>\n<p>El mandatario republicano ha planteado la posibilidad de trasladar los partidos de algunas ciudades estadounidenses anfitrionas,\u00a0<b>gobernadas por la oposici\u00f3n dem\u00f3crata<\/b>, en medio de una campa\u00f1a contra lo que \u00e9l denomina delincuencia e inmigraci\u00f3n ilegal.<\/p>\n<p>&nbsp;<\/p>\n<div id=\"\" class=\"portlet-boundary portlet-static-end content-viewer-portlet c_002_001 u-ampliada-contenido last full-access norestricted\">\n<div class=\"DETAIL_TXT AMPLIADA_SECOND\">\n<div class=\"text \" data-mrf-recirculation=\"ArticuloLinkEC\">\n<div class=\"paragraph\">\n<p>Trump, de 79 a\u00f1os, es amigo y un aliado estrecho del jefe de la FIFA,\u00a0<b>Gianni Infantino,<\/b>\u00a0en la campa\u00f1a para que los estadounidenses se enamoren de una vez por todas del \u00absoccer\u00bb.<\/p>\n<p>Con ese prop\u00f3sito, adem\u00e1s de la cita mundialista de 2026, la FIFA organiz\u00f3 en el gigante americano su primera edici\u00f3n del\u00a0<b>Mundial de Clubes ampliado\u00a0<\/b>en el pasado verano.<\/p>\n<p>Tambi\u00e9n prev\u00e9 entregarle la sede de\u00a0<b>la Copa del Mundo femenina de<\/b>\u00a0<b>2031<\/b>, que Estados Unidos organizar\u00eda junto a M\u00e9xico y Costa Rica.<strong>(D)<\/strong><\/p>\n<p><strong>Fuente:<\/strong> evafm.net &#8211; ecuavisa.com<\/p>\n<\/div>\n<\/div>\n<\/div>\n<\/div>\n<div id=\"\" class=\"portlet-boundary portlet-static-end htmlcontainer-portlet\">\n<div><\/div>\n<\/div>\n<div id=\"\" class=\"portlet-boundary portlet-static-end adcontainer-portlet text-center mb-4 fondo_publicidad pub-if-text\"><\/div>\n<div class=\"gsp_post_data\" \r\n\t            data-post_type=\"post\" \r\n\t            data-cat=\"deportes-internacionales\" \r\n\t            data-modified=\"120\"\r\n\t            data-created=\"1764681886\"\r\n\t            data-title=\"Donald Trump asistir\u00e1 al sorteo del Mundial 2026 este viernes en Washington\" \r\n\t            data-home=\"https:\/\/www.evafm.net\/sitio\"><\/div>","protected":false},"excerpt":{"rendered":"<p>La\u00a0Casa Blanca\u00a0confirm\u00f3 el lunes que el presidente estadounidense,\u00a0Donald Trump, asistir\u00e1 a la ceremonia del sorteo del\u00a0Mundial de 2026\u00a0el viernes en Washington. La m\u00e1xima cita del balompi\u00e9 de 2026 ser\u00e1 la primera en celebrarse en tres pa\u00edses\u00a0y Trump ha dado mucha importancia al hecho de que tenga lugar durante su segunda presidencia. Estados Unidos ser\u00e1 coanfitri\u00f3n&#8230;<\/p>\n","protected":false},"author":5,"featured_media":96511,"comment_status":"closed","ping_status":"open","sticky":false,"template":"","format":"standard","meta":{"_joinchat":[],"footnotes":""},"categories":[1342],"tags":[],"class_list":["post-96510","post","type-post","status-publish","format-standard","has-post-thumbnail","hentry","category-deportes-internacionales","have-post-thumb"],"_links":{"self":[{"href":"https:\/\/www.evafm.net\/sitio\/wp-json\/wp\/v2\/posts\/96510","targetHints":{"allow":["GET"]}}],"collection":[{"href":"https:\/\/www.evafm.net\/sitio\/wp-json\/wp\/v2\/posts"}],"about":[{"href":"https:\/\/www.evafm.net\/sitio\/wp-json\/wp\/v2\/types\/post"}],"author":[{"embeddable":true,"href":"https:\/\/www.evafm.net\/sitio\/wp-json\/wp\/v2\/users\/5"}],"replies":[{"embeddable":true,"href":"https:\/\/www.evafm.net\/sitio\/wp-json\/wp\/v2\/comments?post=96510"}],"version-history":[{"count":1,"href":"https:\/\/www.evafm.net\/sitio\/wp-json\/wp\/v2\/posts\/96510\/revisions"}],"predecessor-version":[{"id":96512,"href":"https:\/\/www.evafm.net\/sitio\/wp-json\/wp\/v2\/posts\/96510\/revisions\/96512"}],"wp:featuredmedia":[{"embeddable":true,"href":"https:\/\/www.evafm.net\/sitio\/wp-json\/wp\/v2\/media\/96511"}],"wp:attachment":[{"href":"https:\/\/www.evafm.net\/sitio\/wp-json\/wp\/v2\/media?parent=96510"}],"wp:term":[{"taxonomy":"category","embeddable":true,"href":"https:\/\/www.evafm.net\/sitio\/wp-json\/wp\/v2\/categories?post=96510"},{"taxonomy":"post_tag","embeddable":true,"href":"https:\/\/www.evafm.net\/sitio\/wp-json\/wp\/v2\/tags?post=96510"}],"curies":[{"name":"wp","href":"https:\/\/api.w.org\/{rel}","templated":true}]}}