{"id":96516,"date":"2025-12-02T13:38:37","date_gmt":"2025-12-02T18:38:37","guid":{"rendered":"https:\/\/www.evafm.net\/sitio\/?p=96516"},"modified":"2025-12-02T13:38:37","modified_gmt":"2025-12-02T18:38:37","slug":"antonio-alvarez-por-el-amistoso-de-barcelona-sc-ante-inter-miami","status":"publish","type":"post","link":"https:\/\/www.evafm.net\/sitio\/antonio-alvarez-por-el-amistoso-de-barcelona-sc-ante-inter-miami\/","title":{"rendered":"Antonio \u00c1lvarez por el amistoso de Barcelona SC ante Inter Miami"},"content":{"rendered":"<p><b><a href=\"https:\/\/www.ecuavisa.com\/metadatos\/-\/meta\/barcelona-sc\" target=\"_blank\" rel=\"noopener noreferrer\" data-mrf-link=\"https:\/\/www.ecuavisa.com\/metadatos\/-\/meta\/barcelona-sc\">Barcelona SC<\/a>\u00a0se alista para ser el rival del Inter Miami en su amistoso en Ecuador\u00a0<\/b>para el 2026.<\/p>\n<p>El partido a\u00fan no est\u00e1 confirmado, pero el presidente de los toreros,\u00a0<a href=\"https:\/\/www.ecuavisa.com\/metadatos\/-\/meta\/antonio-alvarez\" target=\"_blank\" rel=\"noopener noreferrer\" data-mrf-link=\"https:\/\/www.ecuavisa.com\/metadatos\/-\/meta\/antonio-alvarez\">Antonio \u00c1lvarez<\/a>, subi\u00f3 una enigm\u00e1tica publicaci\u00f3n.<\/p>\n<p>El directivo torero<b>\u00a0subi\u00f3 a su cuenta de X e Instagram una foto de Lionel Messi\u00a0<\/b>con la indumentaria del Inter Miami, sin poner texto ni mensaje anunciando el encuentro amistoso entre ambas instituciones.<\/p>\n<p>A las pocas horas del posteo,\u00a0<b>\u00c1lvarez elimin\u00f3 la publicaci\u00f3n de su cuenta<\/b>, de X tras una ola de cr\u00edticas en contra del dirigente y su desempe\u00f1o en el cargo de Barcelona SC.<\/p>\n<p>Sin embargo, el directivo s\u00ed dej\u00f3 la publicaci\u00f3n en su cuenta de Instagram.<\/p>\n<p>&nbsp;<\/p>\n<p>Despu\u00e9s de eso, el empresario que va a traer el Inter Miami a Ecuador, Daniel\u00a0<b>Molina, aclar\u00f3 que no crean publicaciones<\/b>\u00a0de otras cuentas para confirmar el amistoso.<\/p>\n<p>\u201c<b>Mant\u00e9nganse informados solamente por las fuentes oficiales<\/b>. (Las del Inter o mis redes sociales)\u201d, explic\u00f3 el empresario.<\/p>\n<p>Por ahora, el\u00a0<b><a href=\"https:\/\/www.ecuavisa.com\/deportes\/futbol-nacional\/barcelonasc-negociaciones-amistoso-inter-miami-lionel-messi-monumental-ME10503942\" target=\"_blank\" rel=\"noopener noreferrer\" data-mrf-link=\"https:\/\/www.ecuavisa.com\/deportes\/futbol-nacional\/barcelonasc-negociaciones-amistoso-inter-miami-lionel-messi-monumental-ME10503942\">Inter Miami no ha confirmado a Barcelona SC\u00a0<\/a>como su rival\u00a0<\/b>para el amistoso del 2026, pero todo apunta que se disputar\u00e1 en Guayaquil.<\/p>\n<p>Cabe recordar que\u00a0<b>Messi no viaj\u00f3 a Guayaquil<\/b> para disputar las Eliminatorias Sudamericanas con Argentina ante Ecuador en la \u00faltima fecha de la competici\u00f3n. <strong>(D)<\/strong><\/p>\n<p>&nbsp;<\/p>\n<p>&nbsp;<\/p>\n<p><img fetchpriority=\"high\" decoding=\"async\" class=\"\" src=\"https:\/\/encrypted-tbn0.gstatic.com\/images?q=tbn:ANd9GcRcLtNMx4-BakpH4OAk7GnG2R-HYq3HPFEdcQ&amp;s\" alt=\"\ud83d\udc40 Lo que public\u00f3 Antonio \u00c1lvarez, presidente de Barcelona SC.! \ud83e\udd2f Lo  esperamos al gran Lio Messi en Ecuador? Tic tac, tic tac! \u231b \ud83e\udd33\ud83c\udffc  #LaDinast\u00edaContin\u00faa\" width=\"773\" height=\"633\" \/><\/p>\n<p><strong>Fuente:<\/strong> evafm.net &#8211; ecuavisa.com<\/p>\n<div class=\"gsp_post_data\" \r\n\t            data-post_type=\"post\" \r\n\t            data-cat=\"deportes-ecuador\" \r\n\t            data-modified=\"120\"\r\n\t            data-created=\"1764682717\"\r\n\t            data-title=\"Antonio \u00c1lvarez por el amistoso de Barcelona SC ante Inter Miami\" \r\n\t            data-home=\"https:\/\/www.evafm.net\/sitio\"><\/div>","protected":false},"excerpt":{"rendered":"<p>Barcelona SC\u00a0se alista para ser el rival del Inter Miami en su amistoso en Ecuador\u00a0para el 2026. El partido a\u00fan no est\u00e1 confirmado, pero el presidente de los toreros,\u00a0Antonio \u00c1lvarez, subi\u00f3 una enigm\u00e1tica publicaci\u00f3n. El directivo torero\u00a0subi\u00f3 a su cuenta de X e Instagram una foto de Lionel Messi\u00a0con la indumentaria del Inter Miami, sin&#8230;<\/p>\n","protected":false},"author":5,"featured_media":96517,"comment_status":"closed","ping_status":"open","sticky":false,"template":"","format":"standard","meta":{"_joinchat":[],"footnotes":""},"categories":[1557],"tags":[],"class_list":["post-96516","post","type-post","status-publish","format-standard","has-post-thumbnail","hentry","category-deportes-ecuador","have-post-thumb"],"_links":{"self":[{"href":"https:\/\/www.evafm.net\/sitio\/wp-json\/wp\/v2\/posts\/96516","targetHints":{"allow":["GET"]}}],"collection":[{"href":"https:\/\/www.evafm.net\/sitio\/wp-json\/wp\/v2\/posts"}],"about":[{"href":"https:\/\/www.evafm.net\/sitio\/wp-json\/wp\/v2\/types\/post"}],"author":[{"embeddable":true,"href":"https:\/\/www.evafm.net\/sitio\/wp-json\/wp\/v2\/users\/5"}],"replies":[{"embeddable":true,"href":"https:\/\/www.evafm.net\/sitio\/wp-json\/wp\/v2\/comments?post=96516"}],"version-history":[{"count":1,"href":"https:\/\/www.evafm.net\/sitio\/wp-json\/wp\/v2\/posts\/96516\/revisions"}],"predecessor-version":[{"id":96518,"href":"https:\/\/www.evafm.net\/sitio\/wp-json\/wp\/v2\/posts\/96516\/revisions\/96518"}],"wp:featuredmedia":[{"embeddable":true,"href":"https:\/\/www.evafm.net\/sitio\/wp-json\/wp\/v2\/media\/96517"}],"wp:attachment":[{"href":"https:\/\/www.evafm.net\/sitio\/wp-json\/wp\/v2\/media?parent=96516"}],"wp:term":[{"taxonomy":"category","embeddable":true,"href":"https:\/\/www.evafm.net\/sitio\/wp-json\/wp\/v2\/categories?post=96516"},{"taxonomy":"post_tag","embeddable":true,"href":"https:\/\/www.evafm.net\/sitio\/wp-json\/wp\/v2\/tags?post=96516"}],"curies":[{"name":"wp","href":"https:\/\/api.w.org\/{rel}","templated":true}]}}