{"id":96809,"date":"2025-12-10T15:11:29","date_gmt":"2025-12-10T20:11:29","guid":{"rendered":"https:\/\/www.evafm.net\/sitio\/?p=96809"},"modified":"2025-12-10T15:11:29","modified_gmt":"2025-12-10T20:11:29","slug":"las-posibles-alineaciones-de-independiente-del-valle-y-liga-de-quito-por-el-partido-postergada-de-la-ligapro","status":"publish","type":"post","link":"https:\/\/www.evafm.net\/sitio\/las-posibles-alineaciones-de-independiente-del-valle-y-liga-de-quito-por-el-partido-postergada-de-la-ligapro\/","title":{"rendered":"Las posibles alineaciones de Independiente del Valle y Liga de Quito por el partido postergada de la LigaPro"},"content":{"rendered":"<p>Este mi\u00e9rcoles 10 de diciembre,\u00a0<a href=\"https:\/\/www.ecuavisa.com\/deportes\/ind-del-valle\" data-mrf-link=\"https:\/\/www.ecuavisa.com\/deportes\/ind-del-valle\">Independiente del Valle\u00a0<\/a>recibir\u00e1 en su estadio a\u00a0<a href=\"https:\/\/www.ecuavisa.com\/deportes\/liga-de-quito\" data-mrf-link=\"https:\/\/www.ecuavisa.com\/deportes\/liga-de-quito\">Liga de Quito<\/a>\u00a0por la tercera fecha del hexagonal principal de la LigaPro,\u00a0<b>partido que fue postergado\u00a0<\/b>debido a la participaci\u00f3n de ambos clubes en torneos internacionales.<\/p>\n<p>Independiente del Valle llega como\u00a0<b>campe\u00f3n<\/b>, tras igualar 1-1 ante Libertad.<\/p>\n<p>Sin embargo, el encuentro sigue siendo determinante, ya que\u00a0<b>Liga de Quito<\/b>\u00a0busca asegurar el\u00a0<b>segundo cupo directo<\/b>\u00a0a la fase de grupos de la Copa Libertadores.<\/p>\n<p>El conjunto albo no podr\u00e1 contar con\u00a0<b>Gonzalo Valle<\/b>\u00a0y\u00a0<b>Alejandro Cabeza<\/b>, ambos lesionados.<\/p>\n<p>En contraste, el t\u00e9cnico Tiago Nunes recupera a\u00a0<b>Leonel Qui\u00f1\u00f3nez<\/b>\u00a0y\u00a0<b>Gian Franco Allala<\/b>, quienes ya cumplieron su suspensi\u00f3n.<\/p>\n<p>&nbsp;<\/p>\n<p>Por parte de IDV, el equipo volver\u00e1 a tener a disposici\u00f3n a\u00a0<b>Andy Velasco<\/b>, mientras que\u00a0<b>Juan Cazares<\/b>\u00a0y\u00a0<b>Junior Sornoza<\/b>\u00a0ser\u00e1n baja por lesi\u00f3n.<\/p>\n<p>El duelo entre Independiente del Valle y Liga de Quito est\u00e1 programado para las\u00a0<b>17:00 (hora de Ecuador)<\/b>\u00a0y ser\u00e1 transmitido en vivo por\u00a0<b>Ecuavisa<\/b>.<strong> (D)<\/strong><\/p>\n<p><strong>Posibles alineaciones:<\/strong><\/p>\n<p><b>ndependiente del Valle:<\/b>\u00a0Guido Villar; Mat\u00edas Fern\u00e1ndez, Mateo Carabajal, Richard Schunke, Gustavo Cortez; Jordy Alc\u00edvar, Emerson Pata, Patrik Mercado, Justin Lerma; Michael Hoyos y Claudio Spinelli.<\/p>\n<p><b>DT:\u00a0<\/b>Javier Rabanal<\/p>\n<p><b>Liga de Quito:\u00a0<\/b>Alexander Dom\u00ednguez; Gian Allala, Ricardo Ad\u00e9, Richard Mina; Bryan Ram\u00edrez, Carlos Gruezo, Alexander Alvarado, Fernando Cornejo, Leonel Qui\u00f1\u00f3nez; Lautaro Pastr\u00e1n y Michael Estrada.<\/p>\n<p><b>DT:\u00a0<\/b>Tiago Nunes<\/p>\n<p>&nbsp;<\/p>\n<p><strong>Fuente:<\/strong> evafm.net &#8211; ecuavisa.com<\/p>\n<div class=\"gsp_post_data\" \r\n\t            data-post_type=\"post\" \r\n\t            data-cat=\"deportes-ecuador\" \r\n\t            data-modified=\"120\"\r\n\t            data-created=\"1765379489\"\r\n\t            data-title=\"Las posibles alineaciones de Independiente del Valle y Liga de Quito por el partido postergada de la LigaPro\" \r\n\t            data-home=\"https:\/\/www.evafm.net\/sitio\"><\/div>","protected":false},"excerpt":{"rendered":"<p>Este mi\u00e9rcoles 10 de diciembre,\u00a0Independiente del Valle\u00a0recibir\u00e1 en su estadio a\u00a0Liga de Quito\u00a0por la tercera fecha del hexagonal principal de la LigaPro,\u00a0partido que fue postergado\u00a0debido a la participaci\u00f3n de ambos clubes en torneos internacionales. Independiente del Valle llega como\u00a0campe\u00f3n, tras igualar 1-1 ante Libertad. Sin embargo, el encuentro sigue siendo determinante, ya que\u00a0Liga de Quito\u00a0busca&#8230;<\/p>\n","protected":false},"author":5,"featured_media":96811,"comment_status":"closed","ping_status":"open","sticky":false,"template":"","format":"standard","meta":{"_joinchat":[],"footnotes":""},"categories":[1557],"tags":[],"class_list":["post-96809","post","type-post","status-publish","format-standard","has-post-thumbnail","hentry","category-deportes-ecuador","have-post-thumb"],"_links":{"self":[{"href":"https:\/\/www.evafm.net\/sitio\/wp-json\/wp\/v2\/posts\/96809","targetHints":{"allow":["GET"]}}],"collection":[{"href":"https:\/\/www.evafm.net\/sitio\/wp-json\/wp\/v2\/posts"}],"about":[{"href":"https:\/\/www.evafm.net\/sitio\/wp-json\/wp\/v2\/types\/post"}],"author":[{"embeddable":true,"href":"https:\/\/www.evafm.net\/sitio\/wp-json\/wp\/v2\/users\/5"}],"replies":[{"embeddable":true,"href":"https:\/\/www.evafm.net\/sitio\/wp-json\/wp\/v2\/comments?post=96809"}],"version-history":[{"count":1,"href":"https:\/\/www.evafm.net\/sitio\/wp-json\/wp\/v2\/posts\/96809\/revisions"}],"predecessor-version":[{"id":96812,"href":"https:\/\/www.evafm.net\/sitio\/wp-json\/wp\/v2\/posts\/96809\/revisions\/96812"}],"wp:featuredmedia":[{"embeddable":true,"href":"https:\/\/www.evafm.net\/sitio\/wp-json\/wp\/v2\/media\/96811"}],"wp:attachment":[{"href":"https:\/\/www.evafm.net\/sitio\/wp-json\/wp\/v2\/media?parent=96809"}],"wp:term":[{"taxonomy":"category","embeddable":true,"href":"https:\/\/www.evafm.net\/sitio\/wp-json\/wp\/v2\/categories?post=96809"},{"taxonomy":"post_tag","embeddable":true,"href":"https:\/\/www.evafm.net\/sitio\/wp-json\/wp\/v2\/tags?post=96809"}],"curies":[{"name":"wp","href":"https:\/\/api.w.org\/{rel}","templated":true}]}}