{"id":96813,"date":"2025-12-10T15:15:54","date_gmt":"2025-12-10T20:15:54","guid":{"rendered":"https:\/\/www.evafm.net\/sitio\/?p=96813"},"modified":"2025-12-10T15:15:54","modified_gmt":"2025-12-10T20:15:54","slug":"emelec-alexander-gonzalez-se-marcha-en-medio-de-atrasos-salariales","status":"publish","type":"post","link":"https:\/\/www.evafm.net\/sitio\/emelec-alexander-gonzalez-se-marcha-en-medio-de-atrasos-salariales\/","title":{"rendered":"Emelec: Alexander Gonz\u00e1lez se marcha en medio de atrasos salariales"},"content":{"rendered":"<p>La derrota 0-2 frente a Macar\u00e1 dej\u00f3 a<b><a href=\"https:\/\/www.ecuavisa.com\/deportes\/emelec\" data-mrf-link=\"https:\/\/www.ecuavisa.com\/deportes\/emelec\">\u00a0Emelec<\/a><\/b>\u00a0golpeado en lo deportivo, pero el impacto m\u00e1s fuerte lleg\u00f3 un d\u00eda despu\u00e9s.<\/p>\n<p>El club confirm\u00f3 la salida del defensor\u00a0<b>Alexander Gonz\u00e1lez<\/b>, uno de los jugadores m\u00e1s regulares y comprometidos del plantel, decisi\u00f3n que expone la fragilidad interna de un equipo sumido en una crisis que ya trasciende lo futbol\u00edstico.<\/p>\n<p>El ambiente en el \u2018Bombillo\u2019 atraviesa uno de sus momentos m\u00e1s tensos.<\/p>\n<p>Los\u00a0<b>retrasos salariales<\/b>, la\u00a0<b>falta de rumbo dirigencial<\/b>\u00a0y un\u00a0<b>desgaste institucional evidente<\/b>\u00a0han generado incertidumbre en el grupo.<\/p>\n<div id=\"\" class=\"portlet-boundary portlet-static-end content-viewer-portlet c_002_001 u-ampliada-contenido last full-access norestricted\">\n<div class=\"DETAIL_TXT AMPLIADA_SECOND\">\n<div class=\"text \" data-mrf-recirculation=\"ArticuloLinkEC\">\n<div class=\"paragraph\">\n<p>Tras la ca\u00edda ante Macar\u00e1, el entrenador\u00a0<b>Guillermo Dur\u00f3<\/b>\u00a0dej\u00f3 entrever el desorden que se vive puertas adentro:<\/p>\n<p><strong>\u00a0<i>\u201c<\/i>No s\u00e9 con qu\u00e9 me voy a encontrar ma\u00f1ana\u201d,<\/strong> advirti\u00f3 en rueda de prensa.<\/p>\n<p>Horas m\u00e1s tarde, su preocupaci\u00f3n se materializ\u00f3.<\/p>\n<p>Gonz\u00e1lez comunic\u00f3 su decisi\u00f3n de dejar el club al no llegar a un acuerdo econ\u00f3mico, pese a que inicialmente hab\u00eda aceptado permanecer hasta diciembre por pedido del propio Dur\u00f3.<\/p>\n<p>Las condiciones cambiaron, los problemas se profundizaron y el lateral opt\u00f3 por desvincularse.<strong>(D)<\/strong><\/p>\n<p><strong>Fuente:<\/strong> evafm.net &#8211; ecuavisa.com<\/p>\n<\/div>\n<\/div>\n<\/div>\n<\/div>\n<div id=\"\" class=\"portlet-boundary portlet-static-end adcontainer-portlet text-center mb-4 fondo_publicidad pub-if-text\">\n<div>\n<div id=\"Top3\" class=\"ads-RDTop3 ec-ads\" data-ads=\"Top3\" data-google-query-id=\"CNvO48Dqs5EDFeUn0AQdSs0aRQ\"><\/div>\n<\/div>\n<\/div>\n<div class=\"gsp_post_data\" \r\n\t            data-post_type=\"post\" \r\n\t            data-cat=\"deportes-ecuador\" \r\n\t            data-modified=\"120\"\r\n\t            data-created=\"1765379754\"\r\n\t            data-title=\"Emelec: Alexander Gonz\u00e1lez se marcha en medio de atrasos salariales\" \r\n\t            data-home=\"https:\/\/www.evafm.net\/sitio\"><\/div>","protected":false},"excerpt":{"rendered":"<p>La derrota 0-2 frente a Macar\u00e1 dej\u00f3 a\u00a0Emelec\u00a0golpeado en lo deportivo, pero el impacto m\u00e1s fuerte lleg\u00f3 un d\u00eda despu\u00e9s. El club confirm\u00f3 la salida del defensor\u00a0Alexander Gonz\u00e1lez, uno de los jugadores m\u00e1s regulares y comprometidos del plantel, decisi\u00f3n que expone la fragilidad interna de un equipo sumido en una crisis que ya trasciende lo&#8230;<\/p>\n","protected":false},"author":5,"featured_media":96814,"comment_status":"closed","ping_status":"open","sticky":false,"template":"","format":"standard","meta":{"_joinchat":[],"footnotes":""},"categories":[1557],"tags":[],"class_list":["post-96813","post","type-post","status-publish","format-standard","has-post-thumbnail","hentry","category-deportes-ecuador","have-post-thumb"],"_links":{"self":[{"href":"https:\/\/www.evafm.net\/sitio\/wp-json\/wp\/v2\/posts\/96813","targetHints":{"allow":["GET"]}}],"collection":[{"href":"https:\/\/www.evafm.net\/sitio\/wp-json\/wp\/v2\/posts"}],"about":[{"href":"https:\/\/www.evafm.net\/sitio\/wp-json\/wp\/v2\/types\/post"}],"author":[{"embeddable":true,"href":"https:\/\/www.evafm.net\/sitio\/wp-json\/wp\/v2\/users\/5"}],"replies":[{"embeddable":true,"href":"https:\/\/www.evafm.net\/sitio\/wp-json\/wp\/v2\/comments?post=96813"}],"version-history":[{"count":1,"href":"https:\/\/www.evafm.net\/sitio\/wp-json\/wp\/v2\/posts\/96813\/revisions"}],"predecessor-version":[{"id":96815,"href":"https:\/\/www.evafm.net\/sitio\/wp-json\/wp\/v2\/posts\/96813\/revisions\/96815"}],"wp:featuredmedia":[{"embeddable":true,"href":"https:\/\/www.evafm.net\/sitio\/wp-json\/wp\/v2\/media\/96814"}],"wp:attachment":[{"href":"https:\/\/www.evafm.net\/sitio\/wp-json\/wp\/v2\/media?parent=96813"}],"wp:term":[{"taxonomy":"category","embeddable":true,"href":"https:\/\/www.evafm.net\/sitio\/wp-json\/wp\/v2\/categories?post=96813"},{"taxonomy":"post_tag","embeddable":true,"href":"https:\/\/www.evafm.net\/sitio\/wp-json\/wp\/v2\/tags?post=96813"}],"curies":[{"name":"wp","href":"https:\/\/api.w.org\/{rel}","templated":true}]}}