{"id":96899,"date":"2025-12-12T13:27:09","date_gmt":"2025-12-12T18:27:09","guid":{"rendered":"https:\/\/www.evafm.net\/sitio\/?p=96899"},"modified":"2025-12-12T13:27:09","modified_gmt":"2025-12-12T18:27:09","slug":"liga-de-quito-confirma-la-continuidad-de-tiago-nunes","status":"publish","type":"post","link":"https:\/\/www.evafm.net\/sitio\/liga-de-quito-confirma-la-continuidad-de-tiago-nunes\/","title":{"rendered":"Liga de Quito confirma la continuidad de Tiago Nunes"},"content":{"rendered":"<p>El presidente de<a href=\"https:\/\/www.ecuavisa.com\/deportes\/liga-de-quito\" data-mrf-link=\"https:\/\/www.ecuavisa.com\/deportes\/liga-de-quito\">\u00a0Liga de Quito<\/a>,\u00a0<b>Isaac \u00c1lvarez<\/b>, confirm\u00f3 que el estratega brasile\u00f1o\u00a0<b>Tiago Nunes\u00a0<\/b>continuar\u00e1 al frente del equipo para la temporada 2026 y revel\u00f3 que el club busca extender su contrato.<\/p>\n<p>\u00ab<b>La familia de Tiago Nunes se une ac\u00e1 en Ecuador para el inicio de 2026.\u00a0<\/b><\/p>\n<p>Nuestro DT tiene contrato hasta el final del pr\u00f3ximo a\u00f1o, incluso quisi\u00e9ramos prolongarlo\u00bb, dijo \u00c1lvarez en un di\u00e1logo con FB Radio.<\/p>\n<p>De esta manera,\u00a0<b>el entrenador brasile\u00f1o y su cuerpo t\u00e9cnico estar\u00e1n al mando para la temporada 2026<\/b>, en la que buscar\u00e1n ser protagonistas en todos los torneos que disputen.<\/p>\n<p>Sin embargo,<b>\u00a0por ahora se mantienen enfocados en la recta final del campeonato,<\/b>\u00a0donde aspiran a clasificar a la fase de grupos de la <strong>Copa Libertadores y ganar la Copa Ecuador.<\/strong><\/p>\n<p>&nbsp;<\/p>\n<p><b>Tiago Nunes lleg\u00f3 a mediados de 2025 para reemplazar a Pablo S\u00e1nchez.<\/b><\/p>\n<p>El brasile\u00f1o ha dirigido un total de 33 encuentros, con un saldo de 19 victorias, siete empates y siete derrotas.<\/p>\n<p>Actualmente,\u00a0<b>Liga de Quito se ubica en el segundo lugar de la tabla del hexagonal principal de la LigaPro<\/b>, con 66 puntos.<\/p>\n<p><b>El pr\u00f3ximo partido de la U ser\u00e1 contra Libertad, en Loja, este domingo 14 de diciembre a las 16:30 (hora de Ecuador)<\/b>.<\/p>\n<p>El encuentro ser\u00e1 transmitido en vivo por <strong>Zapping. (D)<\/strong><\/p>\n<p><strong>Fuente:<\/strong> evafm.net &#8211; ecuavisa.com<\/p>\n<div class=\"gsp_post_data\" \r\n\t            data-post_type=\"post\" \r\n\t            data-cat=\"deportes-ecuador\" \r\n\t            data-modified=\"120\"\r\n\t            data-created=\"1765546029\"\r\n\t            data-title=\"Liga de Quito confirma la continuidad de Tiago Nunes\" \r\n\t            data-home=\"https:\/\/www.evafm.net\/sitio\"><\/div>","protected":false},"excerpt":{"rendered":"<p>El presidente de\u00a0Liga de Quito,\u00a0Isaac \u00c1lvarez, confirm\u00f3 que el estratega brasile\u00f1o\u00a0Tiago Nunes\u00a0continuar\u00e1 al frente del equipo para la temporada 2026 y revel\u00f3 que el club busca extender su contrato. \u00abLa familia de Tiago Nunes se une ac\u00e1 en Ecuador para el inicio de 2026.\u00a0 Nuestro DT tiene contrato hasta el final del pr\u00f3ximo a\u00f1o, incluso&#8230;<\/p>\n","protected":false},"author":5,"featured_media":96901,"comment_status":"closed","ping_status":"open","sticky":false,"template":"","format":"standard","meta":{"_joinchat":[],"footnotes":""},"categories":[1557],"tags":[],"class_list":["post-96899","post","type-post","status-publish","format-standard","has-post-thumbnail","hentry","category-deportes-ecuador","have-post-thumb"],"_links":{"self":[{"href":"https:\/\/www.evafm.net\/sitio\/wp-json\/wp\/v2\/posts\/96899","targetHints":{"allow":["GET"]}}],"collection":[{"href":"https:\/\/www.evafm.net\/sitio\/wp-json\/wp\/v2\/posts"}],"about":[{"href":"https:\/\/www.evafm.net\/sitio\/wp-json\/wp\/v2\/types\/post"}],"author":[{"embeddable":true,"href":"https:\/\/www.evafm.net\/sitio\/wp-json\/wp\/v2\/users\/5"}],"replies":[{"embeddable":true,"href":"https:\/\/www.evafm.net\/sitio\/wp-json\/wp\/v2\/comments?post=96899"}],"version-history":[{"count":1,"href":"https:\/\/www.evafm.net\/sitio\/wp-json\/wp\/v2\/posts\/96899\/revisions"}],"predecessor-version":[{"id":96902,"href":"https:\/\/www.evafm.net\/sitio\/wp-json\/wp\/v2\/posts\/96899\/revisions\/96902"}],"wp:featuredmedia":[{"embeddable":true,"href":"https:\/\/www.evafm.net\/sitio\/wp-json\/wp\/v2\/media\/96901"}],"wp:attachment":[{"href":"https:\/\/www.evafm.net\/sitio\/wp-json\/wp\/v2\/media?parent=96899"}],"wp:term":[{"taxonomy":"category","embeddable":true,"href":"https:\/\/www.evafm.net\/sitio\/wp-json\/wp\/v2\/categories?post=96899"},{"taxonomy":"post_tag","embeddable":true,"href":"https:\/\/www.evafm.net\/sitio\/wp-json\/wp\/v2\/tags?post=96899"}],"curies":[{"name":"wp","href":"https:\/\/api.w.org\/{rel}","templated":true}]}}