{"id":96903,"date":"2025-12-12T13:33:16","date_gmt":"2025-12-12T18:33:16","guid":{"rendered":"https:\/\/www.evafm.net\/sitio\/?p=96903"},"modified":"2025-12-12T13:33:16","modified_gmt":"2025-12-12T18:33:16","slug":"javier-burrai-llegaria-a-guayaquil-city-como-su-flamante-fichaje-del-2026","status":"publish","type":"post","link":"https:\/\/www.evafm.net\/sitio\/javier-burrai-llegaria-a-guayaquil-city-como-su-flamante-fichaje-del-2026\/","title":{"rendered":"Javier Burrai llegar\u00eda a Guayaquil City como su flamante fichaje del 2026"},"content":{"rendered":"<p>Pensando en una temporada 2026 en la Serie A, el mercado de fichajes empieza a moverse y\u00a0<b>Guayaquil City<\/b>\u00a0ya trabaja en la reconstrucci\u00f3n de un plantel m\u00e1s competitivo, por lo que apunta a nombres claves.<\/p>\n<p>En ese contexto, uno de los jugadores que ha tomado fuerza es el de\u00a0<b>Javier Burrai<\/b>, experimentado portero con pasado en<b><a href=\"https:\/\/www.ecuavisa.com\/deportes\/barcelona\" data-mrf-link=\"https:\/\/www.ecuavisa.com\/deportes\/barcelona\">\u00a0Barcelona SC.<\/a><\/b><\/p>\n<p>Seg\u00fan reportes, el guardameta se convertir\u00eda en nuevo refuerzo del \u201cCity\u201d, donde volver\u00eda a coincidir con<b>\u00a0Dami\u00e1n D\u00edaz<\/b>, otro referente con quien comparti\u00f3 camerino en el club torero.<\/p>\n<p>&nbsp;<\/p>\n<p>De concretarse la operaci\u00f3n, el arco ciudadano quedar\u00eda respaldado por la jerarqu\u00eda de Burrai y la proyecci\u00f3n del joven\u00a0<b>Gilmar Napa<\/b>, formando una dupla que combina experiencia y futuro.<\/p>\n<p>La informaci\u00f3n fue adelantada por\u00a0<b>JC Radio Sports<\/b>, medio que se\u00f1al\u00f3 que este movimiento ser\u00eda uno de los primeros pasos del club en un mercado que promete m\u00e1s novedades.<strong>(D)<\/strong><\/p>\n<p><strong>Fuente:<\/strong> evafm.net &#8211; ecuavisa.com<\/p>\n<p>&nbsp;<\/p>\n<p>&nbsp;<\/p>\n<p>&nbsp;<\/p>\n<div class=\"gsp_post_data\" \r\n\t            data-post_type=\"post\" \r\n\t            data-cat=\"deportes-ecuador\" \r\n\t            data-modified=\"120\"\r\n\t            data-created=\"1765546396\"\r\n\t            data-title=\"Javier Burrai llegar\u00eda a Guayaquil City como su flamante fichaje del 2026\" \r\n\t            data-home=\"https:\/\/www.evafm.net\/sitio\"><\/div>","protected":false},"excerpt":{"rendered":"<p>Pensando en una temporada 2026 en la Serie A, el mercado de fichajes empieza a moverse y\u00a0Guayaquil City\u00a0ya trabaja en la reconstrucci\u00f3n de un plantel m\u00e1s competitivo, por lo que apunta a nombres claves. En ese contexto, uno de los jugadores que ha tomado fuerza es el de\u00a0Javier Burrai, experimentado portero con pasado en\u00a0Barcelona SC&#8230;.<\/p>\n","protected":false},"author":5,"featured_media":96904,"comment_status":"closed","ping_status":"open","sticky":false,"template":"","format":"standard","meta":{"_joinchat":[],"footnotes":""},"categories":[1557],"tags":[],"class_list":["post-96903","post","type-post","status-publish","format-standard","has-post-thumbnail","hentry","category-deportes-ecuador","have-post-thumb"],"_links":{"self":[{"href":"https:\/\/www.evafm.net\/sitio\/wp-json\/wp\/v2\/posts\/96903","targetHints":{"allow":["GET"]}}],"collection":[{"href":"https:\/\/www.evafm.net\/sitio\/wp-json\/wp\/v2\/posts"}],"about":[{"href":"https:\/\/www.evafm.net\/sitio\/wp-json\/wp\/v2\/types\/post"}],"author":[{"embeddable":true,"href":"https:\/\/www.evafm.net\/sitio\/wp-json\/wp\/v2\/users\/5"}],"replies":[{"embeddable":true,"href":"https:\/\/www.evafm.net\/sitio\/wp-json\/wp\/v2\/comments?post=96903"}],"version-history":[{"count":1,"href":"https:\/\/www.evafm.net\/sitio\/wp-json\/wp\/v2\/posts\/96903\/revisions"}],"predecessor-version":[{"id":96905,"href":"https:\/\/www.evafm.net\/sitio\/wp-json\/wp\/v2\/posts\/96903\/revisions\/96905"}],"wp:featuredmedia":[{"embeddable":true,"href":"https:\/\/www.evafm.net\/sitio\/wp-json\/wp\/v2\/media\/96904"}],"wp:attachment":[{"href":"https:\/\/www.evafm.net\/sitio\/wp-json\/wp\/v2\/media?parent=96903"}],"wp:term":[{"taxonomy":"category","embeddable":true,"href":"https:\/\/www.evafm.net\/sitio\/wp-json\/wp\/v2\/categories?post=96903"},{"taxonomy":"post_tag","embeddable":true,"href":"https:\/\/www.evafm.net\/sitio\/wp-json\/wp\/v2\/tags?post=96903"}],"curies":[{"name":"wp","href":"https:\/\/api.w.org\/{rel}","templated":true}]}}