{"id":97005,"date":"2025-12-15T21:37:01","date_gmt":"2025-12-16T02:37:01","guid":{"rendered":"https:\/\/www.evafm.net\/sitio\/?p=97005"},"modified":"2025-12-15T21:37:01","modified_gmt":"2025-12-16T02:37:01","slug":"el-instituto-nacional-de-investigacion-en-salud-publica-refuerza-la-vigilancia-epidemiologica-por-la-gripe-h3n2","status":"publish","type":"post","link":"https:\/\/www.evafm.net\/sitio\/el-instituto-nacional-de-investigacion-en-salud-publica-refuerza-la-vigilancia-epidemiologica-por-la-gripe-h3n2\/","title":{"rendered":"El Instituto Nacional de Investigaci\u00f3n en Salud P\u00fablica refuerza la vigilancia epidemiol\u00f3gica por la gripe H3N2"},"content":{"rendered":"<p>El\u00a0<b><a href=\"https:\/\/www.ecuavisa.com\/metadatos\/-\/meta\/inspi\" target=\"_blank\" rel=\"noopener noreferrer\" data-mrf-link=\"https:\/\/www.ecuavisa.com\/metadatos\/-\/meta\/inspi\">Instituto Nacional de Investigaci\u00f3n en Salud P\u00fablica (INSPI)<\/a><\/b>\u00a0inform\u00f3 que vigila, de forma permanente, la proliferaci\u00f3n de virus respiratorios con m\u00e9todos de diagn\u00f3stico de vanguardia.<\/p>\n<p>Son\u00a0<b><a href=\"https:\/\/www.ecuavisa.com\/metadatos\/-\/meta\/pruebas-pcr\" target=\"_blank\" rel=\"noopener noreferrer\" data-mrf-link=\"https:\/\/www.ecuavisa.com\/metadatos\/-\/meta\/pruebas-pcr\">pruebas PCR<\/a><\/b>\u00a0en tiempo real y secuenciaci\u00f3n gen\u00f3mica, en muestras provenientes de los hospitales de la red de salud p\u00fablica.<\/p>\n<p>En lo que respecta a la alerta epidemiol\u00f3gica emitida por la\u00a0<b>Organizaci\u00f3n Panamericana de la Salud (OPS)<\/b>, el INSPI aclar\u00f3 que la\u00a0<b>influenza A (H3N2)<\/b>\u00a0circula de manera estacional en el pa\u00eds.<\/p>\n<p>Sin embargo, ante la identificaci\u00f3n del subclado K, cuya incidencia ha sido reportada en Europa y en varios pa\u00edses del este de Asia, la instituci\u00f3n ha reforzado los\u00a0<b>an\u00e1lisis de secuenciaci\u00f3n gen\u00f3mica<\/b><\/p>\n<p>de los virus respiratorios en los casos positivos para H3N2, con la finalidad de detectar los <b>subclados circulantes,<\/b> a escala nacional.<\/p>\n<p><strong>Vigilancia gen\u00f3mica de otros virus respiratorios.<\/strong><\/p>\n<p>El INSPI inform\u00f3 que mantiene la vigilancia gen\u00f3mica de otros virus respiratorios como el\u00a0<b>SARS-CoV-2<\/b>, y el Virus Sincitial Respiratorio.Diciembre es un mes de alta incidencia de enfermedades respiratorias; por ello, se refuerza el llamado a la vacunaci\u00f3n contra la influenza, especialmente en los\u00a0<b>grupos prioritarios<\/b>, como una medida efectiva de prevenci\u00f3n.<\/p>\n<p>El INSPI inform\u00f3 que sus\u00a0<b>laboratorios<\/b>\u00a0est\u00e1n preparados, equipados y en pleno funcionamiento. Trabajan de manera constante proporcionando al\u00a0<b>Ministerio de Salud P\u00fablica<\/b> informaci\u00f3n oportuna y confiable para la toma de decisiones<strong>.(I)<\/strong><\/p>\n<p><strong>Fuente:<\/strong> evafm.net &#8211; ecuavisa.com<\/p>\n<p>&nbsp;<\/p>\n<div class=\"gsp_post_data\" \r\n\t            data-post_type=\"post\" \r\n\t            data-cat=\"general,noticias-ecuador\" \r\n\t            data-modified=\"120\"\r\n\t            data-created=\"1765834621\"\r\n\t            data-title=\"El Instituto Nacional de Investigaci\u00f3n en Salud P\u00fablica refuerza la vigilancia epidemiol\u00f3gica por la gripe H3N2\" \r\n\t            data-home=\"https:\/\/www.evafm.net\/sitio\"><\/div>","protected":false},"excerpt":{"rendered":"<p>El\u00a0Instituto Nacional de Investigaci\u00f3n en Salud P\u00fablica (INSPI)\u00a0inform\u00f3 que vigila, de forma permanente, la proliferaci\u00f3n de virus respiratorios con m\u00e9todos de diagn\u00f3stico de vanguardia. Son\u00a0pruebas PCR\u00a0en tiempo real y secuenciaci\u00f3n gen\u00f3mica, en muestras provenientes de los hospitales de la red de salud p\u00fablica. En lo que respecta a la alerta epidemiol\u00f3gica emitida por la\u00a0Organizaci\u00f3n Panamericana&#8230;<\/p>\n","protected":false},"author":5,"featured_media":97026,"comment_status":"closed","ping_status":"open","sticky":false,"template":"","format":"standard","meta":{"_joinchat":[],"footnotes":""},"categories":[1720,1558],"tags":[],"class_list":["post-97005","post","type-post","status-publish","format-standard","has-post-thumbnail","hentry","category-general","category-noticias-ecuador","have-post-thumb"],"_links":{"self":[{"href":"https:\/\/www.evafm.net\/sitio\/wp-json\/wp\/v2\/posts\/97005","targetHints":{"allow":["GET"]}}],"collection":[{"href":"https:\/\/www.evafm.net\/sitio\/wp-json\/wp\/v2\/posts"}],"about":[{"href":"https:\/\/www.evafm.net\/sitio\/wp-json\/wp\/v2\/types\/post"}],"author":[{"embeddable":true,"href":"https:\/\/www.evafm.net\/sitio\/wp-json\/wp\/v2\/users\/5"}],"replies":[{"embeddable":true,"href":"https:\/\/www.evafm.net\/sitio\/wp-json\/wp\/v2\/comments?post=97005"}],"version-history":[{"count":1,"href":"https:\/\/www.evafm.net\/sitio\/wp-json\/wp\/v2\/posts\/97005\/revisions"}],"predecessor-version":[{"id":97027,"href":"https:\/\/www.evafm.net\/sitio\/wp-json\/wp\/v2\/posts\/97005\/revisions\/97027"}],"wp:featuredmedia":[{"embeddable":true,"href":"https:\/\/www.evafm.net\/sitio\/wp-json\/wp\/v2\/media\/97026"}],"wp:attachment":[{"href":"https:\/\/www.evafm.net\/sitio\/wp-json\/wp\/v2\/media?parent=97005"}],"wp:term":[{"taxonomy":"category","embeddable":true,"href":"https:\/\/www.evafm.net\/sitio\/wp-json\/wp\/v2\/categories?post=97005"},{"taxonomy":"post_tag","embeddable":true,"href":"https:\/\/www.evafm.net\/sitio\/wp-json\/wp\/v2\/tags?post=97005"}],"curies":[{"name":"wp","href":"https:\/\/api.w.org\/{rel}","templated":true}]}}