{"id":97007,"date":"2025-12-15T21:41:50","date_gmt":"2025-12-16T02:41:50","guid":{"rendered":"https:\/\/www.evafm.net\/sitio\/?p=97007"},"modified":"2025-12-15T21:42:18","modified_gmt":"2025-12-16T02:42:18","slug":"chile-que-tipo-de-gobierno-sera-el-de-kast","status":"publish","type":"post","link":"https:\/\/www.evafm.net\/sitio\/chile-que-tipo-de-gobierno-sera-el-de-kast\/","title":{"rendered":"Chile: \u00bfqu\u00e9 tipo de gobierno ser\u00e1 el de Kast?"},"content":{"rendered":"<p>Como es habitual en\u00a0<b>Chile<\/b>, se vot\u00f3 sin incidentes, con resultados que se conocen inmediatamente y tal como se esperaba, con 59 a\u00f1os, en su tercer intento, triunf\u00f3\u00a0<b>Jos\u00e9 Antonio Kast (JAK)<\/b>, pol\u00edtico de larga trayectoria que fue diputado durante cuatro periodos consecutivos en representaci\u00f3n de la\u00a0<b>Uni\u00f3n Dem\u00f3crata Independiente<\/b>, a la que renunci\u00f3 para crear el\u00a0<b>partido Republicano<\/b>\u00a0como expresi\u00f3n de una derecha m\u00e1s ortodoxa, logrando derrotar a la izquierda por amplia margen.<\/p>\n<p>La pregunta tiene relaci\u00f3n con el tipo de gobierno, si lo suyo ser\u00e1 una administraci\u00f3n conservadora centrada en las urgencias del momento, es decir, las promesas de superaci\u00f3n de las m\u00faltiples crisis del pa\u00eds, tales como seguridad, inmigraci\u00f3n ilegal, retroceso econ\u00f3mico, o sorprender\u00e1 al intentar buscar una alianza m\u00e1s amplia, que represente el nuevo clivaje que por primera vez en democracia gana una contienda presidencial.<\/p>\n<p>En efecto, todas las elecciones que tuvieron lugar en democracia entre 1989 y 2021 giraron en torno al paradigma que dej\u00f3 instalado el plebiscito que en 1988 rechaz\u00f3 la permanencia del general\u00a0<b>Pinochet<\/b>\u00a0en el poder, porcentajes que se repetir\u00e1n en las elecciones presidenciales siguientes, incluyendo aquella donde\u00a0<b>Boric<\/b>\u00a0derrot\u00f3 al propio\u00a0<b>Kast<\/b>\u00a0en segunda vuelta.<\/p>\n<p>Sin embargo, ahora predomin\u00f3 un nuevo diferenciador, donde la mayor\u00eda representa m\u00e1s bien al conjunto de fuerzas que se unieron para rechazar la propuesta de reforma constitucional rupturista en refer\u00e9ndum constitucional que tuvo lugar el 2022, y que ahora, por primera vez triunfa en una presidencial, resultado que mantiene hasta hoy a la constituci\u00f3n de 1980, la cual sobrevivi\u00f3 tambi\u00e9n a un segundo intento de modificaci\u00f3n, impulsado esta vez por\u00a0<b>Kast<\/b>, igualmente rechazado el 2023, es decir, a\u00f1os desperdiciados, cuya revisi\u00f3n y an\u00e1lisis he hecho en el libro \u201cChile y su giro de 360 grados\u201d.(1)<\/p>\n<p>El gobierno que pretendi\u00f3 ser refundacional de\u00a0<b>Boric<\/b>\u00a0termin\u00f3 en total fracaso, ya que el retroceso de\u00a0<b>Chile<\/b>\u00a0ha sido gigantesco, pr\u00e1cticamente en todo nivel, tanto que quiz\u00e1s por vez primera desde el retorno a la democracia, los temas sobre los cuales gir\u00f3 esta \u00faltima elecci\u00f3n son temas impulsados por la derecha, como ser el crecimiento econ\u00f3mico, la desregulaci\u00f3n y, sobre todo, inseguridad generalizada, inmigraci\u00f3n ilegal y delincuencia. Adem\u00e1s,\u00a0<b>Kast<\/b>\u00a0se va a convertir en el primer presidente que llega a\u00a0<b>La Moneda<\/b>\u00a0reivindicando el legado del general\u00a0<b>Pinochet<\/b>.<\/p>\n<p>&nbsp;<\/p>\n<p class=\"paragraph\" data-mrf-recirculation=\"Links inline\">La duda es qu\u00e9 tipo de gobierno har\u00e1\u00a0<b>Kast<\/b>, ya que a partir del cambio profundo que signific\u00f3 la inesperada violencia de octubre 2019 que pudo no solo haber derribado al gobierno de\u00a0<b>Pi\u00f1era<\/b>\u00a0sino tambi\u00e9n al propio sistema democr\u00e1tico,\u00a0<b>Chile<\/b>\u00a0ingres\u00f3 a un periodo de confusi\u00f3n reflejado en una verdadera loter\u00eda electoral, con muchas elecciones en a\u00f1os continuos, y donde el resultado de cada una de ellas fue distinto al anterior, clima en el cual fue electo\u00a0<b>Boric<\/b>\u00a0y su programa de ruptura que descalificaba al\u00a0<b>Chile<\/b>\u00a0de la transici\u00f3n post dictadura, internacionalmente reconocido como algunos de los mejores a\u00f1os de su historia, el\u00a0<b>Chile<\/b>\u00a0de la democracia de los acuerdos, que consigui\u00f3 v\u00eda grandes pactos la reducci\u00f3n de la pobreza, el desarrollo econ\u00f3mico y el progreso social, logros que pusieron a\u00a0<b>Chile<\/b>\u00a0en la vanguardia regional.<\/p>\n<div class=\"inline_2_DSK ad-wrapper ad-desktop\">\n<div class=\"dfpAd ad-inline\"><\/div>\n<\/div>\n<p class=\"paragraph\" data-mrf-recirculation=\"Links inline\">Sin embargo, contra ese\u00a0<b>Chile<\/b>\u00a0se alz\u00f3 la alternativa de\u00a0<b>Boric<\/b>, y pareci\u00f3 que, por decisi\u00f3n de los propios chilenos, el pa\u00eds se convertir\u00eda en el tercer caso sudamericano de retroceso pol\u00edtico, social y econ\u00f3mico, uni\u00e9ndose a\u00a0<b>Argentina<\/b>\u00a0desde\u00a0<b>Per\u00f3n<\/b>\u00a0a los\u00a0<b>Kirchner<\/b>\u00a0y a\u00a0<b>Venezuela<\/b>, a partir de la elecci\u00f3n democr\u00e1tica de\u00a0<b>Ch\u00e1vez<\/b>, aunque, por cierto, sin el car\u00e1cter tr\u00e1gico de esta \u00faltima.<\/p>\n<p class=\"paragraph\" data-mrf-recirculation=\"Links inline\"><b>Kast<\/b>\u00a0asumir\u00e1 oficialmente en marzo 2026 con muchas expectativas, pero tambi\u00e9n muchos frentes que atacar y, por lo tanto, muchos problemas que resolver.<\/p>\n<p class=\"paragraph\" data-mrf-recirculation=\"Links inline\">El contexto es de crisis variadas, siendo la dificultad mayor, el actual sentido de prop\u00f3sito del pa\u00eds, incluyendo su proyecci\u00f3n internacional.<\/p>\n<p class=\"paragraph\" data-mrf-recirculation=\"Links inline\">Al respecto, la pregunta es la cl\u00e1sica <strong>\u00bfQu\u00e9 hacer?<\/strong>, donde de partida, la derecha enfrenta su problema hist\u00f3rico y no solo de ahora, la falta de una cultura de coalici\u00f3n, ya que al igual que en esta elecci\u00f3n donde pudo haber ganado en primera vuelta con comodidad, prefiri\u00f3 abordarla dividida en tres candidaturas, en un clima de confrontaci\u00f3n una contra otra, donde el principal adversario parec\u00eda ser quienes pensaban parecido, lo que solo parcialmente se resolvi\u00f3 en esta segunda vuelta.<\/p>\n<p class=\"paragraph\" data-mrf-recirculation=\"Links inline\">A pesar de ello, el pa\u00eds que leg\u00f3 el general\u00a0<b>Pinochet<\/b>, el de la divisi\u00f3n en dos bandos irreconciliables comenz\u00f3 a derribarse, ya que sectores todav\u00eda no muy numerosos, pero s\u00ed significativos de quienes estuvieron en la vereda opuesta ahora apoyaron p\u00fablicamente a\u00a0<b>Kast<\/b>, siendo uno de los hechos m\u00e1s relevante el paso dado por el expresidente\u00a0<b>Eduardo Frei<\/b>.<\/p>\n<p class=\"paragraph\" data-mrf-recirculation=\"Links inline\">Coincide con otro cambio, en el sentido que hoy\u00a0<b>Kast<\/b>\u00a0no gener\u00f3 miedo o rechazo en el centro, al mismo tiempo que se modificaba el clivaje, es decir la divisi\u00f3n o fractura pol\u00edtica, del parteaguas que durante tanto tiempo determin\u00f3 los resultados electorales.<\/p>\n<p class=\"paragraph\" data-mrf-recirculation=\"Links inline\">Para el propio\u00a0<b>Kast<\/b>\u00a0fue una novedad en relaci\u00f3n con su primera participaci\u00f3n presidencial del 2017 (fue cuarto) y a la elecci\u00f3n que perdi\u00f3 con\u00a0<b>Boric<\/b>\u00a0en la segunda vuelta del 2021, donde fue derrotado en el voto de centro que lo percibi\u00f3 como demasiado extremo, repiti\u00e9ndose el resultado del plebiscito de 1988.<\/p>\n<p class=\"paragraph\" data-mrf-recirculation=\"Links inline\">\u00bfPor cu\u00e1nto tiempo predominar\u00e1 esta nueva l\u00ednea divisoria? No lo sabemos, y depender\u00e1 de cu\u00e1l camino tome\u00a0<b>Kast<\/b>\u00a0en sus primeros d\u00edas, si es que se limita a buscar la mayor\u00eda en la derecha m\u00e1s la suma de apoyos tan poco confiables como el populismo de\u00a0<b>Parisi<\/b>, o cambia la conversaci\u00f3n, decidi\u00e9ndose a buscar una mayor\u00eda nueva, una, a la vez social y electoral, que le permita gobernar en mejores condiciones considerando dos cosas, la primera, es la loter\u00eda electoral manifestada en votaciones distintas en cada elecci\u00f3n como tambi\u00e9n en los dos refer\u00e9ndums constitucionales, y segundo, sobre todo, no correr la misma suerte que sufri\u00f3\u00a0<b>Pi\u00f1era<\/b>\u00a0con el estallido del 2019, con un sector violento que no ha desaparecido, sino que est\u00e1 probablemente dormitando, adem\u00e1s de la oposici\u00f3n total que le har\u00e1 tanto el\u00a0<b>Frente Amplio<\/b>\u00a0de\u00a0<b>Boric<\/b>\u00a0como el m\u00e1s organizado\u00a0<b>Partido Comunista<\/b>.<\/p>\n<p class=\"paragraph\" data-mrf-recirculation=\"Links inline\">Para\u00a0<b>Chile<\/b>, lo mejor que podr\u00eda pasar ser\u00eda que\u00a0<b>Kast<\/b>\u00a0sorprendiera y en vez de limitarse a la dif\u00edcil tarea de unir a la siempre d\u00edscola derecha y su conocido esp\u00edritu de fronda, a partir del voto de centro recibido, invitara con nombre distinto a una nueva\u00a0<b>Concertaci\u00f3n<\/b>, esta vez no solo con restos, sino incorporando a nuevos votantes, y con todos los que quieran participar, intentara reproducir lo que dio grandes resultados a partir de los 90, es decir, la experiencia de coalici\u00f3n de grupos distintos en torno a objetivos precisos, con suerte otras tres d\u00e9cadas, no solo para administrar mejor, sino para buscar nuevamente cambiarle la cara a\u00a0<b>Chile<\/b>, obteniendo algo que ning\u00fan pa\u00eds ha logrado en\u00a0<b>Iberoam\u00e9rica<\/b>\u00a0como tampoco existe hoy fuerza pol\u00edtica que est\u00e9 proponiendo centrarse en solo dos objetivos, solo dos: el desarrollo econ\u00f3mico y una democracia de calidad.<\/p>\n<p class=\"paragraph\" data-mrf-recirculation=\"Links inline\">Construir acuerdos y mayor\u00edas s\u00f3lidas es la mejor forma de superar las amenazas de nuevos estallidos de violencia callejera como tambi\u00e9n administrar las altas expectativas que se sit\u00faan en los ganadores, toda vez que se anhela un cambio profundo en temas como seguridad y delincuencia, pero la capacidad de responder a esos anhelos puede demorarse a\u00f1os y no semanas o meses, y quiz\u00e1s a\u00fan m\u00e1s tiempo en temas como la desarticulaci\u00f3n de las redes del crimen organizado. Y quien diga otra cosa puede estar mintiendo. De ah\u00ed la necesidad de hablar con la verdad y evitar vender humo.<\/p>\n<p class=\"paragraph\" data-mrf-recirculation=\"Links inline\">La sinceridad no es solo una necesidad \u00e9tica sino tambi\u00e9n vital para un contexto donde se puede producir desilusi\u00f3n antes que se termine un gobierno de solo 4 a\u00f1os, sin reelecci\u00f3n inmediata para el presidente. Por ello, hay que observar lo que ocurri\u00f3 en la transici\u00f3n a la democracia de los a\u00f1os 90 y como la reinserci\u00f3n internacional de\u00a0<b>Chile<\/b>\u00a0en cuanto pa\u00eds democr\u00e1tico tom\u00f3 muy poco tiempo al tener lugar inmediatamente despu\u00e9s de la ca\u00edda del\u00a0<b>Muro de Berl\u00edn<\/b>. Hoy, una oportunidad semejante se le ofrece a\u00a0<b>Chile<\/b>\u00a0para una pol\u00edtica exterior que piense primero en el pa\u00eds y despu\u00e9s en darse gustos ideol\u00f3gicos como lo hizo el gobierno que acaba de ser derrotado.<\/p>\n<p class=\"paragraph\" data-mrf-recirculation=\"Links inline\">Para ello, se hace necesario que quienes van a estar a cargo del tema internacional no dejen de leer la\u00a0<b>Estrategia de Seguridad Nacional 2025<\/b>\u00a0de\u00a0<b>EE. UU.<\/b>, ya que all\u00ed, en solo 33 p\u00e1ginas, se informa en forma expl\u00edcita lo que esa potencia quiere hacer, lectura tambi\u00e9n aconsejable para el equipo econ\u00f3mico, dada la \u00edntima relaci\u00f3n de la pol\u00edtica de aranceles con la geopol\u00edtica.<\/p>\n<p class=\"paragraph\" data-mrf-recirculation=\"Links inline\">Por cierto, esto puede durar solo lo que queda del gobierno de\u00a0<b>Trump<\/b>\u00a0ya que no obedece a un consenso, sino que la potencia est\u00e1 dividida y polarizada (otra lecci\u00f3n para\u00a0<b>Chile<\/b>), pero aun en ese caso extremo, lo que resta de ese gobierno va a ser la mitad del de\u00a0<b>Kast<\/b>, y con el poder de\u00a0<b>EE. UU.<\/b>\u00a0seguramente se va a crear una nueva realidad, obligatoria para el resto del mundo.<\/p>\n<p class=\"paragraph\" data-mrf-recirculation=\"Links inline\">Esa\u00a0<b>Estrategia<\/b>\u00a0muestra no solo la pol\u00edtica de\u00a0<b>EE. UU.<\/b>\u00a0para\u00a0<b>Iberoam\u00e9rica<\/b>, sino tambi\u00e9n que busca aliados en la regi\u00f3n.<\/p>\n<p class=\"paragraph\" data-mrf-recirculation=\"Links inline\">\u00bfQuiere\u00a0<b>Chile<\/b>\u00a0volver a serlo? Todo indica que s\u00ed y para ello, tambi\u00e9n es positivo que existan grandes acuerdos en lo internacional, ya que a la ciudadan\u00eda se le va a pedir sacrificios, y para ello es mejor contar con un relato, una \u00e9pica, un horizonte, una meta, que un gobierno solo de derecha no posee.<\/p>\n<p class=\"paragraph\" data-mrf-recirculation=\"Links inline\"><i>(1) Esos dos procesos constitucionales son el tema de mi libro \u201cChile y su giro de 360 grados\u201d,\u00a0<\/i><i><b>Interamerican Institute for Democracy<\/b><\/i><i>,\u00a0<\/i><i><b>Amazon<\/b><\/i><i>, 264 pp, 2024. <\/i><\/p>\n<p class=\"paragraph\" data-mrf-recirculation=\"Links inline\"><a title=\"https:\/\/x.com\/israelzipper\" href=\"https:\/\/x.com\/israelzipper\" target=\"_blank\" rel=\"noopener noreferrer\" data-mrf-link=\"https:\/\/x.com\/israelzipper\"><i><strong>@israelzipper<\/strong><\/i><\/a><i><\/i><\/p>\n<p class=\"paragraph\" data-mrf-recirculation=\"Links inline\"><strong><i>-M\u00e1ster y PhD en Ciencia Pol\u00edtica (<\/i><i>U. de Essex<\/i><i>), Licenciado en Derecho (<\/i><i>U. de Barcelona<\/i><i>), Abogado (<\/i><i>U. de Chile<\/i><i>), excandidato presidencial (<\/i><i>Chile<\/i><i>, 2013) <\/i><\/strong><i><strong>(I)<\/strong><\/i><\/p>\n<p data-mrf-recirculation=\"Links inline\"><img fetchpriority=\"high\" decoding=\"async\" class=\"global-image\" src=\"https:\/\/www.infobae.com\/resizer\/v2\/6HPIS5BB6JC37EESZDOGMLKJBA.jpg?auth=37eb644f67863e2bc6bfb6fe7a976ffb5d0304eb469110856fcd841be0432266&amp;smart=true&amp;width=350&amp;height=197&amp;quality=85\" alt=\"Brandon Judd, embajador de EEUU\" width=\"915\" height=\"515\" \/><\/p>\n<p data-mrf-recirculation=\"Links inline\">Brandon Judd, embajador de EEUU en Chile; Kast mantendr\u00e1 un estrecho v\u00ednculo con el gobierno de Trump<\/p>\n<p data-mrf-recirculation=\"Links inline\"><strong>Fuente:<\/strong> evafm.net &#8211; infobae.com<\/p>\n<div class=\"gsp_post_data\" \r\n\t            data-post_type=\"post\" \r\n\t            data-cat=\"general,noticias-internacionales\" \r\n\t            data-modified=\"120\"\r\n\t            data-created=\"1765834910\"\r\n\t            data-title=\"Chile: \u00bfqu\u00e9 tipo de gobierno ser\u00e1 el de Kast?\" \r\n\t            data-home=\"https:\/\/www.evafm.net\/sitio\"><\/div>","protected":false},"excerpt":{"rendered":"<p>Como es habitual en\u00a0Chile, se vot\u00f3 sin incidentes, con resultados que se conocen inmediatamente y tal como se esperaba, con 59 a\u00f1os, en su tercer intento, triunf\u00f3\u00a0Jos\u00e9 Antonio Kast (JAK), pol\u00edtico de larga trayectoria que fue diputado durante cuatro periodos consecutivos en representaci\u00f3n de la\u00a0Uni\u00f3n Dem\u00f3crata Independiente, a la que renunci\u00f3 para crear el\u00a0partido Republicano\u00a0como&#8230;<\/p>\n","protected":false},"author":5,"featured_media":97028,"comment_status":"closed","ping_status":"open","sticky":false,"template":"","format":"standard","meta":{"_joinchat":[],"footnotes":""},"categories":[1720,1345],"tags":[],"class_list":["post-97007","post","type-post","status-publish","format-standard","has-post-thumbnail","hentry","category-general","category-noticias-internacionales","have-post-thumb"],"_links":{"self":[{"href":"https:\/\/www.evafm.net\/sitio\/wp-json\/wp\/v2\/posts\/97007","targetHints":{"allow":["GET"]}}],"collection":[{"href":"https:\/\/www.evafm.net\/sitio\/wp-json\/wp\/v2\/posts"}],"about":[{"href":"https:\/\/www.evafm.net\/sitio\/wp-json\/wp\/v2\/types\/post"}],"author":[{"embeddable":true,"href":"https:\/\/www.evafm.net\/sitio\/wp-json\/wp\/v2\/users\/5"}],"replies":[{"embeddable":true,"href":"https:\/\/www.evafm.net\/sitio\/wp-json\/wp\/v2\/comments?post=97007"}],"version-history":[{"count":1,"href":"https:\/\/www.evafm.net\/sitio\/wp-json\/wp\/v2\/posts\/97007\/revisions"}],"predecessor-version":[{"id":97029,"href":"https:\/\/www.evafm.net\/sitio\/wp-json\/wp\/v2\/posts\/97007\/revisions\/97029"}],"wp:featuredmedia":[{"embeddable":true,"href":"https:\/\/www.evafm.net\/sitio\/wp-json\/wp\/v2\/media\/97028"}],"wp:attachment":[{"href":"https:\/\/www.evafm.net\/sitio\/wp-json\/wp\/v2\/media?parent=97007"}],"wp:term":[{"taxonomy":"category","embeddable":true,"href":"https:\/\/www.evafm.net\/sitio\/wp-json\/wp\/v2\/categories?post=97007"},{"taxonomy":"post_tag","embeddable":true,"href":"https:\/\/www.evafm.net\/sitio\/wp-json\/wp\/v2\/tags?post=97007"}],"curies":[{"name":"wp","href":"https:\/\/api.w.org\/{rel}","templated":true}]}}