{"id":97017,"date":"2025-12-15T13:27:03","date_gmt":"2025-12-15T18:27:03","guid":{"rendered":"https:\/\/www.evafm.net\/sitio\/?p=97017"},"modified":"2025-12-15T13:27:03","modified_gmt":"2025-12-15T18:27:03","slug":"guillermo-almada-fue-separado-del-real-valladolid","status":"publish","type":"post","link":"https:\/\/www.evafm.net\/sitio\/guillermo-almada-fue-separado-del-real-valladolid\/","title":{"rendered":"Guillermo Almada fue separado del Real Valladolid"},"content":{"rendered":"<p><a href=\"https:\/\/www.ecuavisa.com\/metadatos\/-\/meta\/guillermo-almada\" target=\"_blank\" rel=\"noopener noreferrer\" data-mrf-link=\"https:\/\/www.ecuavisa.com\/metadatos\/-\/meta\/guillermo-almada\">Guillermo Almada<\/a>\u00a0obtuvo su primera oportunidad en Europa al dirigir al\u00a0<a href=\"https:\/\/www.ecuavisa.com\/metadatos\/-\/meta\/Real-Valladolid\" target=\"_blank\" rel=\"noopener noreferrer\" data-mrf-link=\"https:\/\/www.ecuavisa.com\/metadatos\/-\/meta\/Real-Valladolid\">Real Valladolid<\/a>\u00a0en la segunda divisi\u00f3n de Espa\u00f1a: sin embargo, el trabajo del ex entrenador de Barcelona SC\u00a0<b>llam\u00f3 la atenci\u00f3n de un equipo de la primera categor\u00eda\u00a0<\/b>y empez\u00f3 negociaciones.<\/p>\n<p>Por esa raz\u00f3n, el\u00a0<b>Real Valladolid ha apartado a Guillermo Almada de sus funciones<\/b>\u00a0como director t\u00e9cnico del primer equipo, y\u00a0<a href=\"https:\/\/www.ecuavisa.com\/deportes\/futbol-internacional\/clausula-especial-guillermo-almada-real-valladolid-ecuador-NE9699825\" target=\"_blank\" rel=\"noopener noreferrer\" data-mrf-link=\"https:\/\/www.ecuavisa.com\/deportes\/futbol-internacional\/clausula-especial-guillermo-almada-real-valladolid-ecuador-NE9699825\">busca entrenador cuando restan veinticuatro jornadas de liga<\/a>, ha confirmado este lunes uno de los dos presidentes del club, Gabriel Solares.<\/p>\n<p>El<b>\u00a0equipo \u00abest\u00e1 por encima de cualquier persona\u00bb<\/b>\u00a0y \u00abno se puede permitir que nadie tenga dudas o intereses de estar en otro sitio\u00bb, ha argumentado Solares durante una rueda de prensa respecto al inter\u00e9s mutuo, confirmado por el propio Guillermo Almada, que el Oviedo, de primera divisi\u00f3n, ha mostrado por contratar sus servicios.<\/p>\n<p><strong>Real Oviedo negocia con Guillermo Almada su llegada como entrenador.<\/strong><\/p>\n<p>Tras perder este pasado domingo ante el Sevilla (4-0), el\u00a0<b>Oviedo ocupa la pen\u00faltima posici\u00f3n, se encuentra a cinco puntos del equipo que marca la salvaci\u00f3n<\/b>, y ha decidido prescindir de su entrenador, Luis Carri\u00f3n, quien a su vez se hizo cargo del equipo cuando el pasado octubre fue despedido Velko Paunovic, art\u00edfice del ascenso.<\/p>\n<p>&nbsp;<\/p>\n<p>\u00bfEl<b>\u00a0Oviedo, gestionado por el grupo mexicano Pachuca\u00a0<\/b>que encabeza <strong>Jes\u00fas Mart\u00ednez,<\/strong> contact\u00f3 horas despu\u00e9s con el Real Valladolid para interesarse por su entrenador, el uruguayo <strong>Guillermo Almada<\/strong>.<\/p>\n<p>Almada, seg\u00fan ha explicado Solares,\u00a0<b>transmiti\u00f3 ayer al club su inter\u00e9s por escuchar la oferta del Oviedo<\/b>, justo el mismo d\u00eda en que el Real Valladolid perdi\u00f3 ante el Andorra (0-1) para ocupar la d\u00e9cima plaza de la segunda divisi\u00f3n, a tres puntos de los puestos de playoff de ascenso a primera y a cuatro del descenso a <strong>1\u00aa RFEF.<\/strong><\/p>\n<p>En su paso por el Valladolid, el ex director t\u00e9cnico de Barcelona SC registr\u00f3 seis victorias, seis empates y seis derrotas. Incluso, fue\u00a0<b>eliminado de la Copa del Rey por un equipo de la quinta divisi\u00f3n de Espa\u00f1a.<\/b><\/p>\n<p><strong>Real Valladolid ya no considera a Guillermo Almada como su entrenador.<\/strong><\/p>\n<p>\u00abPara m\u00ed, desde ese momento, dej\u00f3 de ser nuestro entrenador.<\/p>\n<p><b>Ya no forma parte de la instituci\u00f3n porque el Real Valladolid no se puede<\/b>\u00a0permitir que nadie tenga dudas o intereses de estar en otro sitio\u00bb, ha afirmado<strong> Solares<\/strong>, empresario mexicano que representa a la firma <strong>Ignite Sports,<\/strong> accionista mayoritaria de la entidad blanquivioleta.<\/p>\n<p>&nbsp;<\/p>\n<p>En un principio, ha proseguido en su relato, \u00abera algo inviable, pero\u00a0<b>hablamos con Almada y nos dijo que le gustar\u00eda escuchar al Oviedo,<\/b>\u00a0por eso est\u00e1 separado de sus funciones en el d\u00eda de hoy (lunes), y el primer equipo ha sido entrenado por Sisi\u00bb, ayudante de Almada, exjugador del Valladolid y ext\u00e9cnico de su cantera.<\/p>\n<p>La direcci\u00f3n deportiva trabaja en la b\u00fasqueda de otro entrenador<b>\u00a0\u00aben lo que se finiquita la salida de Almada\u00bb<\/b>, ha confirmado antes de referirse a \u00e9l como \u00abun extraordinario entrenador\u00bb con el se quer\u00eda continuar.<\/p>\n<p>\u00abPero \u00e9l ha tomado sus decisiones.<\/p>\n<p>Hay otros muy buenos y alguno de ellos ser\u00e1<b>\u00a0considerado para ser el que dirija al Real Valladolid<\/b>\u00ab, ha a\u00f1adido Solares, quien reconoci\u00f3 que lo sucedido les ha cogido a todos por sorpresa, incluida la plantilla<strong>.(D)<\/strong><\/p>\n<p><strong>Fuente:<\/strong> evafm.net &#8211; ecuavisa.com<\/p>\n<div class=\"gsp_post_data\" \r\n\t            data-post_type=\"post\" \r\n\t            data-cat=\"deportes-internacionales\" \r\n\t            data-modified=\"120\"\r\n\t            data-created=\"1765805223\"\r\n\t            data-title=\"Guillermo Almada fue separado del Real Valladolid\" \r\n\t            data-home=\"https:\/\/www.evafm.net\/sitio\"><\/div>","protected":false},"excerpt":{"rendered":"<p>Guillermo Almada\u00a0obtuvo su primera oportunidad en Europa al dirigir al\u00a0Real Valladolid\u00a0en la segunda divisi\u00f3n de Espa\u00f1a: sin embargo, el trabajo del ex entrenador de Barcelona SC\u00a0llam\u00f3 la atenci\u00f3n de un equipo de la primera categor\u00eda\u00a0y empez\u00f3 negociaciones. Por esa raz\u00f3n, el\u00a0Real Valladolid ha apartado a Guillermo Almada de sus funciones\u00a0como director t\u00e9cnico del primer equipo,&#8230;<\/p>\n","protected":false},"author":5,"featured_media":97018,"comment_status":"closed","ping_status":"open","sticky":false,"template":"","format":"standard","meta":{"_joinchat":[],"footnotes":""},"categories":[1342],"tags":[],"class_list":["post-97017","post","type-post","status-publish","format-standard","has-post-thumbnail","hentry","category-deportes-internacionales","have-post-thumb"],"_links":{"self":[{"href":"https:\/\/www.evafm.net\/sitio\/wp-json\/wp\/v2\/posts\/97017","targetHints":{"allow":["GET"]}}],"collection":[{"href":"https:\/\/www.evafm.net\/sitio\/wp-json\/wp\/v2\/posts"}],"about":[{"href":"https:\/\/www.evafm.net\/sitio\/wp-json\/wp\/v2\/types\/post"}],"author":[{"embeddable":true,"href":"https:\/\/www.evafm.net\/sitio\/wp-json\/wp\/v2\/users\/5"}],"replies":[{"embeddable":true,"href":"https:\/\/www.evafm.net\/sitio\/wp-json\/wp\/v2\/comments?post=97017"}],"version-history":[{"count":1,"href":"https:\/\/www.evafm.net\/sitio\/wp-json\/wp\/v2\/posts\/97017\/revisions"}],"predecessor-version":[{"id":97019,"href":"https:\/\/www.evafm.net\/sitio\/wp-json\/wp\/v2\/posts\/97017\/revisions\/97019"}],"wp:featuredmedia":[{"embeddable":true,"href":"https:\/\/www.evafm.net\/sitio\/wp-json\/wp\/v2\/media\/97018"}],"wp:attachment":[{"href":"https:\/\/www.evafm.net\/sitio\/wp-json\/wp\/v2\/media?parent=97017"}],"wp:term":[{"taxonomy":"category","embeddable":true,"href":"https:\/\/www.evafm.net\/sitio\/wp-json\/wp\/v2\/categories?post=97017"},{"taxonomy":"post_tag","embeddable":true,"href":"https:\/\/www.evafm.net\/sitio\/wp-json\/wp\/v2\/tags?post=97017"}],"curies":[{"name":"wp","href":"https:\/\/api.w.org\/{rel}","templated":true}]}}