{"id":97034,"date":"2025-12-16T21:23:54","date_gmt":"2025-12-17T02:23:54","guid":{"rendered":"https:\/\/www.evafm.net\/sitio\/?p=97034"},"modified":"2025-12-16T21:23:54","modified_gmt":"2025-12-17T02:23:54","slug":"ecuador-presenta-demanda-en-ee-uu-contra-progen-por-contratos-termoelectricos-fallidos","status":"publish","type":"post","link":"https:\/\/www.evafm.net\/sitio\/ecuador-presenta-demanda-en-ee-uu-contra-progen-por-contratos-termoelectricos-fallidos\/","title":{"rendered":"Ecuador presenta demanda en EE. UU. contra Progen por contratos termoel\u00e9ctricos fallidos"},"content":{"rendered":"<p>El presidente de la Rep\u00fablica,\u00a0<b>Daniel Noboa<\/b>, anunci\u00f3 este martes 16 de diciembre que el Estado ecuatoriano present\u00f3 una demanda en\u00a0<b>Estados Unidos<\/b>\u00a0contra la empresa\u00a0<b><a href=\"https:\/\/www.ecuavisa.com\/noticias\/economia\/proyectos-termoelectricos-progen-abandonados-gobierno-FA10547233\" target=\"_blank\" rel=\"noopener noreferrer\" data-mrf-link=\"https:\/\/www.ecuavisa.com\/noticias\/economia\/proyectos-termoelectricos-progen-abandonados-gobierno-FA10547233\">Progen<\/a><\/b>, una compa\u00f1\u00eda estadounidense contratada por el Gobierno Nacional para la generaci\u00f3n de electricidad en\u00a0<b>Quevedo<\/b>\u00a0(Los R\u00edos) y en\u00a0<b>Salitral\u00a0<\/b>(Guayas).<\/p>\n<p>Sin embargo, los proyectos no se concretaron, pese a que el Estado desembols\u00f3 108 de los 149 millones de d\u00f3lares establecidos en los contratos.<\/p>\n<p>En su cuenta en X, el jefe de Estado se\u00f1al\u00f3 que la demanda fue presentada este lunes 15 de diciembre.<\/p>\n<p>\u00abS\u00e9 que este tema ha generado preocupaci\u00f3n a muchos ecuatorianos.<\/p>\n<p>Por eso cuentan con mi decisi\u00f3n y determinaci\u00f3n, de acudir a todas las instancias, hasta que exista reparaci\u00f3n integral al pa\u00eds\u00bb, indic\u00f3.<\/p>\n<p>&nbsp;<\/p>\n<p>De su lado, la ministra de Ambiente y Energ\u00eda,\u00a0<b>In\u00e9s Manzano<\/b>, explic\u00f3 que la demanda fue presentada \u00abbajo la ley RICO\u00a0<b>(Racketeer Influenced and Corrupt Organizations Act<\/b>)\u00bb.<\/p>\n<p>Esta normativa, vigente desde 1970, permite\u00a0<b>procesar penal y civilmente<\/b>\u00a0a personas o empresas que formen parte de una\u00a0<b>organizaci\u00f3n<\/b>\u00a0que comete delitos de manera\u00a0<b>sistem\u00e1tica o continuada<\/b>.<\/p>\n<div id=\"sunmedia-div\"><\/div>\n<p>La Corporaci\u00f3n El\u00e9ctrica del Ecuador (Celec) adjudic\u00f3 los contratos a Progen en 2024 como parte de la estrategia para solventar la crisis energ\u00e9tica. <strong>(I)<\/strong><\/p>\n<p><i><b>&#8211; En desarrollo &#8211;<\/b><\/i><\/p>\n<p><strong>Fuente<\/strong>: evafm.net &#8211; ecuavisa.com<\/p>\n<div class=\"gsp_post_data\" \r\n\t            data-post_type=\"post\" \r\n\t            data-cat=\"general,noticias-ecuador\" \r\n\t            data-modified=\"120\"\r\n\t            data-created=\"1765920234\"\r\n\t            data-title=\"Ecuador presenta demanda en EE. UU. contra Progen por contratos termoel\u00e9ctricos fallidos\" \r\n\t            data-home=\"https:\/\/www.evafm.net\/sitio\"><\/div>","protected":false},"excerpt":{"rendered":"<p>El presidente de la Rep\u00fablica,\u00a0Daniel Noboa, anunci\u00f3 este martes 16 de diciembre que el Estado ecuatoriano present\u00f3 una demanda en\u00a0Estados Unidos\u00a0contra la empresa\u00a0Progen, una compa\u00f1\u00eda estadounidense contratada por el Gobierno Nacional para la generaci\u00f3n de electricidad en\u00a0Quevedo\u00a0(Los R\u00edos) y en\u00a0Salitral\u00a0(Guayas). Sin embargo, los proyectos no se concretaron, pese a que el Estado desembols\u00f3 108 de&#8230;<\/p>\n","protected":false},"author":5,"featured_media":97058,"comment_status":"closed","ping_status":"open","sticky":false,"template":"","format":"standard","meta":{"_joinchat":[],"footnotes":""},"categories":[1720,1558],"tags":[],"class_list":["post-97034","post","type-post","status-publish","format-standard","has-post-thumbnail","hentry","category-general","category-noticias-ecuador","have-post-thumb"],"_links":{"self":[{"href":"https:\/\/www.evafm.net\/sitio\/wp-json\/wp\/v2\/posts\/97034","targetHints":{"allow":["GET"]}}],"collection":[{"href":"https:\/\/www.evafm.net\/sitio\/wp-json\/wp\/v2\/posts"}],"about":[{"href":"https:\/\/www.evafm.net\/sitio\/wp-json\/wp\/v2\/types\/post"}],"author":[{"embeddable":true,"href":"https:\/\/www.evafm.net\/sitio\/wp-json\/wp\/v2\/users\/5"}],"replies":[{"embeddable":true,"href":"https:\/\/www.evafm.net\/sitio\/wp-json\/wp\/v2\/comments?post=97034"}],"version-history":[{"count":1,"href":"https:\/\/www.evafm.net\/sitio\/wp-json\/wp\/v2\/posts\/97034\/revisions"}],"predecessor-version":[{"id":97059,"href":"https:\/\/www.evafm.net\/sitio\/wp-json\/wp\/v2\/posts\/97034\/revisions\/97059"}],"wp:featuredmedia":[{"embeddable":true,"href":"https:\/\/www.evafm.net\/sitio\/wp-json\/wp\/v2\/media\/97058"}],"wp:attachment":[{"href":"https:\/\/www.evafm.net\/sitio\/wp-json\/wp\/v2\/media?parent=97034"}],"wp:term":[{"taxonomy":"category","embeddable":true,"href":"https:\/\/www.evafm.net\/sitio\/wp-json\/wp\/v2\/categories?post=97034"},{"taxonomy":"post_tag","embeddable":true,"href":"https:\/\/www.evafm.net\/sitio\/wp-json\/wp\/v2\/tags?post=97034"}],"curies":[{"name":"wp","href":"https:\/\/api.w.org\/{rel}","templated":true}]}}