{"id":97035,"date":"2025-12-16T21:30:23","date_gmt":"2025-12-17T02:30:23","guid":{"rendered":"https:\/\/www.evafm.net\/sitio\/?p=97035"},"modified":"2025-12-16T21:30:23","modified_gmt":"2025-12-17T02:30:23","slug":"estados-unidos-declaro-a-la-organizacion-criminal-colombiana-clan-del-golfo-como-grupo-terrorista","status":"publish","type":"post","link":"https:\/\/www.evafm.net\/sitio\/estados-unidos-declaro-a-la-organizacion-criminal-colombiana-clan-del-golfo-como-grupo-terrorista\/","title":{"rendered":"Estados Unidos declar\u00f3 a la organizaci\u00f3n criminal colombiana Clan del Golfo como grupo terrorista"},"content":{"rendered":"<p>El gobierno de Estados Unidos ha designado al Clan del Golfo, -autodenominado Ej\u00e9rcito Gaitanista de Colombia (EGC)-, una de las organizaciones criminales m\u00e1s poderosas de Colombia, como grupo terrorista, una medida que intensifica la presi\u00f3n internacional sobre esta red dedicada al narcotr\u00e1fico y la extorsi\u00f3n.<\/p>\n<p>Seg\u00fan el comunicado publicado por el Departamento del Tesoro estadounidense, la decisi\u00f3n responde al alcance global y la peligrosidad de la organizaci\u00f3n, que opera en al menos 28 pa\u00edses de cuatro continentes, de acuerdo con la Polic\u00eda Nacional de Colombia.<\/p>\n<p class=\"paragraph\" data-mrf-recirculation=\"Links inline\">En noviembre de 2021,<b>\u00a0las autoridades colombianas informaron que el Clan del Golfo manten\u00eda presencia en pa\u00edses de Am\u00e9rica como Estados Unidos, M\u00e9xico, Honduras, Panam\u00e1, Costa Rica, Rep\u00fablica Dominicana, Brasil, Guatemala, Nicaragua, Venezuela y El Salvador.<\/b><\/p>\n<p class=\"paragraph\" data-mrf-recirculation=\"Links inline\">En Europa, sus operaciones se extienden a B\u00e9lgica, Espa\u00f1a, Pa\u00edses Bajos, Alemania, Francia, Portugal, Polonia, Grecia, Irlanda, Inglaterra, Italia, Albania y Ucrania.<\/p>\n<div class=\"inline_2_DSK ad-wrapper ad-desktop\">\n<div class=\"dfpAd ad-inline\"><\/div>\n<\/div>\n<p class=\"paragraph\" data-mrf-recirculation=\"Links inline\">Adem\u00e1s, el grupo ha logrado establecer conexiones en Ir\u00e1n, Emiratos \u00c1rabes Unidos, China y Australia, consolidando rutas y destinos para el tr\u00e1fico de drogas.<\/p>\n<p data-mrf-recirculation=\"Links inline\"><b>El grupo, tambi\u00e9n conocido como Clan \u00dasuga, Los Urabe\u00f1os o Autodefensas Gaitanistas de Colombia, surgi\u00f3 tras la desmovilizaci\u00f3n de las Autodefensas Unidas de Colombia (AUC), un grupo paramilitar de extrema derecha, en 2006<\/b>.<\/p>\n<p class=\"paragraph\" data-mrf-recirculation=\"Links inline\">Entre sus l\u00edderes figuran exnarcotraficantes y antiguos paramilitares, lo que ha contribuido a su estructura violenta y sofisticada.La fundaci\u00f3n del Clan del Golfo se remonta a 2007, cuando Daniel Rend\u00f3n Herrera, alias Don Mario, exintegrante del Bloque Centauros de las AUC, consolid\u00f3 la organizaci\u00f3n.<\/p>\n<p class=\"paragraph\" data-mrf-recirculation=\"Links inline\">Don Mario fue capturado en 2009 y extraditado a Estados Unidos en 2018, donde inicialmente se declar\u00f3 inocente.<\/p>\n<p class=\"paragraph\" data-mrf-recirculation=\"Links inline\">Sin embargo, en noviembre de 2021, tras varios a\u00f1os en prisi\u00f3n, Rend\u00f3n Herrera admiti\u00f3 su culpabilidad ante la justicia estadounidense por cargos de distribuci\u00f3n de narc\u00f3ticos y apoyo a un grupo terrorista<\/p>\n<p class=\"paragraph\" data-mrf-recirculation=\"Links inline\">en el marco de un imperio de coca\u00edna valorado en<strong> USD 1.000 millones, seg\u00fan report\u00f3 <i>Reuters<\/i>.<\/strong><\/p>\n<p class=\"paragraph\" data-mrf-recirculation=\"Links inline\">Los fiscales estadounidenses se\u00f1alaron que Don Mario enfrenta condenas en Colombia por delitos relacionados con el tr\u00e1fico de drogas, porte ilegal de armas y m\u00faltiples homicidios.<\/p>\n<p class=\"paragraph\" data-mrf-recirculation=\"Links inline\">La Polic\u00eda Nacional de Colombia considera al Clan del Golfo como una de las organizaciones criminales transnacionales m\u00e1s peligrosas del pa\u00eds, dada su capacidad de expansi\u00f3n y su influencia en el tr\u00e1fico internacional de estupefacientes.<strong>(I)<\/strong><\/p>\n<p data-mrf-recirculation=\"Links inline\">Clan del Golfo fue declarado por Estados Unidos como un grupo terrorista &#8211; cr\u00e9dito<\/p>\n<p data-mrf-recirculation=\"Links inline\">Oficina de Control de Activos Extranjeros<\/p>\n<p class=\"paragraph\" data-mrf-recirculation=\"Links inline\"><i><b>Noticia en desarrollo&#8230;<\/b><\/i><\/p>\n<p data-mrf-recirculation=\"Links inline\"><img fetchpriority=\"high\" decoding=\"async\" class=\"\" src=\"https:\/\/www.infobae.com\/resizer\/v2\/IWPEI7PV3FH5PL3Q2HZC72XYME.png?auth=6d8d4b0817a9a1e86ce30e934f602ef8d8afdc02cf617baca0a0665bc74f530e&amp;smart=true&amp;width=350&amp;height=197&amp;quality=85\" alt=\"Clan del Golfo fue declarado\" width=\"785\" height=\"442\" \/><\/p>\n<p data-mrf-recirculation=\"Links inline\">Clan del Golfo fue declarado por Estados Unidos como un grupo terrorista &#8211; cr\u00e9dito Oficina de<\/p>\n<p data-mrf-recirculation=\"Links inline\">Control de Activos Extranjeros.<\/p>\n<p data-mrf-recirculation=\"Links inline\"><img decoding=\"async\" class=\"\" src=\"https:\/\/www.infobae.com\/resizer\/v2\/SCLFBARSG5EZXI4345K3EHT6RU.png?auth=3846a164f8924bcafedb4910ffd10d3000a4a7d6e5c3b0a9676b13b2d1ba9390&amp;smart=true&amp;width=350&amp;height=197&amp;quality=85\" alt=\"El gobierno de Estados Unidos\" width=\"776\" height=\"437\" \/><\/p>\n<p data-mrf-recirculation=\"Links inline\"><strong>Fuente:<\/strong> evafm.net &#8211; infobae.com<\/p>\n<div class=\"gsp_post_data\" \r\n\t            data-post_type=\"post\" \r\n\t            data-cat=\"general,noticias-internacionales\" \r\n\t            data-modified=\"120\"\r\n\t            data-created=\"1765920623\"\r\n\t            data-title=\"Estados Unidos declar\u00f3 a la organizaci\u00f3n criminal colombiana Clan del Golfo como grupo terrorista\" \r\n\t            data-home=\"https:\/\/www.evafm.net\/sitio\"><\/div>","protected":false},"excerpt":{"rendered":"<p>El gobierno de Estados Unidos ha designado al Clan del Golfo, -autodenominado Ej\u00e9rcito Gaitanista de Colombia (EGC)-, una de las organizaciones criminales m\u00e1s poderosas de Colombia, como grupo terrorista, una medida que intensifica la presi\u00f3n internacional sobre esta red dedicada al narcotr\u00e1fico y la extorsi\u00f3n. Seg\u00fan el comunicado publicado por el Departamento del Tesoro estadounidense,&#8230;<\/p>\n","protected":false},"author":5,"featured_media":97060,"comment_status":"closed","ping_status":"open","sticky":false,"template":"","format":"standard","meta":{"_joinchat":[],"footnotes":""},"categories":[1720,1345],"tags":[],"class_list":["post-97035","post","type-post","status-publish","format-standard","has-post-thumbnail","hentry","category-general","category-noticias-internacionales","have-post-thumb"],"_links":{"self":[{"href":"https:\/\/www.evafm.net\/sitio\/wp-json\/wp\/v2\/posts\/97035","targetHints":{"allow":["GET"]}}],"collection":[{"href":"https:\/\/www.evafm.net\/sitio\/wp-json\/wp\/v2\/posts"}],"about":[{"href":"https:\/\/www.evafm.net\/sitio\/wp-json\/wp\/v2\/types\/post"}],"author":[{"embeddable":true,"href":"https:\/\/www.evafm.net\/sitio\/wp-json\/wp\/v2\/users\/5"}],"replies":[{"embeddable":true,"href":"https:\/\/www.evafm.net\/sitio\/wp-json\/wp\/v2\/comments?post=97035"}],"version-history":[{"count":1,"href":"https:\/\/www.evafm.net\/sitio\/wp-json\/wp\/v2\/posts\/97035\/revisions"}],"predecessor-version":[{"id":97061,"href":"https:\/\/www.evafm.net\/sitio\/wp-json\/wp\/v2\/posts\/97035\/revisions\/97061"}],"wp:featuredmedia":[{"embeddable":true,"href":"https:\/\/www.evafm.net\/sitio\/wp-json\/wp\/v2\/media\/97060"}],"wp:attachment":[{"href":"https:\/\/www.evafm.net\/sitio\/wp-json\/wp\/v2\/media?parent=97035"}],"wp:term":[{"taxonomy":"category","embeddable":true,"href":"https:\/\/www.evafm.net\/sitio\/wp-json\/wp\/v2\/categories?post=97035"},{"taxonomy":"post_tag","embeddable":true,"href":"https:\/\/www.evafm.net\/sitio\/wp-json\/wp\/v2\/tags?post=97035"}],"curies":[{"name":"wp","href":"https:\/\/api.w.org\/{rel}","templated":true}]}}