{"id":97076,"date":"2025-12-17T15:11:24","date_gmt":"2025-12-17T20:11:24","guid":{"rendered":"https:\/\/www.evafm.net\/sitio\/?p=97076"},"modified":"2025-12-17T15:11:24","modified_gmt":"2025-12-17T20:11:24","slug":"el-nacional-descendio-y-marco-pazos-renuncio-a-la-presidencia","status":"publish","type":"post","link":"https:\/\/www.evafm.net\/sitio\/el-nacional-descendio-y-marco-pazos-renuncio-a-la-presidencia\/","title":{"rendered":"El Nacional descendi\u00f3 y Marco Pazos renunci\u00f3 a la presidencia"},"content":{"rendered":"<p>La crisis institucional en<b>\u00a0<a href=\"https:\/\/www.ecuavisa.com\/deportes\/el-nacional\" data-mrf-link=\"https:\/\/www.ecuavisa.com\/deportes\/el-nacional\">El Nacional<\/a>\u00a0<\/b>sum\u00f3 este martes un nuevo cap\u00edtulo con el descenso y tambi\u00e9n la renuncia de\u00a0<b>Marco Pazos<\/b>\u00a0a la presidencia del club tras su fracaso dirigencial.<\/p>\n<p>La jornada fue especialmente agitada en la interna criolla y estuvo marcada por resoluciones dr\u00e1sticas tras una temporada cargada de deudas salariales con su plantel y humillantes<\/p>\n<p>derrotas en cancha.<\/p>\n<p>A lo largo del a\u00f1o, la administraci\u00f3n enfrent\u00f3 m\u00faltiples percances que afectaron el normal funcionamiento del club y que finalmente derivaron en la p\u00e9rdida de la categor\u00eda.<\/p>\n<div id=\"\" class=\"portlet-boundary portlet-static-end content-viewer-portlet c_002_001 u-ampliada-contenido last full-access norestricted\">\n<div class=\"DETAIL_TXT AMPLIADA_SECOND\">\n<div class=\"text \" data-mrf-recirculation=\"ArticuloLinkEC\">\n<div class=\"paragraph\">\n<p>Ante este escenario y apelando a la historia, que representa\u00a0<b>El Nacional,<\/b>\u00a0la dirigencia consider\u00f3 necesario dar un paso al costado tras ser informado desde la FEF por su descenso.<\/p>\n<p>La decisi\u00f3n de Pazos se tom\u00f3 durante la\u00a0<b>asamblea realizada la noche de este martes, en la que el ahora expresidente present\u00f3 formalmente su renuncia,<\/b>\u00a0acompa\u00f1ado por la<\/p>\n<p>salida de parte de sus colaboradores m\u00e1s cercanos, poniendo fin a su gesti\u00f3n al frente de la instituci\u00f3n.<\/p>\n<p>De manera provisional, el\u00a0<b>General Ricardo Cajas<\/b>\u00a0asumir\u00e1 la direcci\u00f3n del club. Su labor, junto a un grupo de altos mandos, ser\u00e1 encaminar el proceso de transici\u00f3n y convocar a<\/p>\n<p>nuevas elecciones, con el objetivo de reorganizar la estructura dirigencial y empezar la reconstrucci\u00f3n de El Nacional tras uno de los momentos m\u00e1s complejos de su historia reciente.<strong>(D)<\/strong><\/p>\n<\/div>\n<p>&nbsp;<\/p>\n<div class=\"paragraph\">\n<p><img fetchpriority=\"high\" decoding=\"async\" class=\"\" src=\"https:\/\/pbs.twimg.com\/media\/G8VqzC_WoAASraZ?format=jpg&amp;name=large\" alt=\"Imagen\" width=\"672\" height=\"840\" \/><\/p>\n<p>&nbsp;<\/p>\n<\/div>\n<\/div>\n<\/div>\n<\/div>\n<div id=\"\" class=\"portlet-boundary portlet-static-end htmlcontainer-portlet\"><strong>Fuente:<\/strong> evafm.net &#8211; ecuavisa.com<\/div>\n<div id=\"\" class=\"portlet-boundary portlet-static-end adcontainer-portlet text-center mb-4 fondo_publicidad pub-if-text\"><\/div>\n<div class=\"gsp_post_data\" \r\n\t            data-post_type=\"post\" \r\n\t            data-cat=\"deportes-ecuador\" \r\n\t            data-modified=\"120\"\r\n\t            data-created=\"1765984284\"\r\n\t            data-title=\"El Nacional descendi\u00f3 y Marco Pazos renunci\u00f3 a la presidencia\" \r\n\t            data-home=\"https:\/\/www.evafm.net\/sitio\"><\/div>","protected":false},"excerpt":{"rendered":"<p>La crisis institucional en\u00a0El Nacional\u00a0sum\u00f3 este martes un nuevo cap\u00edtulo con el descenso y tambi\u00e9n la renuncia de\u00a0Marco Pazos\u00a0a la presidencia del club tras su fracaso dirigencial. La jornada fue especialmente agitada en la interna criolla y estuvo marcada por resoluciones dr\u00e1sticas tras una temporada cargada de deudas salariales con su plantel y humillantes derrotas&#8230;<\/p>\n","protected":false},"author":5,"featured_media":97077,"comment_status":"closed","ping_status":"open","sticky":false,"template":"","format":"standard","meta":{"_joinchat":[],"footnotes":""},"categories":[1557],"tags":[],"class_list":["post-97076","post","type-post","status-publish","format-standard","has-post-thumbnail","hentry","category-deportes-ecuador","have-post-thumb"],"_links":{"self":[{"href":"https:\/\/www.evafm.net\/sitio\/wp-json\/wp\/v2\/posts\/97076","targetHints":{"allow":["GET"]}}],"collection":[{"href":"https:\/\/www.evafm.net\/sitio\/wp-json\/wp\/v2\/posts"}],"about":[{"href":"https:\/\/www.evafm.net\/sitio\/wp-json\/wp\/v2\/types\/post"}],"author":[{"embeddable":true,"href":"https:\/\/www.evafm.net\/sitio\/wp-json\/wp\/v2\/users\/5"}],"replies":[{"embeddable":true,"href":"https:\/\/www.evafm.net\/sitio\/wp-json\/wp\/v2\/comments?post=97076"}],"version-history":[{"count":1,"href":"https:\/\/www.evafm.net\/sitio\/wp-json\/wp\/v2\/posts\/97076\/revisions"}],"predecessor-version":[{"id":97078,"href":"https:\/\/www.evafm.net\/sitio\/wp-json\/wp\/v2\/posts\/97076\/revisions\/97078"}],"wp:featuredmedia":[{"embeddable":true,"href":"https:\/\/www.evafm.net\/sitio\/wp-json\/wp\/v2\/media\/97077"}],"wp:attachment":[{"href":"https:\/\/www.evafm.net\/sitio\/wp-json\/wp\/v2\/media?parent=97076"}],"wp:term":[{"taxonomy":"category","embeddable":true,"href":"https:\/\/www.evafm.net\/sitio\/wp-json\/wp\/v2\/categories?post=97076"},{"taxonomy":"post_tag","embeddable":true,"href":"https:\/\/www.evafm.net\/sitio\/wp-json\/wp\/v2\/tags?post=97076"}],"curies":[{"name":"wp","href":"https:\/\/api.w.org\/{rel}","templated":true}]}}