{"id":97079,"date":"2025-12-17T15:20:24","date_gmt":"2025-12-17T20:20:24","guid":{"rendered":"https:\/\/www.evafm.net\/sitio\/?p=97079"},"modified":"2025-12-17T15:20:24","modified_gmt":"2025-12-17T20:20:24","slug":"santiago-morales-confirmo-a-joaquin-papa-como-nuevo-entrenador-de-independiente-del-valle-para-el-2026","status":"publish","type":"post","link":"https:\/\/www.evafm.net\/sitio\/santiago-morales-confirmo-a-joaquin-papa-como-nuevo-entrenador-de-independiente-del-valle-para-el-2026\/","title":{"rendered":"Santiago Morales confirm\u00f3 a Joaqu\u00edn Papa como nuevo entrenador de Independiente del Valle para el 2026"},"content":{"rendered":"<p><strong><a href=\"https:\/\/www.ecuavisa.com\/metadatos\/-\/meta\/independiente-del-valle\" target=\"_blank\" rel=\"noopener noreferrer\" data-mrf-link=\"https:\/\/www.ecuavisa.com\/metadatos\/-\/meta\/independiente-del-valle\">Independiente del Valle<\/a>\u00a0<\/strong>se consagr\u00f3 campe\u00f3n de la LigaPro 2025 y lleg\u00f3 a las semifinales de la <strong>Copa Sudamericana,<\/strong> pero la\u00a0<b>directiva de los rayados tom\u00f3 la decisi\u00f3n de cambiar de entrenador<\/b>\u00a0para el pr\u00f3ximo a\u00f1o.<\/p>\n<p>A pesar de los logros de Javier Rabanal como director t\u00e9cnico de Independiente del Valle, el\u00a0<b>conjunto quite\u00f1o rescindi\u00f3 el contrato con el espa\u00f1ol\u00a0<\/b>y ya lleg\u00f3 a un acuerdo para la llegada de su reemplazo.<\/p>\n<p>El gerente de Independiente del Valle, Santiago<b>\u00a0Morales, confirm\u00f3 que\u00a0<a href=\"https:\/\/www.ecuavisa.com\/deportes\/futbol-nacional\/independiente-del-valle-joaquin-papa-nuevo-director-tecnico-GB10557067\" target=\"_blank\" rel=\"noopener noreferrer\" data-mrf-link=\"https:\/\/www.ecuavisa.com\/deportes\/futbol-nacional\/independiente-del-valle-joaquin-papa-nuevo-director-tecnico-GB10557067\">Joaqu\u00edn Papa ser\u00e1 el nuevo entrenador\u00a0<\/a><\/b><a href=\"https:\/\/www.ecuavisa.com\/deportes\/futbol-nacional\/independiente-del-valle-joaquin-papa-nuevo-director-tecnico-GB10557067\" target=\"_blank\" rel=\"noopener noreferrer\" data-mrf-link=\"https:\/\/www.ecuavisa.com\/deportes\/futbol-nacional\/independiente-del-valle-joaquin-papa-nuevo-director-tecnico-GB10557067\">de los rayados<\/a>\u00a0para la temporada 2026 y ya llegar\u00e1 a Ecuador.<\/p>\n<p><strong>\u201cSolo falta firmar el contrato.\u00a0Llegar\u00e1 con su cuerpo t\u00e9cnico completo para iniciar la pretemporada\u00a0el 12 de enero\u00bb,<\/strong> expres\u00f3 el directivo en MachDeportes.<\/p>\n<p>Papa llega al f\u00fatbol ecuatoriano para buscar un nuevo t\u00edtulo, despu\u00e9s de pasar por Liverpool de Uruguay y se\u00a0<b>consagr\u00f3 campe\u00f3n del Torneo Apertura 2025.<\/b><\/p>\n<p>&nbsp;<\/p>\n<p>El\u00a0<a href=\"https:\/\/www.ecuavisa.com\/deportes\/futbol-nacional\/joaquin-papa-trayectoria-uruguayo-posible-entrenador-independiente-valle-AN10483470\" target=\"_blank\" rel=\"noopener noreferrer\" data-mrf-link=\"https:\/\/www.ecuavisa.com\/deportes\/futbol-nacional\/joaquin-papa-trayectoria-uruguayo-posible-entrenador-independiente-valle-AN10483470\">entrenador de 39 a\u00f1os<b>\u00a0dirigi\u00f3 en las categor\u00edas inferiore<\/b>s<\/a>\u00a0en Albion, Racing de Montevideo, Montevideo Wanderers, Nacional de Montevideo. Mientras que su primera experiencia en las mayores fue con Rentistas y luego Liverpool.<\/p>\n<p>La pretemporada de Independiente del Valle empezar\u00e1 el 12 de enero, m\u00e1s de un mes antes del inicio de la <strong>LigaPro 2026 en el 20 de febrero. (D)<\/strong><\/p>\n<p><strong>Fuente:<\/strong> evafm.net &#8211; ecuavisa.com<\/p>\n<div class=\"gsp_post_data\" \r\n\t            data-post_type=\"post\" \r\n\t            data-cat=\"deportes-ecuador\" \r\n\t            data-modified=\"120\"\r\n\t            data-created=\"1765984824\"\r\n\t            data-title=\"Santiago Morales confirm\u00f3 a Joaqu\u00edn Papa como nuevo entrenador de Independiente del Valle para el 2026\" \r\n\t            data-home=\"https:\/\/www.evafm.net\/sitio\"><\/div>","protected":false},"excerpt":{"rendered":"<p>Independiente del Valle\u00a0se consagr\u00f3 campe\u00f3n de la LigaPro 2025 y lleg\u00f3 a las semifinales de la Copa Sudamericana, pero la\u00a0directiva de los rayados tom\u00f3 la decisi\u00f3n de cambiar de entrenador\u00a0para el pr\u00f3ximo a\u00f1o. A pesar de los logros de Javier Rabanal como director t\u00e9cnico de Independiente del Valle, el\u00a0conjunto quite\u00f1o rescindi\u00f3 el contrato con el&#8230;<\/p>\n","protected":false},"author":5,"featured_media":97080,"comment_status":"closed","ping_status":"open","sticky":false,"template":"","format":"standard","meta":{"_joinchat":[],"footnotes":""},"categories":[1557],"tags":[],"class_list":["post-97079","post","type-post","status-publish","format-standard","has-post-thumbnail","hentry","category-deportes-ecuador","have-post-thumb"],"_links":{"self":[{"href":"https:\/\/www.evafm.net\/sitio\/wp-json\/wp\/v2\/posts\/97079","targetHints":{"allow":["GET"]}}],"collection":[{"href":"https:\/\/www.evafm.net\/sitio\/wp-json\/wp\/v2\/posts"}],"about":[{"href":"https:\/\/www.evafm.net\/sitio\/wp-json\/wp\/v2\/types\/post"}],"author":[{"embeddable":true,"href":"https:\/\/www.evafm.net\/sitio\/wp-json\/wp\/v2\/users\/5"}],"replies":[{"embeddable":true,"href":"https:\/\/www.evafm.net\/sitio\/wp-json\/wp\/v2\/comments?post=97079"}],"version-history":[{"count":1,"href":"https:\/\/www.evafm.net\/sitio\/wp-json\/wp\/v2\/posts\/97079\/revisions"}],"predecessor-version":[{"id":97081,"href":"https:\/\/www.evafm.net\/sitio\/wp-json\/wp\/v2\/posts\/97079\/revisions\/97081"}],"wp:featuredmedia":[{"embeddable":true,"href":"https:\/\/www.evafm.net\/sitio\/wp-json\/wp\/v2\/media\/97080"}],"wp:attachment":[{"href":"https:\/\/www.evafm.net\/sitio\/wp-json\/wp\/v2\/media?parent=97079"}],"wp:term":[{"taxonomy":"category","embeddable":true,"href":"https:\/\/www.evafm.net\/sitio\/wp-json\/wp\/v2\/categories?post=97079"},{"taxonomy":"post_tag","embeddable":true,"href":"https:\/\/www.evafm.net\/sitio\/wp-json\/wp\/v2\/tags?post=97079"}],"curies":[{"name":"wp","href":"https:\/\/api.w.org\/{rel}","templated":true}]}}