{"id":97082,"date":"2025-12-17T15:29:44","date_gmt":"2025-12-17T20:29:44","guid":{"rendered":"https:\/\/www.evafm.net\/sitio\/?p=97082"},"modified":"2025-12-17T15:29:44","modified_gmt":"2025-12-17T20:29:44","slug":"alexander-gonzalez-esta-viviendo-en-el-polideportivo-de-los-samanes","status":"publish","type":"post","link":"https:\/\/www.evafm.net\/sitio\/alexander-gonzalez-esta-viviendo-en-el-polideportivo-de-los-samanes\/","title":{"rendered":"Alexander Gonz\u00e1lez est\u00e1 viviendo en el Polideportivo de Los Samanes"},"content":{"rendered":"<p><b>Alexander Gonz\u00e1lez\u00a0<\/b>atraviesa un particular momento en su etapa como jugador de\u00a0<b><a href=\"https:\/\/www.ecuavisa.com\/deportes\/emelec\" data-mrf-link=\"https:\/\/www.ecuavisa.com\/deportes\/emelec\">Emelec<\/a><\/b>.<\/p>\n<p>El futbolista venezolano se encuentra residiendo temporalmente en el<b>\u00a0Polideportivo de Los Samanes,<\/b>\u00a0complejo deportivo del club, hasta que finalice la actual temporada del campeonato nacional, as\u00ed lo dieron a conocer<b>\u00a0Los Hackers de Ecuavisa.<\/b><\/p>\n<p>El seleccionado vinotinto ha dejado constancia de su situaci\u00f3n a trav\u00e9s de redes sociales.<\/p>\n<p>En los \u00faltimos d\u00edas,\u00a0<b>Gonz\u00e1lez<\/b>\u00a0comparti\u00f3 videos en su cuenta de Instagram durante las noches, donde se lo observa dentro de una habitaci\u00f3n ubicada en el mismo polideportivo, evidenciando que permanece en el lugar donde el plantel realiza sus entrenamientos matutinos<\/p>\n<p>Seg\u00fan se conoci\u00f3, el lateral entreg\u00f3 la semana pasada las llaves de su departamento y de su veh\u00edculo, lo que confirmar\u00eda que su estad\u00eda en\u00a0<b>Los Samanes\u00a0<\/b>es parte de una medida transitoria mientras define su futuro profesional.<\/p>\n<div id=\"sunmedia-div\"><\/div>\n<p>La relaci\u00f3n entre<b>\u00a0Alexander Gonz\u00e1lez y Emelec\u00a0<\/b>ha sido agridulce en los \u00faltimos meses.<\/p>\n<p>El jugador ha denunciado p\u00fablicamente la falta de pagos durante varios per\u00edodos, situaci\u00f3n que incluso provoc\u00f3 su salida moment\u00e1nea del equipo.<\/p>\n<p>No obstante, tras retomar conversaciones con la dirigencia, el venezolano volvi\u00f3 a integrarse al plantel, cumpliendo con los compromisos deportivos y participando en los partidos de fin de semana, a la espera de una resoluci\u00f3n definitiva al cierre de la temporada<strong>.(D)<\/strong><\/p>\n<p><strong>Fuente:<\/strong> evafm.net &#8211; ecuavisa.com<\/p>\n<div class=\"gsp_post_data\" \r\n\t            data-post_type=\"post\" \r\n\t            data-cat=\"deportes-ecuador\" \r\n\t            data-modified=\"120\"\r\n\t            data-created=\"1765985384\"\r\n\t            data-title=\"Alexander Gonz\u00e1lez est\u00e1 viviendo en el Polideportivo de Los Samanes\" \r\n\t            data-home=\"https:\/\/www.evafm.net\/sitio\"><\/div>","protected":false},"excerpt":{"rendered":"<p>Alexander Gonz\u00e1lez\u00a0atraviesa un particular momento en su etapa como jugador de\u00a0Emelec. El futbolista venezolano se encuentra residiendo temporalmente en el\u00a0Polideportivo de Los Samanes,\u00a0complejo deportivo del club, hasta que finalice la actual temporada del campeonato nacional, as\u00ed lo dieron a conocer\u00a0Los Hackers de Ecuavisa. El seleccionado vinotinto ha dejado constancia de su situaci\u00f3n a trav\u00e9s de&#8230;<\/p>\n","protected":false},"author":5,"featured_media":97083,"comment_status":"closed","ping_status":"open","sticky":false,"template":"","format":"standard","meta":{"_joinchat":[],"footnotes":""},"categories":[1557],"tags":[],"class_list":["post-97082","post","type-post","status-publish","format-standard","has-post-thumbnail","hentry","category-deportes-ecuador","have-post-thumb"],"_links":{"self":[{"href":"https:\/\/www.evafm.net\/sitio\/wp-json\/wp\/v2\/posts\/97082","targetHints":{"allow":["GET"]}}],"collection":[{"href":"https:\/\/www.evafm.net\/sitio\/wp-json\/wp\/v2\/posts"}],"about":[{"href":"https:\/\/www.evafm.net\/sitio\/wp-json\/wp\/v2\/types\/post"}],"author":[{"embeddable":true,"href":"https:\/\/www.evafm.net\/sitio\/wp-json\/wp\/v2\/users\/5"}],"replies":[{"embeddable":true,"href":"https:\/\/www.evafm.net\/sitio\/wp-json\/wp\/v2\/comments?post=97082"}],"version-history":[{"count":1,"href":"https:\/\/www.evafm.net\/sitio\/wp-json\/wp\/v2\/posts\/97082\/revisions"}],"predecessor-version":[{"id":97084,"href":"https:\/\/www.evafm.net\/sitio\/wp-json\/wp\/v2\/posts\/97082\/revisions\/97084"}],"wp:featuredmedia":[{"embeddable":true,"href":"https:\/\/www.evafm.net\/sitio\/wp-json\/wp\/v2\/media\/97083"}],"wp:attachment":[{"href":"https:\/\/www.evafm.net\/sitio\/wp-json\/wp\/v2\/media?parent=97082"}],"wp:term":[{"taxonomy":"category","embeddable":true,"href":"https:\/\/www.evafm.net\/sitio\/wp-json\/wp\/v2\/categories?post=97082"},{"taxonomy":"post_tag","embeddable":true,"href":"https:\/\/www.evafm.net\/sitio\/wp-json\/wp\/v2\/tags?post=97082"}],"curies":[{"name":"wp","href":"https:\/\/api.w.org\/{rel}","templated":true}]}}