{"id":97085,"date":"2025-12-17T16:01:48","date_gmt":"2025-12-17T21:01:48","guid":{"rendered":"https:\/\/www.evafm.net\/sitio\/?p=97085"},"modified":"2025-12-17T16:01:48","modified_gmt":"2025-12-17T21:01:48","slug":"cruzeiro-anuncio-a-tite-como-nuevo-entrenador-para-la-temporada-2026","status":"publish","type":"post","link":"https:\/\/www.evafm.net\/sitio\/cruzeiro-anuncio-a-tite-como-nuevo-entrenador-para-la-temporada-2026\/","title":{"rendered":"Cruzeiro anuncio  a Tite como nuevo entrenador para la temporada 2026"},"content":{"rendered":"<p><b>Cruzeiro,\u00a0<\/b>club en el que milita el\u00a0<b>ecuatoriano Keny Arroyo,<\/b>\u00a0present\u00f3 este\u00a0<b>16 de diciembre de 2025<\/b>\u00a0en\u00a0<b>Belo Horizonte<\/b>\u00a0al brasile\u00f1o\u00a0<b>Adenor Leonardo Bachi<\/b>, de\u00a0<b>64 a\u00f1os<\/b>, como nuevo entrenador del primer equipo.<\/p>\n<p><strong>Tite<\/strong>\u00a0reemplaza de\u00a0<b>Leonardo Jardim<\/b>, quien renunci\u00f3 d\u00edas atr\u00e1s, con el objetivo de potenciar el proyecto deportivo tras una campa\u00f1a 2025 que incluy\u00f3 el tercer puesto en el Brasileir\u00e3o y la clasificaci\u00f3n a la Copa Libertadores 2026.<\/p>\n<p>El anuncio se realiz\u00f3 mediante comunicado oficial acompa\u00f1ado de im\u00e1genes del t\u00e9cnico.\u00a0Tite firm\u00f3 contrato y asumir\u00e1 de inmediato la direcci\u00f3n del equipo mineiro.<\/p>\n<p><b>Trayectoria de Tite.<\/b><\/p>\n<p><b>Tite<\/b>\u00a0dirigi\u00f3 a la\u00a0<b>selecci\u00f3n brasile\u00f1a<\/b>\u00a0en los Mundiales de\u00a0<b>Rusia 2018<\/b>\u00a0y<strong>\u00a0C<\/strong><b>atar 2022<\/b>, y conquist\u00f3 la\u00a0<b>Copa Am\u00e9rica 2019<\/b>.<\/p>\n<p>Con el\u00a0<b>Corinthians<\/b>\u00a0gan\u00f3 la\u00a0<b>Copa Libertadores 2012<\/b>, el\u00a0<b>Mundial de Clubes 2012<\/b>\u00a0y la\u00a0<b>Copa Sudamericana 2013<\/b>, entre otros t\u00edtulos.<\/p>\n<p>Su \u00faltimo club fue el\u00a0<b>Flamengo<\/b>, del que fue despedido el\u00a0<b>30 de septiembre de 2024<\/b>\u00a0tras la eliminaci\u00f3n en cuartos de final de la Copa Libertadores ante Pe\u00f1arol, pese a una victoria liguera el d\u00eda anterior.<\/p>\n<p>Tras su salida, el t\u00e9cnico anunci\u00f3 una pausa para cuidar su salud f\u00edsica y mental.<\/p>\n<p><strong>En abril de 2025 rechaz\u00f3 una oferta del Corinthians por el mismo motivo.<\/strong><\/p>\n<p>&nbsp;<\/p>\n<p><b>Regreso anunciado.<\/b><\/p>\n<p>Tite comunic\u00f3 su retorno mediante un mensaje personal: \u201c\u00a1Regres\u00e9! Me cuid\u00e9, estuve con mi familia y estoy listo para regresar a mis funciones como entrenador.<\/p>\n<p>Muchas gracias a todos los que apoyaron mi recuperaci\u00f3n\u201d.<\/p>\n<p>El Cruzeiro destac\u00f3 su condici\u00f3n de \u201cmulticampe\u00f3n\u201d en el anuncio oficial.<\/p>\n<p>El equipo cerr\u00f3 la temporada 2025 en el\u00a0<b>tercer lugar<\/b>\u00a0del Brasileir\u00e3o con\u00a0<b>70 puntos<\/b>, a nueve del campe\u00f3n Flamengo, y alcanz\u00f3 las semifinales de la Copa Brasil.<\/p>\n<p>&nbsp;<\/p>\n<p><b>Keny Arroyo y el proyecto 2026.<\/b><\/p>\n<p>El ecuatoriano\u00a0<b>Keny Arroyo<\/b>\u00a0disput\u00f3\u00a0<b>15 partidos<\/b>\u00a0con Cruzeiro en 2025, anotando\u00a0<b>cuatro goles<\/b>\u00a0(tres ante Corinthians, uno ante Vit\u00f3ria) y registrando\u00a0<b>una asistencia<\/b>.<\/p>\n<p>Sus dos goles en la semifinal de Copa Brasil ante Corinthians fueron destacados.<\/p>\n<p>Cruzeiro debutar\u00e1 en el\u00a0<b>Campeonato Mineiro<\/b>\u00a0el\u00a0<b>10 de enero de 2026<\/b>\u00a0como local ante Pouso Alegre.\u00a0Otros rivales estaduales incluyen<\/p>\n<p>Tombense, Uberl\u00e2ndia Esporte Clube, Esporte Clube Democrata, Atl\u00e9tico Mineiro, Betim, Uni\u00e3o Recreativa dos Trabalhadores y Am\u00e9rica MG.<\/p>\n<p>La primera fecha del Brasileir\u00e3o ser\u00e1 a fines de enero ante Botafogo como visitante.\u00a0El club participar\u00e1 en la\u00a0<b>Copa Libertadores 2026<\/b>.<\/p>\n<p>Esta contrataci\u00f3n refuerza las aspiraciones del Cruzeiro para competiciones nacionales e internacionales en la pr\u00f3xima temporada.<strong>(D)<\/strong><\/p>\n<p><strong>Fuente:<\/strong> evafm.net &#8211; eldiario.ec<\/p>\n<p>&nbsp;<\/p>\n<p><img fetchpriority=\"high\" decoding=\"async\" class=\"\" src=\"https:\/\/pbs.twimg.com\/media\/G8TvxO1XAAAI74Q?format=jpg&amp;name=large\" alt=\"Imagen\" width=\"716\" height=\"895\" \/><\/p>\n<div class=\"css-175oi2r r-zl2h9q\">\n<div class=\"css-175oi2r r-k4xj1c r-18u37iz r-1wtj0ep\">\n<div class=\"css-175oi2r r-1d09ksm r-18u37iz r-1wbh5a2\">\n<div class=\"css-175oi2r r-1wbh5a2 r-dnmrzs r-1ny4l3l\">\n<div id=\"id__6b6uxyfeeih\" class=\"css-175oi2r r-1wbh5a2 r-dnmrzs r-1ny4l3l r-1awozwy r-18u37iz\" data-testid=\"User-Name\">\n<div class=\"css-175oi2r r-1awozwy r-18u37iz r-1wbh5a2 r-dnmrzs\">\n<div class=\"css-175oi2r r-1wbh5a2 r-dnmrzs\">\n<div class=\"css-175oi2r r-1awozwy r-18u37iz r-1wbh5a2 r-dnmrzs\">\n<div class=\"css-146c3p1 r-bcqeeo r-1ttztb7 r-qvutc0 r-37j5jr r-a023e6 r-rjixqe r-b88u0q r-1awozwy r-6koalj r-1udh08x r-3s2u2q\" dir=\"ltr\"><strong><span class=\"css-1jxf684 r-dnmrzs r-1udh08x r-1udbk01 r-3s2u2q r-bcqeeo r-1ttztb7 r-qvutc0 r-poiln3\"><span class=\"css-1jxf684 r-bcqeeo r-1ttztb7 r-qvutc0 r-poiln3\">Cruzeiro\u00a0<\/span><\/span><\/strong><\/div>\n<div class=\"css-146c3p1 r-bcqeeo r-1ttztb7 r-qvutc0 r-37j5jr r-a023e6 r-rjixqe r-16dba41 r-xoduu5 r-18u37iz r-1q142lx\" dir=\"ltr\"><\/div>\n<\/div>\n<\/div>\n<\/div>\n<div class=\"css-175oi2r r-18u37iz r-1wbh5a2 r-1ez5h0i\">\n<div class=\"css-175oi2r r-1d09ksm r-18u37iz r-1wbh5a2\">\n<div class=\"css-175oi2r r-1wbh5a2 r-dnmrzs\">\n<div class=\"css-146c3p1 r-dnmrzs r-1udh08x r-1udbk01 r-3s2u2q r-bcqeeo r-1ttztb7 r-qvutc0 r-37j5jr r-a023e6 r-rjixqe r-16dba41 r-18u37iz r-1wvb978\" dir=\"ltr\"><strong><span class=\"css-1jxf684 r-bcqeeo r-1ttztb7 r-qvutc0 r-poiln3\">@Cruzeiro<\/span><\/strong><\/div>\n<\/div>\n<div class=\"css-146c3p1 r-bcqeeo r-1ttztb7 r-qvutc0 r-37j5jr r-a023e6 r-rjixqe r-16dba41 r-1q142lx r-n7gxbd\" dir=\"ltr\" aria-hidden=\"true\"><span class=\"css-1jxf684 r-bcqeeo r-1ttztb7 r-qvutc0 r-poiln3\">\u00b7<\/span><\/div>\n<div class=\"css-175oi2r r-18u37iz r-1q142lx\">Acompanhado do presidente Pedro Louren\u00e7o e do vice-presidente Pedro Junio, o t\u00e9cnico Tite<\/div>\n<div class=\"css-175oi2r r-18u37iz r-1q142lx\">esteve na Toca da Raposa II, nesta ter\u00e7a, e conheceu todas as instala\u00e7\u00f5es do clube.<\/div>\n<\/div>\n<\/div>\n<\/div>\n<\/div>\n<\/div>\n<\/div>\n<\/div>\n<p><img decoding=\"async\" class=\"\" src=\"https:\/\/pbs.twimg.com\/media\/G8UGgKDW8BgtVcl?format=jpg&amp;name=4096x4096\" alt=\"Imagen\" width=\"708\" height=\"472\" \/><\/p>\n<p><img decoding=\"async\" class=\"\" src=\"https:\/\/pbs.twimg.com\/media\/G8UGgKDW0AMrqjl?format=jpg&amp;name=4096x4096\" alt=\"Imagen\" width=\"705\" height=\"470\" \/><\/p>\n<p><img loading=\"lazy\" decoding=\"async\" class=\"\" src=\"https:\/\/pbs.twimg.com\/media\/G8UGgKFW8Ak3kEi?format=jpg&amp;name=4096x4096\" alt=\"Imagen\" width=\"701\" height=\"467\" \/><\/p>\n<p>&nbsp;<\/p>\n<p><strong>Fuente:<\/strong> evafm.net &#8211; eldiario.ec<\/p>\n<div class=\"gsp_post_data\" \r\n\t            data-post_type=\"post\" \r\n\t            data-cat=\"deportes-internacionales\" \r\n\t            data-modified=\"120\"\r\n\t            data-created=\"1765987308\"\r\n\t            data-title=\"Cruzeiro anuncio  a Tite como nuevo entrenador para la temporada 2026\" \r\n\t            data-home=\"https:\/\/www.evafm.net\/sitio\"><\/div>","protected":false},"excerpt":{"rendered":"<p>Cruzeiro,\u00a0club en el que milita el\u00a0ecuatoriano Keny Arroyo,\u00a0present\u00f3 este\u00a016 de diciembre de 2025\u00a0en\u00a0Belo Horizonte\u00a0al brasile\u00f1o\u00a0Adenor Leonardo Bachi, de\u00a064 a\u00f1os, como nuevo entrenador del primer equipo. Tite\u00a0reemplaza de\u00a0Leonardo Jardim, quien renunci\u00f3 d\u00edas atr\u00e1s, con el objetivo de potenciar el proyecto deportivo tras una campa\u00f1a 2025 que incluy\u00f3 el tercer puesto en el Brasileir\u00e3o y la clasificaci\u00f3n&#8230;<\/p>\n","protected":false},"author":5,"featured_media":97086,"comment_status":"closed","ping_status":"open","sticky":false,"template":"","format":"standard","meta":{"_joinchat":[],"footnotes":""},"categories":[1342],"tags":[],"class_list":["post-97085","post","type-post","status-publish","format-standard","has-post-thumbnail","hentry","category-deportes-internacionales","have-post-thumb"],"_links":{"self":[{"href":"https:\/\/www.evafm.net\/sitio\/wp-json\/wp\/v2\/posts\/97085","targetHints":{"allow":["GET"]}}],"collection":[{"href":"https:\/\/www.evafm.net\/sitio\/wp-json\/wp\/v2\/posts"}],"about":[{"href":"https:\/\/www.evafm.net\/sitio\/wp-json\/wp\/v2\/types\/post"}],"author":[{"embeddable":true,"href":"https:\/\/www.evafm.net\/sitio\/wp-json\/wp\/v2\/users\/5"}],"replies":[{"embeddable":true,"href":"https:\/\/www.evafm.net\/sitio\/wp-json\/wp\/v2\/comments?post=97085"}],"version-history":[{"count":1,"href":"https:\/\/www.evafm.net\/sitio\/wp-json\/wp\/v2\/posts\/97085\/revisions"}],"predecessor-version":[{"id":97087,"href":"https:\/\/www.evafm.net\/sitio\/wp-json\/wp\/v2\/posts\/97085\/revisions\/97087"}],"wp:featuredmedia":[{"embeddable":true,"href":"https:\/\/www.evafm.net\/sitio\/wp-json\/wp\/v2\/media\/97086"}],"wp:attachment":[{"href":"https:\/\/www.evafm.net\/sitio\/wp-json\/wp\/v2\/media?parent=97085"}],"wp:term":[{"taxonomy":"category","embeddable":true,"href":"https:\/\/www.evafm.net\/sitio\/wp-json\/wp\/v2\/categories?post=97085"},{"taxonomy":"post_tag","embeddable":true,"href":"https:\/\/www.evafm.net\/sitio\/wp-json\/wp\/v2\/tags?post=97085"}],"curies":[{"name":"wp","href":"https:\/\/api.w.org\/{rel}","templated":true}]}}