{"id":97119,"date":"2025-12-18T13:21:44","date_gmt":"2025-12-18T18:21:44","guid":{"rendered":"https:\/\/www.evafm.net\/sitio\/?p=97119"},"modified":"2025-12-18T13:24:50","modified_gmt":"2025-12-18T18:24:50","slug":"esta-fue-la-trayectoria-de-mario-pineida","status":"publish","type":"post","link":"https:\/\/www.evafm.net\/sitio\/esta-fue-la-trayectoria-de-mario-pineida\/","title":{"rendered":"Esta fue la trayectoria de Mario Pineida"},"content":{"rendered":"<p>El f\u00fatbol ecuatoriano est\u00e1 de luto tras el fallecimiento de\u00a0<a href=\"https:\/\/www.ecuavisa.com\/metadatos\/-\/meta\/Mario-Pineida\" data-mrf-link=\"https:\/\/www.ecuavisa.com\/metadatos\/-\/meta\/Mario-Pineida\">Mario Pineida<\/a>, jugador de\u00a0<a href=\"https:\/\/www.ecuavisa.com\/deportes\/barcelona\" data-mrf-link=\"https:\/\/www.ecuavisa.com\/deportes\/barcelona\">Barcelona Sporting Club<\/a>.<\/p>\n<p><b>El lateral izquierdo perdi\u00f3 la vida en un ataque armado\u00a0<\/b>registrado en el sector de <strong>Samanes 4, al norte de Guayaquil.<\/strong><\/p>\n<p>Mario Pineida, de 33 a\u00f1os, se encontraba en una carnicer\u00eda cuando dos sujetos que\u00a0<b>se movilizaban en una motocicleta\u00a0<\/b><\/p>\n<p>abrieron fuego contra tres ciudadanos.<\/p>\n<p>&nbsp;<\/p>\n<p>Entre las v\u00edctimas\u00a0<b>se encontraba el jugador torero, quien estaba acompa\u00f1ado por su madre y otra mujer<\/b>.<\/p>\n<p>A lo largo de su carrera, el futbolista ecuatoriano tambi\u00e9n defendi\u00f3 los clubes como<b>\u00a0<\/b><\/p>\n<p><b>Independiente del Valle, El Nacional y Fluminense de Brasil.<\/b><\/p>\n<div id=\"sunmedia-div\"><\/div>\n<p>Pineida\u00a0<b>tambi\u00e9n visti\u00f3 en varias ocasiones la camiseta de la selecci\u00f3n ecuatoriana de f\u00fatbol<\/b>, dejando una huella importante en el balompi\u00e9 nacional.<\/p>\n<p><strong>Trayectoria de Mario Pineida.<\/strong><\/p>\n<p><b>Mario Pineida naci\u00f3 el 6 de julio de 1992 en Santo Domingo.<\/b><\/p>\n<p>Sus inicios en el f\u00fatbol se dieron en las canteras de\u00a0<b>Deportivo Brasilia y Panam\u00e1 Sporting Club,<\/b>\u00a0clubes de la <strong>segunda categor\u00eda del f\u00fatbol ecuatoriano.<\/strong><\/p>\n<p><b>En 2010 lleg\u00f3 a Independiente del Valle\u00a0<\/b>para continuar con su proceso formativo y, dos a\u00f1os m\u00e1s tarde, en 2012,\u00a0<b>debut\u00f3 en la primera divisi\u00f3n.<\/b><\/p>\n<p>Gracias a su buen rendimiento, comenz\u00f3 a ser convocado a la selecci\u00f3n ecuatoriana y, en 2016, dio el salto a\u00a0<b>Barcelona Sporting Club.<\/b><\/p>\n<p><b>Su mejor nivel futbol\u00edstico lo alcanz\u00f3 en la temporada 2021<\/b>, cuando se consolid\u00f3 como lateral izquierdo del \u00cddolo del Astillero y fue pieza clave en la campa\u00f1a<\/p>\n<p>que llev\u00f3 al club a las semifinales de la <strong>Conmebol Libertadores<\/strong>.<\/p>\n<p>&nbsp;<\/p>\n<p><b>En 2022 fich\u00f3 por Fluminense,\u00a0<\/b>en lo que represent\u00f3 su \u00fanica experiencia en el f\u00fatbol internacional; sin embargo, su paso por el club brasile\u00f1o no cumpli\u00f3 con las expectativas.<\/p>\n<p><b>Para 2023 regres\u00f3 a Barcelona SC<\/b>\u00a0y, a mediados de 2024, se incorpor\u00f3 a\u00a0<b>El Nacional,\u00a0<\/b>donde tuvo poca participaci\u00f3n, aunque logr\u00f3 conquistar la <strong>Copa Ecuador.<\/strong><\/p>\n<p><b>De cara a la temporada 2025 finaliz\u00f3 su pr\u00e9stamo en El Nacional y retorn\u00f3 a Barcelona.<\/b><\/p>\n<p>Su \u00faltimo partido como profesional fue ante <strong>Cuenca Juniors, el 29 de agosto, por la Copa Ecuador.<\/strong><\/p>\n<p>Con la camiseta de Barcelona SC,\u00a0<b>Pineida disput\u00f3 224 partidos, marc\u00f3 tres goles y levant\u00f3 tres t\u00edtulos. <\/b><strong>(D)<\/strong><\/p>\n<p><strong>Fuente:<\/strong> evafm.net &#8211; ecuavisa.com<\/p>\n<p>&nbsp;<\/p>\n<div class=\"gsp_post_data\" \r\n\t            data-post_type=\"post\" \r\n\t            data-cat=\"deportes-ecuador\" \r\n\t            data-modified=\"120\"\r\n\t            data-created=\"1766064104\"\r\n\t            data-title=\"Esta fue la trayectoria de Mario Pineida\" \r\n\t            data-home=\"https:\/\/www.evafm.net\/sitio\"><\/div>","protected":false},"excerpt":{"rendered":"<p>El f\u00fatbol ecuatoriano est\u00e1 de luto tras el fallecimiento de\u00a0Mario Pineida, jugador de\u00a0Barcelona Sporting Club. El lateral izquierdo perdi\u00f3 la vida en un ataque armado\u00a0registrado en el sector de Samanes 4, al norte de Guayaquil. Mario Pineida, de 33 a\u00f1os, se encontraba en una carnicer\u00eda cuando dos sujetos que\u00a0se movilizaban en una motocicleta\u00a0 abrieron fuego&#8230;<\/p>\n","protected":false},"author":5,"featured_media":97120,"comment_status":"closed","ping_status":"open","sticky":false,"template":"","format":"standard","meta":{"_joinchat":[],"footnotes":""},"categories":[1557],"tags":[],"class_list":["post-97119","post","type-post","status-publish","format-standard","has-post-thumbnail","hentry","category-deportes-ecuador","have-post-thumb"],"_links":{"self":[{"href":"https:\/\/www.evafm.net\/sitio\/wp-json\/wp\/v2\/posts\/97119","targetHints":{"allow":["GET"]}}],"collection":[{"href":"https:\/\/www.evafm.net\/sitio\/wp-json\/wp\/v2\/posts"}],"about":[{"href":"https:\/\/www.evafm.net\/sitio\/wp-json\/wp\/v2\/types\/post"}],"author":[{"embeddable":true,"href":"https:\/\/www.evafm.net\/sitio\/wp-json\/wp\/v2\/users\/5"}],"replies":[{"embeddable":true,"href":"https:\/\/www.evafm.net\/sitio\/wp-json\/wp\/v2\/comments?post=97119"}],"version-history":[{"count":3,"href":"https:\/\/www.evafm.net\/sitio\/wp-json\/wp\/v2\/posts\/97119\/revisions"}],"predecessor-version":[{"id":97123,"href":"https:\/\/www.evafm.net\/sitio\/wp-json\/wp\/v2\/posts\/97119\/revisions\/97123"}],"wp:featuredmedia":[{"embeddable":true,"href":"https:\/\/www.evafm.net\/sitio\/wp-json\/wp\/v2\/media\/97120"}],"wp:attachment":[{"href":"https:\/\/www.evafm.net\/sitio\/wp-json\/wp\/v2\/media?parent=97119"}],"wp:term":[{"taxonomy":"category","embeddable":true,"href":"https:\/\/www.evafm.net\/sitio\/wp-json\/wp\/v2\/categories?post=97119"},{"taxonomy":"post_tag","embeddable":true,"href":"https:\/\/www.evafm.net\/sitio\/wp-json\/wp\/v2\/tags?post=97119"}],"curies":[{"name":"wp","href":"https:\/\/api.w.org\/{rel}","templated":true}]}}