{"id":97192,"date":"2025-12-20T16:47:56","date_gmt":"2025-12-20T21:47:56","guid":{"rendered":"https:\/\/www.evafm.net\/sitio\/?p=97192"},"modified":"2025-12-20T16:47:56","modified_gmt":"2025-12-20T21:47:56","slug":"jeremy-arevalo-rompio-su-sequia-y-anoto-su-ultimo-gol-del-2025-con-el-racing-de-santander","status":"publish","type":"post","link":"https:\/\/www.evafm.net\/sitio\/jeremy-arevalo-rompio-su-sequia-y-anoto-su-ultimo-gol-del-2025-con-el-racing-de-santander\/","title":{"rendered":"Jeremy Ar\u00e9valo rompi\u00f3 su sequ\u00eda y anot\u00f3 su \u00faltimo gol del 2025 con el Racing de Santander"},"content":{"rendered":"<p>En medio de los rumores de un posible fichaje de\u00a0<a href=\"https:\/\/www.ecuavisa.com\/metadatos\/-\/meta\/jeremy-arevalo\" target=\"_blank\" rel=\"noopener noreferrer\" data-mrf-link=\"https:\/\/www.ecuavisa.com\/metadatos\/-\/meta\/jeremy-arevalo\">Jeremy Ar\u00e9valo<\/a>\u00a0a Alemania para el 2026, el\u00a0<b>delantero ecuatoriano sigue mostrando su sensacional nivel con un gol<\/b>\u00a0en el empate 1-1 entre el<strong> Racing de Santander y Huesca.<\/strong><\/p>\n<p><b>Ar\u00e9valo llevaba seis partidos sin hacer goles<\/b>, en el medio de su convocatoria con la selecci\u00f3n de Ecuador, pero consigui\u00f3 acabar con su sequ\u00eda.<\/p>\n<p>Durante el duelo de la jornada 19 de la segunda categor\u00eda de Espa\u00f1a, al minuto 38, Jeremy aprovech\u00f3 un centro raso que lo dej\u00f3 de cara a porter\u00eda para\u00a0<b>empujar el bal\u00f3n al fondo de la red y poner el 1-0.<\/b><\/p>\n<div class=\"paragraph\">\n<p>A pesar de la actuaci\u00f3n del atacante de 20 a\u00f1os, el H<b>uesca igual\u00f3 el encuentro 1-1<\/b>\u00a0y Ar\u00e9valo abandon\u00f3 el terreno de juego al minuto 65 por cambio.<\/p>\n<p>Con esta anotaci\u00f3n,\u00a0<b>Jeremy alcanz\u00f3 los ocho goles en la categor\u00eda con 18 partidos<\/b>\u00a0disputados en este 2025.<\/p>\n<\/div>\n<div class=\"paragraph\">\n<p>Adem\u00e1s, el d<b>elantero anot\u00f3 el \u00faltimo tanto del a\u00f1o con su gol al Huesca<\/b>, incluso puede ser el \u00faltimo en la segunda categor\u00eda del f\u00fatbol espa\u00f1ol.<\/p>\n<p>Pues, la prensa alemana se\u00f1ala que el\u00a0<b><a href=\"https:\/\/www.ecuavisa.com\/deportes\/futbol-internacional\/jeremy-arevalo-interes-stuttgart-alemania-racing-santander-mercado-fichajes-HM10585233\" target=\"_blank\" rel=\"noopener noreferrer\" data-mrf-link=\"https:\/\/www.ecuavisa.com\/deportes\/futbol-internacional\/jeremy-arevalo-interes-stuttgart-alemania-racing-santander-mercado-fichajes-HM10585233\">Stuttgart tiene todo listo para pagar la cl\u00e1usula de rescisi\u00f3n<\/a><\/b>de Jeremy Ar\u00e9valo a inicios del 2026 para impulsar su ataque.<\/p>\n<p>Por ahora, el ecuatoriano se va a pasar las festividades sin tener claro su futuro para la segunda mitad de la temporada durante el mercado de invierno.<strong>(D)<\/strong><\/p>\n<\/div>\n<p><iframe title=\"GOOOOOLLLLL ECUATORIANOOOOO \ud83d\udcf7 Jeremy Ar\u00e9valo  marca con el Racing de Santander hoy 20\/12\/2025\" width=\"563\" height=\"1000\" src=\"https:\/\/www.youtube.com\/embed\/vrqK736i6ts?feature=oembed\" frameborder=\"0\" allow=\"accelerometer; autoplay; clipboard-write; encrypted-media; gyroscope; picture-in-picture; web-share\" referrerpolicy=\"strict-origin-when-cross-origin\" allowfullscreen><\/iframe><\/p>\n<p><strong>Fuente:<\/strong> evafm.net &#8211; ecuavisa.com &#8211; youtube.com<\/p>\n<div class=\"gsp_post_data\" \r\n\t            data-post_type=\"post\" \r\n\t            data-cat=\"deportes-internacionales,general\" \r\n\t            data-modified=\"120\"\r\n\t            data-created=\"1766249276\"\r\n\t            data-title=\"Jeremy Ar\u00e9valo rompi\u00f3 su sequ\u00eda y anot\u00f3 su \u00faltimo gol del 2025 con el Racing de Santander\" \r\n\t            data-home=\"https:\/\/www.evafm.net\/sitio\"><\/div>","protected":false},"excerpt":{"rendered":"<p>En medio de los rumores de un posible fichaje de\u00a0Jeremy Ar\u00e9valo\u00a0a Alemania para el 2026, el\u00a0delantero ecuatoriano sigue mostrando su sensacional nivel con un gol\u00a0en el empate 1-1 entre el Racing de Santander y Huesca. Ar\u00e9valo llevaba seis partidos sin hacer goles, en el medio de su convocatoria con la selecci\u00f3n de Ecuador, pero consigui\u00f3&#8230;<\/p>\n","protected":false},"author":5,"featured_media":97229,"comment_status":"closed","ping_status":"open","sticky":false,"template":"","format":"standard","meta":{"_joinchat":[],"footnotes":""},"categories":[1342,1720],"tags":[],"class_list":["post-97192","post","type-post","status-publish","format-standard","has-post-thumbnail","hentry","category-deportes-internacionales","category-general","have-post-thumb"],"_links":{"self":[{"href":"https:\/\/www.evafm.net\/sitio\/wp-json\/wp\/v2\/posts\/97192","targetHints":{"allow":["GET"]}}],"collection":[{"href":"https:\/\/www.evafm.net\/sitio\/wp-json\/wp\/v2\/posts"}],"about":[{"href":"https:\/\/www.evafm.net\/sitio\/wp-json\/wp\/v2\/types\/post"}],"author":[{"embeddable":true,"href":"https:\/\/www.evafm.net\/sitio\/wp-json\/wp\/v2\/users\/5"}],"replies":[{"embeddable":true,"href":"https:\/\/www.evafm.net\/sitio\/wp-json\/wp\/v2\/comments?post=97192"}],"version-history":[{"count":1,"href":"https:\/\/www.evafm.net\/sitio\/wp-json\/wp\/v2\/posts\/97192\/revisions"}],"predecessor-version":[{"id":97230,"href":"https:\/\/www.evafm.net\/sitio\/wp-json\/wp\/v2\/posts\/97192\/revisions\/97230"}],"wp:featuredmedia":[{"embeddable":true,"href":"https:\/\/www.evafm.net\/sitio\/wp-json\/wp\/v2\/media\/97229"}],"wp:attachment":[{"href":"https:\/\/www.evafm.net\/sitio\/wp-json\/wp\/v2\/media?parent=97192"}],"wp:term":[{"taxonomy":"category","embeddable":true,"href":"https:\/\/www.evafm.net\/sitio\/wp-json\/wp\/v2\/categories?post=97192"},{"taxonomy":"post_tag","embeddable":true,"href":"https:\/\/www.evafm.net\/sitio\/wp-json\/wp\/v2\/tags?post=97192"}],"curies":[{"name":"wp","href":"https:\/\/api.w.org\/{rel}","templated":true}]}}