{"id":97240,"date":"2025-12-21T13:20:48","date_gmt":"2025-12-21T18:20:48","guid":{"rendered":"https:\/\/www.evafm.net\/sitio\/?p=97240"},"modified":"2025-12-21T13:20:48","modified_gmt":"2025-12-21T18:20:48","slug":"diogo-bagui-se-va-gratis-de-emelec-y-firmara-con-xolos-de-mexico","status":"publish","type":"post","link":"https:\/\/www.evafm.net\/sitio\/diogo-bagui-se-va-gratis-de-emelec-y-firmara-con-xolos-de-mexico\/","title":{"rendered":"Diogo Bag\u00fc\u00ed se va gratis de Emelec y firmar\u00e1 con Xolos de M\u00e9xico"},"content":{"rendered":"<p><b><a href=\"https:\/\/www.ecuavisa.com\/metadatos\/-\/meta\/diogo-bagui\" target=\"_blank\" rel=\"noopener noreferrer\" data-mrf-link=\"https:\/\/www.ecuavisa.com\/metadatos\/-\/meta\/diogo-bagui\">Diogo Bag\u00fc\u00ed<\/a>\u00a0va a salir de\u00a0<a href=\"https:\/\/www.ecuavisa.com\/metadatos\/-\/meta\/emelec\" target=\"_blank\" rel=\"noopener noreferrer\" data-mrf-link=\"https:\/\/www.ecuavisa.com\/metadatos\/-\/meta\/emelec\">Emelec<\/a>\u00a0como agente libre\u00a0<\/b>para la pr\u00f3xima temporada, despu\u00e9s de no llegar a un acuerdo con la directiva para renovar el contrato.<\/p>\n<p>Desde la directiva aseguraron que el<b>\u00a0<a href=\"https:\/\/www.ecuavisa.com\/deportes\/futbol-nacional\/diogo-bagui-exige-sueldo-usd-25-000-mensuales-negociaba-otros-clubes-directivo-emelec-CC10127432\" target=\"_blank\" rel=\"noopener noreferrer\" data-mrf-link=\"https:\/\/www.ecuavisa.com\/deportes\/futbol-nacional\/diogo-bagui-exige-sueldo-usd-25-000-mensuales-negociaba-otros-clubes-directivo-emelec-CC10127432\">defensor ped\u00eda USD 25 000 mensuales<\/a>\u00a0y un pago de USD 250 000<\/b> para extender su contrato por m\u00e1s temporada<\/p>\n<p>por lo que no llegaron a un acuerdo.<\/p>\n<p>El jugador de 20 a\u00f1os\u00a0<b>no fue convocado por Emelec para disputar el \u00faltimo encuentro\u00a0<\/b>ante el Deportivo Cuenca, al igual que\u00a0<a href=\"https:\/\/www.ecuavisa.com\/deportes\/futbol-nacional\/jaime-ayovi-baja-emelec-deportivo-cuenca-acabo-contrato-GM10585560\" target=\"_blank\" rel=\"noopener noreferrer\" data-mrf-link=\"https:\/\/www.ecuavisa.com\/deportes\/futbol-nacional\/jaime-ayovi-baja-emelec-deportivo-cuenca-acabo-contrato-GM10585560\">Jaime Ayov\u00ed, quien tambi\u00e9n <\/a><\/p>\n<p><a href=\"https:\/\/www.ecuavisa.com\/deportes\/futbol-nacional\/jaime-ayovi-baja-emelec-deportivo-cuenca-acabo-contrato-GM10585560\" target=\"_blank\" rel=\"noopener noreferrer\" data-mrf-link=\"https:\/\/www.ecuavisa.com\/deportes\/futbol-nacional\/jaime-ayovi-baja-emelec-deportivo-cuenca-acabo-contrato-GM10585560\">acab\u00f3 su contrato<\/a>.<\/p>\n<p>De acuerdo a informaci\u00f3n del periodista Ronald Pin,\u00a0<b>Bag\u00fc\u00ed se convertir\u00e1 en nuevo jugador del Xolos de M\u00e9xico\u00a0<\/b>y ser\u00e1 compa\u00f1ero de Adonis Preciado para<\/p>\n<p>la pr\u00f3xima temporada.<\/p>\n<p>&nbsp;<\/p>\n<p>En esa transacci\u00f3n, Emelec no contar\u00e1 con un gran ingreso econ\u00f3mico al no tratarse de una venta, sino<b>\u00a0a las arcas del bombillo entrar\u00e1 el valor de los <\/b><\/p>\n<p><b>derechos formativos.<\/b><\/p>\n<p>En este a\u00f1o, Diogo disput\u00f3 36 partidos con Emelec, adem\u00e1s desde su debut en el 2023,\u00a0<b>Bag\u00fc\u00ed jug\u00f3 54 partidos y anot\u00f3 dos goles.<\/b><\/p>\n<p>El central no es el primer jugador confirmado que no seguir\u00e1 en el bombillo para el 2026, sino que se suma a<\/p>\n<p><b>Christian Cueva, Alfonso Barco, Alexander Gonz\u00e1lez y Jaime Ayov\u00ed<\/b>.<strong>(D)<\/strong><\/p>\n<p><strong>Fuente:<\/strong> evafm.net &#8211; ecuavisa.com<\/p>\n<div class=\"gsp_post_data\" \r\n\t            data-post_type=\"post\" \r\n\t            data-cat=\"deportes-ecuador\" \r\n\t            data-modified=\"120\"\r\n\t            data-created=\"1766323248\"\r\n\t            data-title=\"Diogo Bag\u00fc\u00ed se va gratis de Emelec y firmar\u00e1 con Xolos de M\u00e9xico\" \r\n\t            data-home=\"https:\/\/www.evafm.net\/sitio\"><\/div>","protected":false},"excerpt":{"rendered":"<p>Diogo Bag\u00fc\u00ed\u00a0va a salir de\u00a0Emelec\u00a0como agente libre\u00a0para la pr\u00f3xima temporada, despu\u00e9s de no llegar a un acuerdo con la directiva para renovar el contrato. Desde la directiva aseguraron que el\u00a0defensor ped\u00eda USD 25 000 mensuales\u00a0y un pago de USD 250 000 para extender su contrato por m\u00e1s temporada por lo que no llegaron a un&#8230;<\/p>\n","protected":false},"author":5,"featured_media":97241,"comment_status":"closed","ping_status":"open","sticky":false,"template":"","format":"standard","meta":{"_joinchat":[],"footnotes":""},"categories":[1557],"tags":[],"class_list":["post-97240","post","type-post","status-publish","format-standard","has-post-thumbnail","hentry","category-deportes-ecuador","have-post-thumb"],"_links":{"self":[{"href":"https:\/\/www.evafm.net\/sitio\/wp-json\/wp\/v2\/posts\/97240","targetHints":{"allow":["GET"]}}],"collection":[{"href":"https:\/\/www.evafm.net\/sitio\/wp-json\/wp\/v2\/posts"}],"about":[{"href":"https:\/\/www.evafm.net\/sitio\/wp-json\/wp\/v2\/types\/post"}],"author":[{"embeddable":true,"href":"https:\/\/www.evafm.net\/sitio\/wp-json\/wp\/v2\/users\/5"}],"replies":[{"embeddable":true,"href":"https:\/\/www.evafm.net\/sitio\/wp-json\/wp\/v2\/comments?post=97240"}],"version-history":[{"count":1,"href":"https:\/\/www.evafm.net\/sitio\/wp-json\/wp\/v2\/posts\/97240\/revisions"}],"predecessor-version":[{"id":97242,"href":"https:\/\/www.evafm.net\/sitio\/wp-json\/wp\/v2\/posts\/97240\/revisions\/97242"}],"wp:featuredmedia":[{"embeddable":true,"href":"https:\/\/www.evafm.net\/sitio\/wp-json\/wp\/v2\/media\/97241"}],"wp:attachment":[{"href":"https:\/\/www.evafm.net\/sitio\/wp-json\/wp\/v2\/media?parent=97240"}],"wp:term":[{"taxonomy":"category","embeddable":true,"href":"https:\/\/www.evafm.net\/sitio\/wp-json\/wp\/v2\/categories?post=97240"},{"taxonomy":"post_tag","embeddable":true,"href":"https:\/\/www.evafm.net\/sitio\/wp-json\/wp\/v2\/tags?post=97240"}],"curies":[{"name":"wp","href":"https:\/\/api.w.org\/{rel}","templated":true}]}}