{"id":97250,"date":"2025-12-21T14:46:25","date_gmt":"2025-12-21T19:46:25","guid":{"rendered":"https:\/\/www.evafm.net\/sitio\/?p=97250"},"modified":"2025-12-21T14:46:25","modified_gmt":"2025-12-21T19:46:25","slug":"javier-rabanal-pidio-fichar-a-dos-jugadores-de-independiente-del-valle-para-universitario-de-peru","status":"publish","type":"post","link":"https:\/\/www.evafm.net\/sitio\/javier-rabanal-pidio-fichar-a-dos-jugadores-de-independiente-del-valle-para-universitario-de-peru\/","title":{"rendered":"Javier Rabanal pidi\u00f3 fichar a dos jugadores de Independiente del Valle para Universitario de Per\u00fa"},"content":{"rendered":"<p><a href=\"https:\/\/www.ecuavisa.com\/metadatos\/-\/meta\/javier-rabanal\" target=\"_blank\" rel=\"noopener noreferrer\" data-mrf-link=\"https:\/\/www.ecuavisa.com\/metadatos\/-\/meta\/javier-rabanal\"><strong>Javie<\/strong>r<b>\u00a0Rabanal<\/b><\/a><b>\u00a0no seguir\u00e1 en\u00a0<a href=\"https:\/\/www.ecuavisa.com\/metadatos\/-\/meta\/independiente-del-valle\" target=\"_blank\" rel=\"noopener noreferrer\" data-mrf-link=\"https:\/\/www.ecuavisa.com\/metadatos\/-\/meta\/independiente-del-valle\">Independiente del Valle<\/a><\/b>\u00a0como entrenador para la pr\u00f3xima temporada y se unir\u00e1 al <strong>Universitario de Per\u00fa,<\/strong> por lo que ya empez\u00f3 la planificaci\u00f3n del plantel para el<strong> 2026<\/strong>.<\/p>\n<p>El entrenador espa\u00f1ol se consagr\u00f3 campe\u00f3n de la LigaPro y fue semifinalista de la Copa Sudamericana, pero\u00a0<b>la directiva rayada decidi\u00f3 separar sus caminos.<\/b><\/p>\n<p>Ahora, Rabanal ya tiene todo<b>\u00a0acordado para ser el nuevo director t\u00e9cnico del Universitario de Per\u00fa<\/b>, pero no ser\u00e1 el \u00fanico miembro de Independiente del Valle que se unir\u00e1 al crema.<\/p>\n<p>&nbsp;<\/p>\n<div class=\"paragraph\">\n<p>Seg\u00fan informaci\u00f3n del periodista Danex Jacome,\u00a0<b>Michael Hoyos va a firmar como agente libre con Universitario<\/b>, tras el\u00a0<a href=\"https:\/\/www.ecuavisa.com\/deportes\/futbol-nacional\/javier-rabanal-deja-independiente-del-valle-tecnico-universitario-de-peru-EB10556561\" target=\"_blank\" rel=\"noopener noreferrer\" data-mrf-link=\"https:\/\/www.ecuavisa.com\/deportes\/futbol-nacional\/javier-rabanal-deja-independiente-del-valle-tecnico-universitario-de-peru-EB10556561\">pedido de<strong> Javier Rabanal<\/strong> a la directiva<\/a>\u00a0para su traspaso.<\/p>\n<p>El<b>\u00a0atacante tuvo un rol importante en el plantel\u00a0<\/b>rayado con el director t\u00e9cnico espa\u00f1ol, por lo que los dos se unir\u00e1n al f\u00fatbol peruano en el 2026.<\/p>\n<p><b><a href=\"https:\/\/www.ecuavisa.com\/deportes\/futbol-nacional\/independiente-del-valle-analiza-dejar-salir-libres-tres-futbolistas-2026-GC10474637\" target=\"_blank\" rel=\"noopener noreferrer\" data-mrf-link=\"https:\/\/www.ecuavisa.com\/deportes\/futbol-nacional\/independiente-del-valle-analiza-dejar-salir-libres-tres-futbolistas-2026-GC10474637\">Hoyos acab\u00f3 su contrato con Independiente del Valle<\/a>\u00a0<\/b>y la directiva decidi\u00f3 no renovar su contrato, entonces acompa\u00f1ar\u00e1 a Rabanal al crema.<\/p>\n<p>Adem\u00e1s, desde la prensa peruana aseguran que<b>\u00a0Universitario negocia con Emerson Pata<\/b>, de Independiente del Valle como agente libre. <strong>(D)<\/strong><\/p>\n<p><strong>Fuente<\/strong>: evafm.net &#8211; ecuavisa.com<\/p>\n<\/div>\n<div class=\"multimediaMacroWrapper\">\n<div class=\"contentMedia art-img\">\n<figure class=\"cutlineShow\">\n<div><\/div>\n<\/figure>\n<\/div>\n<\/div>\n<div class=\"gsp_post_data\" \r\n\t            data-post_type=\"post\" \r\n\t            data-cat=\"deportes-internacionales\" \r\n\t            data-modified=\"120\"\r\n\t            data-created=\"1766328385\"\r\n\t            data-title=\"Javier Rabanal pidi\u00f3 fichar a dos jugadores de Independiente del Valle para Universitario de Per\u00fa\" \r\n\t            data-home=\"https:\/\/www.evafm.net\/sitio\"><\/div>","protected":false},"excerpt":{"rendered":"<p>Javier\u00a0Rabanal\u00a0no seguir\u00e1 en\u00a0Independiente del Valle\u00a0como entrenador para la pr\u00f3xima temporada y se unir\u00e1 al Universitario de Per\u00fa, por lo que ya empez\u00f3 la planificaci\u00f3n del plantel para el 2026. El entrenador espa\u00f1ol se consagr\u00f3 campe\u00f3n de la LigaPro y fue semifinalista de la Copa Sudamericana, pero\u00a0la directiva rayada decidi\u00f3 separar sus caminos. Ahora, Rabanal ya&#8230;<\/p>\n","protected":false},"author":5,"featured_media":97251,"comment_status":"closed","ping_status":"open","sticky":false,"template":"","format":"standard","meta":{"_joinchat":[],"footnotes":""},"categories":[1342],"tags":[],"class_list":["post-97250","post","type-post","status-publish","format-standard","has-post-thumbnail","hentry","category-deportes-internacionales","have-post-thumb"],"_links":{"self":[{"href":"https:\/\/www.evafm.net\/sitio\/wp-json\/wp\/v2\/posts\/97250","targetHints":{"allow":["GET"]}}],"collection":[{"href":"https:\/\/www.evafm.net\/sitio\/wp-json\/wp\/v2\/posts"}],"about":[{"href":"https:\/\/www.evafm.net\/sitio\/wp-json\/wp\/v2\/types\/post"}],"author":[{"embeddable":true,"href":"https:\/\/www.evafm.net\/sitio\/wp-json\/wp\/v2\/users\/5"}],"replies":[{"embeddable":true,"href":"https:\/\/www.evafm.net\/sitio\/wp-json\/wp\/v2\/comments?post=97250"}],"version-history":[{"count":1,"href":"https:\/\/www.evafm.net\/sitio\/wp-json\/wp\/v2\/posts\/97250\/revisions"}],"predecessor-version":[{"id":97252,"href":"https:\/\/www.evafm.net\/sitio\/wp-json\/wp\/v2\/posts\/97250\/revisions\/97252"}],"wp:featuredmedia":[{"embeddable":true,"href":"https:\/\/www.evafm.net\/sitio\/wp-json\/wp\/v2\/media\/97251"}],"wp:attachment":[{"href":"https:\/\/www.evafm.net\/sitio\/wp-json\/wp\/v2\/media?parent=97250"}],"wp:term":[{"taxonomy":"category","embeddable":true,"href":"https:\/\/www.evafm.net\/sitio\/wp-json\/wp\/v2\/categories?post=97250"},{"taxonomy":"post_tag","embeddable":true,"href":"https:\/\/www.evafm.net\/sitio\/wp-json\/wp\/v2\/tags?post=97250"}],"curies":[{"name":"wp","href":"https:\/\/api.w.org\/{rel}","templated":true}]}}